{"id":6415,"date":"2022-04-26T10:58:15","date_gmt":"2022-04-26T10:58:15","guid":{"rendered":"http:\/\/www.movimientocaamanista.com\/?p=6415"},"modified":"2022-04-26T10:58:16","modified_gmt":"2022-04-26T10:58:16","slug":"amlo-y-el-fortalecimiento-del-sector-publico","status":"publish","type":"post","link":"http:\/\/www.movimientocaamanista.com\/?p=6415","title":{"rendered":"AMLO y el fortalecimiento del sector p\u00fablico"},"content":{"rendered":"\n<p>Miguel \u00c1ngel Ferrer<\/p>\n\n\n\n<p>Fuente: <a href=\"https:\/\/rebelion.org\/amlo-y-el-fortalecimiento-del-sector-publico\/\">Rebeli\u00f3n<\/a><\/p>\n\n\n\n<p>Hasta para el m\u00e1s superficial observador de la cosa p\u00fablica mexicana es evidente que la llegada de L\u00f3pez Obrador a Palacio Nacional signific\u00f3 el fin del ciclo perverso de las privatizaciones de los bienes p\u00fablicos.<\/p>\n\n\n\n<p>Y tambi\u00e9n es evidente, aunque quiz\u00e1 no tanto, que se ha iniciado un ciclo de signo contrario.<\/p>\n\n\n\n<p>Este cambio de ciclo ha tenido un resultado neto: la p\u00e9rdida de fuerza e influencia del sector privado de la econom\u00eda y el fortalecimiento y la ampliaci\u00f3n del sector p\u00fablico.<\/p>\n\n\n\n<p>Este cambio de ciclo se ha logrado sin acudir a los injustamente satanizados expedientes de las nacionalizaciones y, menos a\u00fan, de las expropiaciones. El gobierno de L\u00f3pez Obrador ha optado simplemente por el fortalecimiento de los exang\u00fces restos de la propiedad p\u00fablica, como es el caso del antiguo Banco del Ahorro Nacional hoy convertido en Banco del Bienestar. Y como lo es igualmente el caso del derecho de v\u00eda de los antiguos ferrocarriles nacionales.<\/p>\n\n\n\n<p>Pero el gobierno de L\u00f3pez Obrador tambi\u00e9n se est\u00e1 valiendo del recurso de la creaci\u00f3n de nuevas empresas de propiedad p\u00fablica, como es el caso del consorcio ferrocarrilero que, adscrito a la Secretar\u00eda de la Defensa Nacional, se har\u00e1 cargo de la gesti\u00f3n del Tren Maya.<\/p>\n\n\n\n<p>En este mismo sentido de ampliaci\u00f3n y fortalecimiento del sector p\u00fablico marchan las pol\u00edticas de salud y de educaci\u00f3n. Una mayor participaci\u00f3n del Estado implica necesariamente una menor cuota de capital privado.&nbsp;<br>Otro notorio avance en este sentido es la suspensi\u00f3n del otorgamiento de concesiones mineras. Con esta medida se ha puesto fin a una inmensa fuente de poder econ\u00f3mico del capital privado nacional y, sobre todo, extranjero.<\/p>\n\n\n\n<p>Tambi\u00e9n en este sentido marcha la propuesta obradorista de nueva Ley Minera, la que establece la exclusividad del Estado en la propiedad y explotaci\u00f3n del litio. Una medida semejante en trascendencia econ\u00f3mica y pol\u00edtica a la expropiaci\u00f3n petrolera, s\u00f3lo que sin expropiaci\u00f3n. De este modo se ha cerrado desde la cuna la que ser\u00eda un generosa fuente de poder econ\u00f3mico y pol\u00edtico para el capital privado.<\/p>\n\n\n\n<p>Con m\u00e1s altas que bajas, la tendencia al fortalecimiento del sector estatal de la econom\u00eda es n\u00edtida e innegable. Y para los pr\u00f3ximos a\u00f1os nada hay que indique que la tendencia cambiar\u00e1. A menos, claro est\u00e1, que la derecha logre desplazar al obradorismo de Palacio Nacional.&nbsp;<\/p>\n\n\n\n<p>Entre el avance y el retroceso la lucha se dar\u00e1 en la arena electoral. Pero hasta ahora tampoco se ven se\u00f1ales de cambio en las tendencias electorales: un tercio para la derecha y dos tercios para el obradorismo.&nbsp;<\/p>\n","protected":false},"excerpt":{"rendered":"<p>Miguel \u00c1ngel Ferrer Fuente: Rebeli\u00f3n Hasta para el m\u00e1s superficial observador de la cosa p\u00fablica mexicana es evidente que la llegada de L\u00f3pez Obrador a Palacio Nacional signific\u00f3 el fin del ciclo perverso de las privatizaciones de los bienes p\u00fablicos. Y tambi\u00e9n es evidente, aunque quiz\u00e1 no tanto, que se ha iniciado un ciclo de [&hellip;]<\/p>\n","protected":false},"author":1,"featured_media":5249,"comment_status":"open","ping_status":"open","sticky":false,"template":"","format":"standard","meta":{"footnotes":""},"categories":[5,3],"tags":[],"_links":{"self":[{"href":"http:\/\/www.movimientocaamanista.com\/index.php?rest_route=\/wp\/v2\/posts\/6415"}],"collection":[{"href":"http:\/\/www.movimientocaamanista.com\/index.php?rest_route=\/wp\/v2\/posts"}],"about":[{"href":"http:\/\/www.movimientocaamanista.com\/index.php?rest_route=\/wp\/v2\/types\/post"}],"author":[{"embeddable":true,"href":"http:\/\/www.movimientocaamanista.com\/index.php?rest_route=\/wp\/v2\/users\/1"}],"replies":[{"embeddable":true,"href":"http:\/\/www.movimientocaamanista.com\/index.php?rest_route=%2Fwp%2Fv2%2Fcomments&post=6415"}],"version-history":[{"count":1,"href":"http:\/\/www.movimientocaamanista.com\/index.php?rest_route=\/wp\/v2\/posts\/6415\/revisions"}],"predecessor-version":[{"id":6416,"href":"http:\/\/www.movimientocaamanista.com\/index.php?rest_route=\/wp\/v2\/posts\/6415\/revisions\/6416"}],"wp:featuredmedia":[{"embeddable":true,"href":"http:\/\/www.movimientocaamanista.com\/index.php?rest_route=\/wp\/v2\/media\/5249"}],"wp:attachment":[{"href":"http:\/\/www.movimientocaamanista.com\/index.php?rest_route=%2Fwp%2Fv2%2Fmedia&parent=6415"}],"wp:term":[{"taxonomy":"category","embeddable":true,"href":"http:\/\/www.movimientocaamanista.com\/index.php?rest_route=%2Fwp%2Fv2%2Fcategories&post=6415"},{"taxonomy":"post_tag","embeddable":true,"href":"http:\/\/www.movimientocaamanista.com\/index.php?rest_route=%2Fwp%2Fv2%2Ftags&post=6415"}],"curies":[{"name":"wp","href":"https:\/\/api.w.org\/{rel}","templated":true}]}}