{"id":6417,"date":"2022-04-26T11:01:20","date_gmt":"2022-04-26T11:01:20","guid":{"rendered":"http:\/\/www.movimientocaamanista.com\/?p=6417"},"modified":"2022-04-26T11:01:22","modified_gmt":"2022-04-26T11:01:22","slug":"zonas-de-pobreza-en-el-salvador-el-terror-de-las-maras-y-del-regimen","status":"publish","type":"post","link":"http:\/\/www.movimientocaamanista.com\/?p=6417","title":{"rendered":"Zonas de pobreza en El Salvador: el terror de las maras y del r\u00e9gimen"},"content":{"rendered":"\n<p>Dieter Dr\u00fcssel<\/p>\n\n\n\n<p>Fuente: <a href=\"https:\/\/rebelion.org\/zonas-de-pobreza-en-el-salvador-el-terror-de-las-maras-y-del-regimen\/\">Rebeli\u00f3n<\/a><\/p>\n\n\n\n<p>Las fuerzas pro-fascistas tambi\u00e9n est\u00e1n avanzando en El Salvador. El ej\u00e9rcito se convierte en un instrumento de control de una poblaci\u00f3n \u00absospechosa\u00bb, los pobres.<\/p>\n\n\n\n<p>Los derechos fundamentales est\u00e1n \u00absuspendidos\u00bb. Desde el m\u00e1s alto nivel se celebra la completa impunidad de las fuerzas de seguridad. La poblaci\u00f3n \u00absospechosa\u00bb se encuentra entre el terror de las maras y el del Estado.<\/p>\n\n\n\n<p>Durante el \u00faltimo fin de semana de marzo fueron asesinadas 87 personas, 14 el viernes, 62 el s\u00e1bado y otras 11 el domingo. Antes del amanecer del domingo, el Presidente Nayib Bukele orden\u00f3 el estado de excepci\u00f3n, incluida la suspensi\u00f3n de los derechos fundamentales, que fue acatado inmediatamente por su mayor\u00eda parlamentaria. El mi\u00e9rcoles siguiente, a instancias de Bukele, la misma camarilla aprob\u00f3 siete reformas legislativas y un mecanismo de pago de las \u00abinformaciones\u00bb de la poblaci\u00f3n. El 5 de abril, Bukele decret\u00f3 a trav\u00e9s del parlamento: cualquiera que publique mensajes de maras -ya sea en los medios de comunicaci\u00f3n o en las redes sociales- ser\u00e1 condenado a entre 10 y 15 a\u00f1os de c\u00e1rcel.&nbsp;&nbsp;<\/p>\n\n\n\n<p>\u00abSuspendidos\u00bb est\u00e1n la libertad de reuni\u00f3n y asociaci\u00f3n, el derecho a una abogada, el l\u00edmite de 7 d\u00edas para la detenci\u00f3n policial, la autorizaci\u00f3n judicial para la vigilancia de las comunicaciones (tel\u00e9fonos m\u00f3viles, etc.). El ej\u00e9rcito y la polic\u00eda pueden detener a personas que les parecen \u00absospechosas\u00bb sin justificaci\u00f3n.&nbsp;<a href=\"https:\/\/www.laprensagrafica.com\/elsalvador\/Presentan-9-iniciativas-de-Bukele-para-reforzar-el-combate-contra-las-pandillas-a-discutirse-en-sesion-plenaria-extraordinaria-20220330-0039.html\">Cambios de leyes<\/a>: El t\u00e9rmino asociaci\u00f3n il\u00edcita se extiende a cualquier grupo de tres o m\u00e1s personas que tenga un prop\u00f3sito ilegal. Los miembros reciben entre 20 y 30 a\u00f1os de prisi\u00f3n, los jefes o financieros entre 40 y 45 a\u00f1os. Se suprime el plazo de la prisi\u00f3n preventiva sin sustituirlo en casos como la asociaci\u00f3n il\u00edcita o la planificaci\u00f3n de delitos. Los miembros de asociaciones il\u00edcitas de 12 a 16 a\u00f1os recibir\u00e1n hasta 10 a\u00f1os de prisi\u00f3n, los de 16 a 18 a\u00f1os hasta 20 a\u00f1os. La nueva figura de los \u00abjueces an\u00f3nimos\u00bb introduce un sistema de justicia secreta.<\/p>\n\n\n\n<p>Desde que asumi\u00f3 la presidencia hace casi tres a\u00f1os, Bukele se ha anotado puntos de propaganda con la gente vejada por el terror marero como \u00abduro luchador\u00bb contra las bandas. Seg\u00fan las cifras oficiales, opacas, la tasa de asesinatos ha descendido masivamente en los a\u00f1os de Bukele. Pero tambi\u00e9n est\u00e1n los miles de desaparecidos: muchos cuerpos yacen en fosas comunes clandestinas. Ya en los dos \u00faltimos a\u00f1os se han producido dos explosiones suprarregionales de cifras de asesinatos, as\u00ed es como las maras \u00abnegocian\u00bb con el gobierno. Es de suponer que una explosi\u00f3n as\u00ed del a\u00f1o pasado fue para evitar las solicitudes de extradici\u00f3n de Estados Unidos, ya aprobadas por la justicia, de una docena de miembros de la c\u00fapula de la MS-13, la mayor mara. R\u00e1pidamente, la nueva mayor\u00eda del Tribunal Supremo nombrada por Bukele detuvo estas extradiciones, oficialmente por la preocupaci\u00f3n por la falta de protecci\u00f3n de los derechos humanos en el sistema penitenciario estadounidense. En cambio, algunos de los cuadros dirigentes de la Mara 13 exigidos por Estados Unidos han sido&nbsp;<a href=\"https:\/\/es.insightcrime.org\/noticias\/el-salvador-mantiene-inactivos-libertad-ms13-extraditables\/\">puestos en libertad<\/a>&nbsp;en los \u00faltimos meses, a pesar de las condenas de prisi\u00f3n, en algunos casos de d\u00e9cadas. Hay pruebas de grandes acuerdos entre Bukule y las maras.<\/p>\n\n\n\n<p><strong>La pol\u00edtica del miedo<\/strong><\/p>\n\n\n\n<p>Seg\u00fan la polic\u00eda, la mayor\u00eda de las v\u00edctimas aquel fin de semana de marzo fueron elegidas \u00aba ciegas\u00bb, es decir, al azar. El mensaje: si sal\u00eds a la calle, te pueden matar. Bukele vende el militarismo y el estado de excepci\u00f3n como la respuesta. Pero para detener mareros e intervenir sus comunicaciones no ser\u00eda necesario un estado de excepci\u00f3n, ya est\u00e1n las facultades legales. \u00bfAutorizaci\u00f3n judicial para controlar las comunicaciones mareras? Espera de menos de 24 horas. \u00bfIdentificado como miembro de la mara? Tu detenci\u00f3n es obligaci\u00f3n por ley.<\/p>\n\n\n\n<p>Pero a Bukele no le interesa la lucha contra la mara, sino utilizar el problema marero para imponer en El Salvador un estado mafioso militarizado. Esta mirada puede aclarar varias operaciones del r\u00e9gimen como los pagos a las maras, el intento de introducir el bitcoin como moneda nacional para optimizar el negocio de las mafias internacionales, la igualaci\u00f3n del Estado desde la oficina del defensor del pueblo hasta el parlamento y, por ejemplo, las administraciones municipales, la glorificaci\u00f3n y la impunidad del ej\u00e9rcito y la polic\u00eda \u00abcivil\u00bb siempre m\u00e1s un anexo a la fuerza armada, las amenazas contra cualquier oposici\u00f3n (tambi\u00e9n a trav\u00e9s de mareros), etc.<\/p>\n\n\n\n<p>Desde la declaraci\u00f3n del estado de excepci\u00f3n, unas 9.000 personas han sido detenidas como miembros de la Mara, seg\u00fan el gobierno. Como ya ocurriera con motivo de una \u00abrepentina\u00bb serie de asesinatos en 2020, el bukelismo vuelve a recurrir a instrumentos fascistas, pero hoy de forma a\u00fan m\u00e1s descarada. Es que mucha gente atormentada por las maras pronuncia frases como \u00abfusilen a todos, ahora\u00bb. Suelen ser expresiones nacidas de la impotencia, del miedo y de la rabia ante el terror marero. Bukele aprovecha esas expresiones y trata de darles un giro fascista y explotarlas. Si en eso va a tener \u00e9xito o al contrario se perjudica es una cuesti\u00f3n abierta. Para ilustraci\u00f3n algunos tuits del presidente del Estado:<\/p>\n\n\n\n<p><a href=\"https:\/\/twitter.com\/nayibbukele\/status\/1507890917138653188?t=62uH7H2JfW_QY1D1IS7Z6Q&amp;s=19\">27 de marzo<\/a>:&nbsp;<em>\u00abLa&nbsp;<a href=\"https:\/\/twitter.com\/PNCSV\">@PNCSV<\/a>&nbsp;y la&nbsp;<a href=\"https:\/\/twitter.com\/FUERZARMADASV\">@FUERZARMADASV<\/a>&nbsp;deben dejar que los agentes y los soldados hagan su trabajo y deben defenderlos de las acusaciones de quienes protegen a los pandilleros.<\/em>\u201d (Va dirigido a miembros de la oposici\u00f3n, grupos de derechos humanos y otros.)&nbsp;<a href=\"https:\/\/mobile.twitter.com\/nayibbukele\/status\/1508278475026845696\">28 de marzo<\/a>:&nbsp;<em>\u00ab(\u2026) yo no le quitar\u00e9 presupuesto a las escuelas para darle de comer a estos terroristas. Vamos a racionar la misma comida que se da ahora y de ah\u00ed comer\u00e1n los nuevos tambi\u00e9n.\u201d<\/em>&nbsp;<a href=\"https:\/\/twitter.com\/nayibbukele\/status\/1508543617970933761?t=kQ4Ovxi4NKVGLElZMxvfAQ&amp;s=19\">29 de marzo<\/a>: (Homeboys: autodenominaci\u00f3n de los miembros de la banda):&nbsp;<em>\u00abTenemos 16,000 \u201chomeboys\u201d en nuestro poder. Aparte de los 1,000 arrestados en estos d\u00edas. Les decomisamos todo, hasta las colchonetas para dormir, les racionamos la comida y ahora ya no ver\u00e1n el sol. PAREN DE MATAR YA o ellos la van a pagar tambi\u00e9n.\u201d<\/em>&nbsp;Adjunto al tuit un video sad\u00edstico sobre como maltratan a los presos).&nbsp;<a href=\"https:\/\/twitter.com\/nayibbukele\/status\/1509762961874858009?t=xlYE5pZY_reISS-p57_u9Q&amp;s=19\">Primero de abril<\/a>: (Comentando un informe policial seg\u00fan el cual \u00ab2 terroristas atacaron a nuestros agentes y soldados\u00bb y luego se tiraron al suelo \u00abpara guardar las apariencias\u00bb:&nbsp;<em>\u00abClaramente se ve que uno de ellos estaba comiendo papitas con ketchup.\u00bb<\/em>&nbsp;Aqu\u00ed la foto que acompa\u00f1a el tuit:<\/p>\n\n\n\n<figure class=\"wp-block-image\"><a href=\"https:\/\/blogger.googleusercontent.com\/img\/b\/R29vZ2xl\/AVvXsEiQfh-Ajvcn4wU3RzPGlhdMA-fz5QO2gTYYEFNaRlEY70mxZ7uas6VJGe3dfBIkzr4WuocjuTavZDzs5smvYUsuqarLsQjDgrr6F0p1tUdU7LVlo4ZUf8Y47fma3TvDAVir9gjWxzfaEyQ2nlQPaEfUoV9UK9K5Eq7fDNP5KcgH2NfbAN7JaMZXLmb7\/s320\/asesinado.jpg\"><img decoding=\"async\" src=\"https:\/\/blogger.googleusercontent.com\/img\/b\/R29vZ2xl\/AVvXsEiQfh-Ajvcn4wU3RzPGlhdMA-fz5QO2gTYYEFNaRlEY70mxZ7uas6VJGe3dfBIkzr4WuocjuTavZDzs5smvYUsuqarLsQjDgrr6F0p1tUdU7LVlo4ZUf8Y47fma3TvDAVir9gjWxzfaEyQ2nlQPaEfUoV9UK9K5Eq7fDNP5KcgH2NfbAN7JaMZXLmb7\/s1600\/asesinado.jpg\" alt=\"\"\/><\/a><\/figure>\n\n\n\n<p>&nbsp;<a href=\"https:\/\/twitter.com\/nayibbukele\/status\/1510458427864199172?t=WD8o05vgHVZHPcrKpXVrNQ&amp;s=19\">3 de abril<\/a>:&nbsp;<em>\u00abPero si incrementan homicidios, eliminaremos totalmente la alimentaci\u00f3n en los centros penales de pandilleros. Y ahora hay m\u00e1s de 5,000 nuevos inquilinos (arrestados en estos 7 d\u00edas de r\u00e9gimen de excepci\u00f3n). Todo arrestado ir\u00e1 a vivir el mismo r\u00e9gimen, por 30 a\u00f1os.\u201d<\/em><\/p>\n\n\n\n<p><strong>Control de la poblaci\u00f3n<\/strong><\/p>\n\n\n\n<p>Como he dicho, la represi\u00f3n de las maras no requerir\u00eda la suspensi\u00f3n de los derechos fundamentales. Se trata de otra cosa, del control de la poblaci\u00f3n \u201csospechosa\u201d, o sea pobre en una situaci\u00f3n en la que las explosiones de asesinatos sirven tambi\u00e9n para encubrir una espiral de empobrecimiento masivo. Es significativo: el decreto parlamentario no menciona que se suspenda la prohibici\u00f3n de los registros domiciliarios sin orden judicial. Pero est\u00e1n ahora est\u00e1n a la orden del d\u00eda. Tampoco afecta al derecho a la libertad de circulaci\u00f3n, simplemente que no existe en la pr\u00e1ctica. Muchas zonas de las clases bajas est\u00e1n ocupadas por la polic\u00eda y el ej\u00e9rcito. Cualquiera que quiera salir o entrar est\u00e1, si se le autoriza, fichado. Pero por la noche, parece, los militares y los polic\u00edas&nbsp;<a href=\"https:\/\/elfaro.net\/es\/202204\/el_salvador\/26112\/Recorrido-por-una-capital-bajo-R%C3%A9gimen-de-Excepci%C3%B3n.htm\">abandonan las zonas<\/a>&nbsp;en algunos lugares, lo que significa que las maras vuelven a tomar el control (lo que arroja luz sobre el aspecto propagand\u00edstico de la pol\u00edtica del gobierno). Todos los d\u00edas, familiares de los presos, casi siempre mujeres, se re\u00fanen frente a una bartolina central de la polic\u00eda, el penalito, esperando obtener informaci\u00f3n de las autoridades sobre el paradero de sus familiares. Las im\u00e1genes recuerdan a otras de la guerra civil.<\/p>\n\n\n\n<p>En los medios (tradicionales y sociales) abundan&nbsp;<a href=\"https:\/\/www.elsalvador.com\/noticias\/nacional\/detenido-bukele-regimen-de-excepcion\/945323\/2022\/\">informaciones<\/a>&nbsp;sobre capturas de muchas personas sin relaci\u00f3n con las maras. Dejan claro, como tambi\u00e9n&nbsp;<a href=\"https:\/\/www.laprensagrafica.com\/elsalvador\/Policias-denuncian-irregularidades-en-solicitud-de-capturas-20220411-0086.html\">informaciones de adentro de la polic\u00eda<\/a>, que las fuerzas de seguridad tienen que cumplir cuotas de captura predeterminadas. Es otro elemento para hacernos entender que una cr\u00edtica del r\u00e9gimen \u00fanicamente en t\u00e9rminos de la separaci\u00f3n de poderes violada en el Estado. Esto no es err\u00f3neo, pero pasa por alto el contenido social de, por ejemplo, las detenciones masivas arbitrarias. El grupo que rodea al clan Bukele es mafioso y de orientaci\u00f3n neoliberal. La dominaci\u00f3n violenta de las clases bajas, ya sea mediante el terror criminal o militar, forma parte del \u00abplan de negocios\u00bb. M\u00e1s a\u00fan en un momento en el que los precios de los art\u00edculos de primera necesidad se disparan, el r\u00e9gimen apenas puede encubrir sus dificultades presupuestarias, los prometidos flujos de dinero cibern\u00e9tico no parecen materializarse, los pagos de dinero de protecci\u00f3n a las mafias en las zonas de clase baja exacerban la pobreza\u2026<\/p>\n\n\n\n<p>Tras un probable nuevo acuerdo del gobierno con las maras, se supone que \u00e9stas volver\u00e1n a garantizar la \u00abcalma\u00bb en las zonas de pobreza. Por supuesto, algunas de las personas ahora detenidas estar\u00e1n en estructuras de mara. Pero muchas no. He aqu\u00ed la historia del trabajador, \u00abdesaparecido\u00bb en la&nbsp;<em>black box<\/em>&nbsp;de las fuerzas de seguridad por andar en la calle sin celular. Su hija le dijo que, como analfabeto, no ten\u00eda celular, pero que, como diab\u00e9tico, necesitaba urgentemente una medicaci\u00f3n. La vendedora informal, de camino al trabajo sin certificado de trabajo y, por tanto, capturada. La mujer de camino a la tienda de la esquina\u2026 arrestada. El carpintero, pillado por no tener el recibo de su celular. La historia de los trabajadores de la empresa de Caf\u00e9 1200 que quer\u00edan volver a casa en el carro de la empresa y fueron atrapados por el ej\u00e9rcito. Las quejas de la gente de que apenas pueden dormir por miedo a que les recogieran en casa por la ma\u00f1ana como a otros vecinos. La muerte de Walter Sandoval, detenido el 3 de abril cuando volv\u00eda a casa despu\u00e9s de una partido de f\u00fatbol. Al d\u00eda siguiente, la polic\u00eda lleva su cad\u00e1ver al hospital con marcas de tortura. Presuntamente asesinado por sus compa\u00f1eros en el penal especial de Izalco. La familia exige una aclaraci\u00f3n.<\/p>\n\n\n\n<p>Los trabajadores del Caf\u00e9 2000 fueron liberados porque el jefe de la empresa inici\u00f3 una campa\u00f1a publicitaria en Twitter. No porque el poder judicial haya funcionado correctamente. En las zonas rurales tambi\u00e9n hay mucho acoso y detenciones. Poca gente all\u00ed conoce Twitter.<\/p>\n\n\n\n<p><strong>Los jueces al banquillo, la prensa a callar<\/strong><\/p>\n\n\n\n<p>Casi a diario, Bukele, en su calidad de juez supremo del pa\u00eds, dicta su sentencia contra los detenidos bajo el estado de excepci\u00f3n. Por ejemplo, en su&nbsp;<a href=\"https:\/\/twitter.com\/nayibbukele\/status\/1510016294304854030?t=q4Y_hYdZN246p7xAPXLrxA&amp;s=19\">comentario<\/a>&nbsp;sobre un informe policial sobre la captura de&nbsp;<em>\u00ab21 terroristas\u00bb: \u00ab30 a\u00f1os para cada uno\u00bb<\/em>. El 1 de abril,&nbsp;<a href=\"https:\/\/twitter.com\/nayibbukele\/status\/1509902540833538049?t=mSQjrkfuS41GVFijkKKtAA&amp;s=19\">ordena<\/a>&nbsp;al Tribunal Supremo el traslado de un juez que hab\u00eda querido liberar a 42 mareros:&nbsp;<em>\u00abHago un llamado a la Corte Suprema de Justicia a remover a los jueces c\u00f3mplices del crimen organizado. Tambi\u00e9n hago un llamado a la&nbsp;<a href=\"https:\/\/twitter.com\/FGR_SV\">@FGR_SV<\/a>&nbsp;a investigar los posibles nexos de este juez con el crimen organizado y las estructuras terroristas.\u201d<\/em>&nbsp;Ese mismo d\u00eda, el Tribunal Supremo&nbsp;<a href=\"https:\/\/www.laprensagrafica.com\/elsalvador\/Remueven-a-juez-desde-San-Salvador-hasta-Ilobasco-despues-de-ser-senalado-por-Bukele-20220401-0049.html\">obedeci\u00f3<\/a>&nbsp;y traslad\u00f3 al juez Godofredo Salazar. El d\u00eda anterior hab\u00eda absuelto a 42 acusados en el contexto de la Mara 18, porque la acusaci\u00f3n se basaba en un testigo criteriado cuyo testimonio Salazar calific\u00f3 de contradictorio y posiblemente deliberadamente falso, seg\u00fan los medios de comunicaci\u00f3n. Ahora bien, suele haber bastantes jueces que dejan ir a los mareros por miedo o por una cuota. S\u00f3lo que otra sentencia de Salazar explica de forma m\u00e1s convincente el odio de Bukele hacia el hombre. El 4 de marzo, Salazar&nbsp;<a href=\"https:\/\/www.laprensagrafica.com\/elsalvador\/Condenan-a-27-anos-de-prision-a-Norma-Aguirre-senalada-por-gestionar-bonos-a-favor-de-la-pandilla-18-en-el-centro-de-San-Salvador-20220304-0051.html\">conden\u00f3<\/a>&nbsp;a cientos de a\u00f1os de prisi\u00f3n a un grupo de la Mara 18, entre los que se encontraba la l\u00edder de un \u00absindicato\u00bb mafioso de vendedores del mercado, Norma Aguirre (sentencia: 27 a\u00f1os). Esta persona notoria fue condenada por coorganizar la extorsi\u00f3n de la llamada renta para la Mara 18 en el mercado central y por canalizar lay mayor parte de las subvenciones de la pandemia, supuestamente dirigidas a los miembros de su grupo, a esa mara. En el juicio, un fiscal que Bukele a\u00fan no hab\u00eda mandado a que lo despidieran revel\u00f3 los estrechos v\u00ednculos de Aguirre con el ministro de Trabajo, Rolando Castro, a trav\u00e9s del cual hab\u00edan pasado las \u00abayudas pand\u00e9micas\u00bb a la 18. Castro, un peso pesado en el gabinete, hab\u00eda dirigido un sindicato de empleados p\u00fablicos, mucha veces matones militantemente antiizquierdistas. Este caso tambi\u00e9n desenmascara el show de enemistad de Bukele con las maras y recuerda intempestivamente el flujo de dinero del gobierno (300.000 d\u00f3lares para estar seguros) a las maras bajo el pretexto de la pandemia. (La sentencia de prisi\u00f3n para Aguirre fue convertida en arresto domiciliario s\u00fabito por otro tribunal).<\/p>\n\n\n\n<p>El&nbsp;<a href=\"https:\/\/www.elsalvador.com\/noticias\/nacional\/juzgados-rechazan-demanda-contra-jeannette-aguilar\/915302\/2022\/\">traslado<\/a>&nbsp;de la jueza Gladis Salgado a principios de enero pasado pertenece al mismo cap\u00edtulo. Un mes antes, hab\u00eda desestimado un caso contra Jeanette Aguilar presentado por un diputado de Bukele por un tweet supuestamente \u00abdifamatorio\u00bb. Aguilar, una experta con buenos contactos en los c\u00edrculos de seguridad, hab\u00eda denunciado repetidamente elementos de los pactos del r\u00e9gimen con las maras. La jueza de instrucci\u00f3n Edelmira Flores tambi\u00e9n fue&nbsp;<a href=\"https:\/\/www.laprensagrafica.com\/elsalvador\/Remueven-a-jueza-que-otorgo-medidas-alternas-a-la-detencion-para-Ramirez-Landaverde-20220127-0061.html\">trasladada<\/a>&nbsp;en enero pasado. Su delito castigado por el Tribunal Supremo: Hab\u00eda convertido la prisi\u00f3n preventiva del ex ministro de seguridad del FMLN, Mauricio Ram\u00edrez Landaverde, en arresto domiciliario. El bukelismo lo acusa con de haberse enriquecido con las tiendas internas de las c\u00e1rceles (en realidad, un proyecto de reintegraci\u00f3n de los y las presos).<\/p>\n\n\n\n<p>La orden de Bukele a su fiscal general de abrir una investigaci\u00f3n penal contra el juez Salazar por conexiones con el terrorismo es una nueva escalada tras la \u00ablimpieza\u00bb del poder judicial y la serie de traslados ordenados por Bukele hace meses. Espere a\u00fan m\u00e1s veredictos de conformidad con el gobierno\u2026 e informes de la prensa. En cuanto a la ley mordaza mencionada al principio, una periodista tuite\u00f3 que 12 colegas le hab\u00edan dicho despu\u00e9s que no quer\u00edan ir a la c\u00e1rcel\u2026 Una madre que esperaba fuera de la c\u00e1rcel de tr\u00e1nsito para obtener informaci\u00f3n sobre su hijo detenido le dijo a una periodista:&nbsp;<em>\u00abQue Dios os bendiga a los periodistas\u00bb<\/em>. Bukele acaba de calificar a un periodista que no es de su agrado como&nbsp;<em>\u201cbasura\u201d<\/em>.<\/p>\n\n\n\n<p><strong>Neoliberalismo mafioso<\/strong><\/p>\n\n\n\n<p>El rumbo mafioso neoliberal del r\u00e9gimen amenaza a todos los que no encajan. Ernesto Castro lo deja claro. En los a\u00f1os noventa, fue empleado de una discoteca de Bukele conocida por tr\u00e1fico de drogas y fue investigado por un periodo. Bajo la presidencia de Tony Saca fue elegido el fiscal general Safie, estrechamente relacionado con los narcos, quien cerr\u00f3 el caso. Hoy Castro es presidente del Parlamento. La Prensa Gr\u00e1fica escribe que sobre la proclamaci\u00f3n del estado de excepci\u00f3n, opin\u00f3&nbsp;<em>\u201cque va \u2018para los partidos de la esquina (\u2026) esos partidos que financian\u2019 a las estructuras criminales, refiri\u00e9ndose a los partidos de oposici\u00f3n.\u201d&nbsp;<\/em>Para relativizar las airadas posturas \u00abantiimperialistas\u00bb de su jefe (contra el Partido Dem\u00f3crata de EEUU y las organizaciones afines), el hombre&nbsp;<a href=\"https:\/\/diario.elmundo.sv\/politica\/ernesto-castro-le-dice-a-organismos-internacionales-que-si-no-van-ayudar-que-no-estorben\">justific\u00f3<\/a>&nbsp;la abolici\u00f3n de los derechos fundamentales de esta manera: \u00ab(\u2026)&nbsp;<em>\u201cy tambi\u00e9n nuestros buenos amigos de EEUU, el expresidente tambi\u00e9n de EEUU, Donald Trump tambi\u00e9n los declar\u00f3 a las maras como terroristas\u201d.<\/em><\/p>\n\n\n\n<p>La resistencia en las condiciones actuales ser\u00e1 muy dif\u00edcil. La coalici\u00f3n de organizaciones y movimientos sociales, el Bloque de Resistencia y Rebeld\u00eda Popular, ha convocado una gran protesta el 1 de mayo contra los ataques sociales y represivos a la poblaci\u00f3n pobre. Posteriormente, el ministro de Seguridad se refiri\u00f3 a una posible pr\u00f3rroga del estado de excepci\u00f3n por otro mes. Hasta ahora, el r\u00e9gimen buha buscado evitar un ataque frontal a las grandes movilizaciones de repudio. Se ha apoyado m\u00e1s en el crear alarmismo y confusi\u00f3n y en la represi\u00f3n menos visible. (Por ejemplo, en los grandes eventos del Bloque, los que llegan del interior en autobuses ya no s\u00f3lo son controlados y registrados, sino que los autobuses son confiscados: adi\u00f3s a los ingresos, adi\u00f3s al siguiente alquiler). Vista la nueva escalada fascista, no se sabe si el 1ro de Mayo trata de reprimir manu militar o si le apuesta a que el miedo provocado pueda m\u00e1s que la ira de los habitantes de las zonas \u00absospechosas\u00bb.<\/p>\n","protected":false},"excerpt":{"rendered":"<p>Dieter Dr\u00fcssel Fuente: Rebeli\u00f3n Las fuerzas pro-fascistas tambi\u00e9n est\u00e1n avanzando en El Salvador. El ej\u00e9rcito se convierte en un instrumento de control de una poblaci\u00f3n \u00absospechosa\u00bb, los pobres. Los derechos fundamentales est\u00e1n \u00absuspendidos\u00bb. Desde el m\u00e1s alto nivel se celebra la completa impunidad de las fuerzas de seguridad. La poblaci\u00f3n \u00absospechosa\u00bb se encuentra entre el [&hellip;]<\/p>\n","protected":false},"author":1,"featured_media":6418,"comment_status":"open","ping_status":"open","sticky":false,"template":"","format":"standard","meta":{"footnotes":""},"categories":[5,3],"tags":[],"_links":{"self":[{"href":"http:\/\/www.movimientocaamanista.com\/index.php?rest_route=\/wp\/v2\/posts\/6417"}],"collection":[{"href":"http:\/\/www.movimientocaamanista.com\/index.php?rest_route=\/wp\/v2\/posts"}],"about":[{"href":"http:\/\/www.movimientocaamanista.com\/index.php?rest_route=\/wp\/v2\/types\/post"}],"author":[{"embeddable":true,"href":"http:\/\/www.movimientocaamanista.com\/index.php?rest_route=\/wp\/v2\/users\/1"}],"replies":[{"embeddable":true,"href":"http:\/\/www.movimientocaamanista.com\/index.php?rest_route=%2Fwp%2Fv2%2Fcomments&post=6417"}],"version-history":[{"count":1,"href":"http:\/\/www.movimientocaamanista.com\/index.php?rest_route=\/wp\/v2\/posts\/6417\/revisions"}],"predecessor-version":[{"id":6419,"href":"http:\/\/www.movimientocaamanista.com\/index.php?rest_route=\/wp\/v2\/posts\/6417\/revisions\/6419"}],"wp:featuredmedia":[{"embeddable":true,"href":"http:\/\/www.movimientocaamanista.com\/index.php?rest_route=\/wp\/v2\/media\/6418"}],"wp:attachment":[{"href":"http:\/\/www.movimientocaamanista.com\/index.php?rest_route=%2Fwp%2Fv2%2Fmedia&parent=6417"}],"wp:term":[{"taxonomy":"category","embeddable":true,"href":"http:\/\/www.movimientocaamanista.com\/index.php?rest_route=%2Fwp%2Fv2%2Fcategories&post=6417"},{"taxonomy":"post_tag","embeddable":true,"href":"http:\/\/www.movimientocaamanista.com\/index.php?rest_route=%2Fwp%2Fv2%2Ftags&post=6417"}],"curies":[{"name":"wp","href":"https:\/\/api.w.org\/{rel}","templated":true}]}}