{"id":6442,"date":"2022-04-28T11:03:58","date_gmt":"2022-04-28T11:03:58","guid":{"rendered":"http:\/\/www.movimientocaamanista.com\/?p=6442"},"modified":"2022-04-28T11:04:00","modified_gmt":"2022-04-28T11:04:00","slug":"la-revolucion-dominicana-y-la-intervencion-de-eeuu-57-anos-despues","status":"publish","type":"post","link":"http:\/\/www.movimientocaamanista.com\/?p=6442","title":{"rendered":"La revoluci\u00f3n dominicana y la intervenci\u00f3n de EEUU, 57 a\u00f1os despu\u00e9s"},"content":{"rendered":"\n<p>Victoria Korn<\/p>\n\n\n\n<p>Fuente: <a href=\"https:\/\/rebelion.org\/la-revolucion-dominicana-y-la-intervencion-de-eeuu-57-anos-despues\/\">Rebeli\u00f3n<\/a><\/p>\n\n\n\n<p>El 24 de abril de 1965, civiles y militares dominicanos unidos, se lanzaron a las calles para reponer al presidente constitucional Juan Bosch, derrocado por un golpe castrense inspirado desde el exterior.<\/p>\n\n\n\n<p>Tras violentos enfrentamientos, los constitucionalistas, dirigidos por el coronel Francisco Alberto Caama\u00f1o, triunfaron y entonces el gobierno de Estados Unidos intervino para aplastar la revoluci\u00f3n.<\/p>\n\n\n\n<p>La lucha popular contra la injerencia militar for\u00e1nea se convirti\u00f3 en guerra patria y el conflicto dur\u00f3 hasta las negociaciones, de las cuales sali\u00f3 el compromiso de organizar elecciones.<\/p>\n\n\n\n<p>La guerra enfrent\u00f3 al bando opuesto al retorno al poder del depuesto presidente&nbsp;<strong>Juan Bosch<\/strong>, encabezado por el general El\u00edas Wessin y Wessin, y al revolucionario que un\u00eda a los constitucionalistas, liderado por el coronel Caama\u00f1o, quienes reclamaban la destrucci\u00f3n del aparato militar, intacto despu\u00e9s de la&nbsp;muerte&nbsp;del sagriento dictador Rafael Le\u00f3nidas Trujillo en 1961.<\/p>\n\n\n\n<p>La contienda se produjo luego de que un grupo de oficiales de las Fuerzas Armadas derrocara al gobierno del Triunvirato, encabezado por Donald Read Cabral, y el presidente estadounidense Lyndon B. Johnson ordenara el desembarco de 42.000 marines en el pa\u00eds, bajo la excusa de \u201cimpedir la propagaci\u00f3n del comunismo\u201d, asociada a la hist\u00f3rica toma del poder en Cuba en 1956, encabezada por Fidel Castro.<\/p>\n\n\n\n<p>Al a\u00f1o siguiente, con el pa\u00eds ocupado por tropas estadounidenses, bajo la bandera de la Organizaci\u00f3n de Estados Americanos (OEA), hubo comicios en que fue electo Joaqu\u00edn Balaguer, un antiguo servidor del dictador Rafael Le\u00f3nidas Trujillo, quien instaur\u00f3 un r\u00e9gimen desp\u00f3tico de 12 a\u00f1os consecutivos., tutelado por Washington.<\/p>\n\n\n\n<p>En su libro La&nbsp;guerra de abril&nbsp;de 1965, el escritor Tony Raful escribi\u00f3 que \u201cla inmensa multitud era un espect\u00e1culo desbordante\u201d. \u201cMillares de hombres, mujeres, ni\u00f1os y ancianos, corr\u00edan como locos por todo lo largo de la avenida Duarte, parec\u00eda una serpiente humana interminable. Semidesnudos, descalzos, con chancletas, con ropas interiores, marchaban disparadas hacia el escenario de la historia. Parec\u00edan enloquecidos reclamando el retorno de la Constituci\u00f3n del 63 y Juan Bosch, presidente\u201d, destac\u00f3.<\/p>\n\n\n\n<p>Tambi\u00e9n evoc\u00f3 que el 25 de abril muchedumbres loaban en las calles el estallido de la&nbsp;revoluci\u00f3n&nbsp;y en la tarde el doctor Jos\u00e9 Rafael Molina Ure\u00f1a tom\u00f3 posesi\u00f3n del Gobierno, como presidente provisional, en medio del caos. Entonces, la televisi\u00f3n anunci\u00f3 que en las horas siguientes el profesor Juan Bosch volver\u00eda al pa\u00eds para reasumir la Presidencia.<\/p>\n\n\n\n<p><strong>La misma historia<\/strong><\/p>\n\n\n\n<p>Para algunos analistas, la situaci\u00f3n dominicana es peor que la de hace casi seis decenios. La invasi\u00f3n conservadora desplegada durante m\u00e1s de medio siglo por los factores de poder han contaminado todo: comunicaci\u00f3n, cultura, partidos, elecciones, leyes, ambiente, constituci\u00f3n, tribunales, pol\u00edtica exterior, asistencialismos, publicidad.<\/p>\n\n\n\n<p><strong>Narciso Isa Conde,&nbsp;<\/strong>socialista, pol\u00edtico, escritor y ensayista dominicano; se\u00f1al\u00f3 que \u201c57 a\u00f1os de contrarrevoluci\u00f3n imperialista es demasiado. Las garras que impidieron aquella hermosa revoluci\u00f3n democr\u00e1tica-popular siguen clavadas en el alma nacional, generando una sociedad profundamente enferma y urgentemente necesitada de un cambio radical\u201d.<\/p>\n\n\n\n<p>A\u00f1adi\u00f3 que no fue accidental impedir el poder de los comandos, desplazar los gobiernos de Bosch y Caama\u00f1o, anular la Constituci\u00f3n de 1963 e imponer las &nbsp;de 1966 y 2010. \u201cEstados Unidos,el imperio m\u00e1s poderoso y m\u00e1s terrorista de la historia moderna, aplast\u00f3 con esos fines nuestra autodeterminaci\u00f3n\u201d.<\/p>\n\n\n\n<p>Isa Conde se\u00f1al\u00f3 que en estos 57 a\u00f1os solo ha variado la correlaci\u00f3n entre algunos componentes de la dominaci\u00f3n basada en el saqueo, &nbsp;la sobreexplotaci\u00f3n del gran capital, el tipo de agentes de la corrupci\u00f3n y las diversas expresiones de acumular fortuna y robarse el Estado y el territorio. \u201cReci\u00e9n hemos pasado del reinado de 20 a\u00f1os de la corruptela morada y sus oligarcas preferidos, a la monarqu\u00eda absoluta de la corrupci\u00f3n empresarial del capital\u201d, asever\u00f3.&nbsp;<\/p>\n\n\n\n<p>Indic\u00f3 que la modalidad &nbsp;empresarial de la corrupci\u00f3n porta el sello de las privatizaciones, concesiones mineras y asalto &nbsp;privatizador del Estado y del patrimonio natural por las elites capitalistas. Hoy, en &nbsp;Rep\u00fablica Dominicana, presidida por Luis Abinader y tutelada por el Grupo Vicini y su Consejo Nacional de la Empresa Privada, la impunidad cambi\u00f3 de due\u00f1o y en el \u201ccambio\u201d abundan vacas sagradas del generalato, la narcopol\u00edtica, el empresariado y el sistema de partido.<\/p>\n\n\n\n<p>\u201cComo antes de aquel abril heroico, esto es cuesti\u00f3n de calle y &nbsp;propuesta transformadora. De calle y proceso constituyente. De calle contra la funesta megaminer\u00eda, por el agua y por la vida, la seguridad social digna, las tres causales y los derechos de la mujer y el fin de la impunidad sin corruptos preferidos; y, sobre todo, por una Constituyente Popular y Soberana que lo cambie todo\u201d, se\u00f1ala Isa Conde.<\/p>\n\n\n\n<p><strong>Victoria Korn<\/strong>.&nbsp;<strong>Periodista venezolana, analista de temas de Centroam\u00e9rica y el Caribe,&nbsp; asociada al Centro Latinoamericano de An\u00e1lisis Estrat\u00e9gico (CLAE)<\/strong><\/p>\n","protected":false},"excerpt":{"rendered":"<p>Victoria Korn Fuente: Rebeli\u00f3n El 24 de abril de 1965, civiles y militares dominicanos unidos, se lanzaron a las calles para reponer al presidente constitucional Juan Bosch, derrocado por un golpe castrense inspirado desde el exterior. Tras violentos enfrentamientos, los constitucionalistas, dirigidos por el coronel Francisco Alberto Caama\u00f1o, triunfaron y entonces el gobierno de Estados [&hellip;]<\/p>\n","protected":false},"author":1,"featured_media":1820,"comment_status":"open","ping_status":"open","sticky":false,"template":"","format":"standard","meta":{"footnotes":""},"categories":[5,2],"tags":[],"_links":{"self":[{"href":"http:\/\/www.movimientocaamanista.com\/index.php?rest_route=\/wp\/v2\/posts\/6442"}],"collection":[{"href":"http:\/\/www.movimientocaamanista.com\/index.php?rest_route=\/wp\/v2\/posts"}],"about":[{"href":"http:\/\/www.movimientocaamanista.com\/index.php?rest_route=\/wp\/v2\/types\/post"}],"author":[{"embeddable":true,"href":"http:\/\/www.movimientocaamanista.com\/index.php?rest_route=\/wp\/v2\/users\/1"}],"replies":[{"embeddable":true,"href":"http:\/\/www.movimientocaamanista.com\/index.php?rest_route=%2Fwp%2Fv2%2Fcomments&post=6442"}],"version-history":[{"count":1,"href":"http:\/\/www.movimientocaamanista.com\/index.php?rest_route=\/wp\/v2\/posts\/6442\/revisions"}],"predecessor-version":[{"id":6443,"href":"http:\/\/www.movimientocaamanista.com\/index.php?rest_route=\/wp\/v2\/posts\/6442\/revisions\/6443"}],"wp:featuredmedia":[{"embeddable":true,"href":"http:\/\/www.movimientocaamanista.com\/index.php?rest_route=\/wp\/v2\/media\/1820"}],"wp:attachment":[{"href":"http:\/\/www.movimientocaamanista.com\/index.php?rest_route=%2Fwp%2Fv2%2Fmedia&parent=6442"}],"wp:term":[{"taxonomy":"category","embeddable":true,"href":"http:\/\/www.movimientocaamanista.com\/index.php?rest_route=%2Fwp%2Fv2%2Fcategories&post=6442"},{"taxonomy":"post_tag","embeddable":true,"href":"http:\/\/www.movimientocaamanista.com\/index.php?rest_route=%2Fwp%2Fv2%2Ftags&post=6442"}],"curies":[{"name":"wp","href":"https:\/\/api.w.org\/{rel}","templated":true}]}}