{"id":6444,"date":"2022-04-29T00:12:32","date_gmt":"2022-04-29T00:12:32","guid":{"rendered":"http:\/\/www.movimientocaamanista.com\/?p=6444"},"modified":"2022-05-31T10:53:56","modified_gmt":"2022-05-31T10:53:56","slug":"ivan-duque-marquez-persona-non-grata-en-la-republica-dominicana","status":"publish","type":"post","link":"http:\/\/www.movimientocaamanista.com\/?p=6444","title":{"rendered":"IV\u00c1N DUQUE M\u00c1RQUEZ  PERSONA NON GRATA EN LA REP\u00daBLICA DOMINICANA"},"content":{"rendered":"\n<p>Desde Santo Domingo, hoy, 28  de abril del 2022, nosotros, organizaciones Revolucionarias, Patri\u00f3ticas y Sociales de la Patria del Presidente en Armas, el anti-imperialista, Francisco Alberto Caama\u00f1o De\u00f1\u00f3, declaramos al presidente de la Rep\u00fablica de Colombia:<\/p>\n\n\n\n<p><strong>IV\u00c1N DUQUE M\u00c1RQUEZ PERSONA NON GRATA EN LA REP\u00daBLICA DOMINICANA<\/strong><\/p>\n\n\n\n<p>un d\u00eda como hoy, cuando la Patria fue mancillada por Tropas de EEUU, su mera presencia es un insulto a la memoria hist\u00f3rica de nuestro pueblo.<\/p>\n\n\n\n<p>Porque durante el per\u00edodo de su gobierno, iniciado el 7 de agosto del 2018 al mes de abril del 2022 han: <\/p>\n\n\n\n<p>Asesinado a 1,175 lideresas y l\u00edderes sociales,<\/p>\n\n\n\n<p>luchadores en defensa de los Derechos Humanos del pueblo colombiano<\/p>\n\n\n\n<p>-Con marcada violencia contra Ind\u00edgenas (pueblo originario), las mujeres y Afro-Colombianos-<\/p>\n\n\n\n<p>Porque ha violado los Acuerdos de Paz, lo us\u00f3 para el asesinato, el atropello y vejaciones a dirigentes sociales y populares, en violaci\u00f3n a los Derechos Humanos.<\/p>\n\n\n\n<p>Porque su gobierno es nefasto, en cuanto a las  pol\u00edticas medioambientales y, fascistas por naturaleza, propiciador de la violencia de Estado que mantiene al pueblo sin paz alguna, sufriendo masacres tras masacres, desangrando toda una naci\u00f3n por la intolerancia de Estado, sostenedor de agrupaciones paramilitares, y profundizador de la inequidad social.<\/p>\n\n\n\n<p>Porque su gobierno viola la soberan\u00eda de otros pa\u00edses, y el Derecho Internacional, como lo ha hecho consuetudinariamente contra la Rep\u00fablica Bolivariana de Venezuela, creador junto a EEUU, del gobierno paralelo inconstitucional de Juan Guaid\u00f3 y del desconocimiento al Gobierno Constitucional del presidente Nicol\u00e1s Maduro. Iv\u00e1n Duque incluso us\u00f3 el territorio colombiano para instalar estructuras corruptas del gobierno ficticio y para entrenar mercenarios y lanzar invasiones militares con mercenarios y paramilitares en contra de Venezuela, as\u00ed como el robo de sus activos, como la empresa Mon\u00f3meros.<\/p>\n\n\n\n<p>Porque hoy, mientras el pueblo colombiano est\u00e1 participando en un proceso electoral que tiene las posibilidades de votar en las urnas contra un gobierno corrupto y represivo, y elegir un cambio por la paz con inclusi\u00f3n social y econ\u00f3mica; los candidatos a la presidencia, Gustavo Petro y a la vice-presidencia, la luchadora social afrocolombiana, Francia M\u00e1rquez, denuncian la imposici\u00f3n del terror de Estado y las continuas amenazas de muertes; vali\u00e9ndose el Poder de Estado para esos fines macabros, del grupo paramilitar Aguila Negra. Igual intentan asesinar moralmente, la guerra jur\u00eddica la est\u00e1 sufriendo la senadora Piedad C\u00f3rdoba con continuas falsas acusaciones que incluyen a su familia.<\/p>\n\n\n\n<p>Son muchos los candidatos asesinados en Colombia, por d\u00e9cadas, el paramilitarismo y militarismo, han constitu\u00eddo el arma de guerra de los gobiernos de la sanguinaria e intolerante derecha, y muy particularmente del uribismo.<\/p>\n\n\n\n<p>CLAMAMOS POR LA PAZ como un derecho fundamental en los territorios \u00e9tnicos. Exigimos el cese del genocidio, el racismo, el etnocidio y la muerte sistem\u00e1tica contra el pueblo colombiano. Por todo lo expresado, reafirmamos que IV\u00c1N DUQUE, que es recibido en RD, por el tambi\u00e9n presidente t\u00edtere de Estados Unidos, Luis Abinader y por un Congreso servil,  no merece ninguna condecoraci\u00f3n y s\u00ed todo nuestro desprecio: es PERSONA NON GRATA EN RD.<\/p>\n\n\n\n<p>\u00a1Nuestra solidaridad con Gustavo Petro, Francia M\u00e1rquez, Piedad C\u00f3rdoba y todo el pueblo en lucha!<\/p>\n\n\n\n<p>MOVIMIENTO CAAMA\u00d1ISTA\/MC, Narciso Isa Conde \/ PARTIDO COMUNISTA DEL TRABAJO, Manuel Salazar (Sec.Gral) (PCT) \/ MOVIMIENTO POPULAR DOMINICANO (MPD) \/ FUERZA DE LA REVOLUCI\u00d3N (FR) \/  FUERZA BOSCHISTA \/ MOVIMIENTO REBELDE (MR)\/ AGENDA SOLIDARIDAD \/ COMIT\u00c9 DOMINICANO DE DERECHOS HUMANOS (CDDH) \/  ACCI\u00d3N AFRO-DOMINICANA \/ Miguel Aponte viguera \/ GENT\u00cdO PARA EL CAMBIO POL\u00cdTICO Y SOCIAL \/ COORDINACI\u00d3N FEMINISTAS DE IZQUIERDA \/  CHIQUI VICIOSO \/ FIDELIO DESPRADEL \/ MOVIMIENTO PATRIA PARA TODOS Y TODAS \/ COMIT\u00c9 PATRI\u00d3TICO \u201cFRANCISCO ALBERTO CAAMA\u00d1O DE\u00d1\u00d3\u201d<\/p>\n\n\n\n<p>VER INFORME ASESINATOS: https:\/\/indepaz.org.co\/informe-de-masacres-en-colombia-durante-el-2020-2021\/<\/p>\n","protected":false},"excerpt":{"rendered":"<p>Desde Santo Domingo, hoy, 28 de abril del 2022, nosotros, organizaciones Revolucionarias, Patri\u00f3ticas y Sociales de la Patria del Presidente en Armas, el anti-imperialista, Francisco Alberto Caama\u00f1o De\u00f1\u00f3, declaramos al presidente de la Rep\u00fablica de Colombia: IV\u00c1N DUQUE M\u00c1RQUEZ PERSONA NON GRATA EN LA REP\u00daBLICA DOMINICANA un d\u00eda como hoy, cuando la Patria fue mancillada [&hellip;]<\/p>\n","protected":false},"author":1,"featured_media":6445,"comment_status":"open","ping_status":"open","sticky":false,"template":"","format":"standard","meta":{"footnotes":""},"categories":[5,16],"tags":[],"_links":{"self":[{"href":"http:\/\/www.movimientocaamanista.com\/index.php?rest_route=\/wp\/v2\/posts\/6444"}],"collection":[{"href":"http:\/\/www.movimientocaamanista.com\/index.php?rest_route=\/wp\/v2\/posts"}],"about":[{"href":"http:\/\/www.movimientocaamanista.com\/index.php?rest_route=\/wp\/v2\/types\/post"}],"author":[{"embeddable":true,"href":"http:\/\/www.movimientocaamanista.com\/index.php?rest_route=\/wp\/v2\/users\/1"}],"replies":[{"embeddable":true,"href":"http:\/\/www.movimientocaamanista.com\/index.php?rest_route=%2Fwp%2Fv2%2Fcomments&post=6444"}],"version-history":[{"count":1,"href":"http:\/\/www.movimientocaamanista.com\/index.php?rest_route=\/wp\/v2\/posts\/6444\/revisions"}],"predecessor-version":[{"id":6446,"href":"http:\/\/www.movimientocaamanista.com\/index.php?rest_route=\/wp\/v2\/posts\/6444\/revisions\/6446"}],"wp:featuredmedia":[{"embeddable":true,"href":"http:\/\/www.movimientocaamanista.com\/index.php?rest_route=\/wp\/v2\/media\/6445"}],"wp:attachment":[{"href":"http:\/\/www.movimientocaamanista.com\/index.php?rest_route=%2Fwp%2Fv2%2Fmedia&parent=6444"}],"wp:term":[{"taxonomy":"category","embeddable":true,"href":"http:\/\/www.movimientocaamanista.com\/index.php?rest_route=%2Fwp%2Fv2%2Fcategories&post=6444"},{"taxonomy":"post_tag","embeddable":true,"href":"http:\/\/www.movimientocaamanista.com\/index.php?rest_route=%2Fwp%2Fv2%2Ftags&post=6444"}],"curies":[{"name":"wp","href":"https:\/\/api.w.org\/{rel}","templated":true}]}}