{"id":6449,"date":"2022-04-29T00:35:13","date_gmt":"2022-04-29T00:35:13","guid":{"rendered":"http:\/\/www.movimientocaamanista.com\/?p=6449"},"modified":"2022-04-29T00:35:15","modified_gmt":"2022-04-29T00:35:15","slug":"ucrania-el-escenario-de-la-contienda-rusia-el-objetivo-de-la-otan","status":"publish","type":"post","link":"http:\/\/www.movimientocaamanista.com\/?p=6449","title":{"rendered":"UCRANIA: EL ESCENARIO DE LA CONTIENDA; RUSIA: EL OBJETIVO DE LA OTAN"},"content":{"rendered":"\n<p>Narciso Isa Conde<\/p>\n\n\n\n<p>La guerra que tiene a  Ucrania como escenario no es una t\u00edpica guerra inter-imperialista, como incluso piensan algunas franjas de las izquierdas anticapitalistas, atrapadas en conceptualizaciones  derivadas de fen\u00f3menos acaecidos en el pasado siglo, relacionados con la primera y segunda guerra mundial, que los llevan a equiparar la actitud de EEUU-UE y su OTAN, con la actitud asumida por Rusia.<\/p>\n\n\n\n<p>Pienso que estamos ante una situaci\u00f3n diferente y frente a un fen\u00f3meno con nuevas caracter\u00edsticas, independientemente de que el choque involucra a superpotencias militares y potencias capitalistas.<\/p>\n\n\n\n<p><strong>\u2022 La guerra global arranc\u00f3 en el 2001.<\/strong><\/p>\n\n\n\n<p>Esta guerra es \u2013repito- otro cap\u00edtulo de la \u201cguerra global  infinita\u201d decretada por el presidente estadounidense George W. Bush, a ra\u00edz del derribamiento de las Torres Gemelas el 11 de septiembre del 2001, que ha tenido intensos cap\u00edtulos y escenarios diversos en el Lejano y Medio Oriente (Afganist\u00e1n, Irak, Palestina, Libia, Siria, Yemen\u2026)<\/p>\n\n\n\n<p>Inmediatamente despu\u00e9s de esa declaraci\u00f3n de guerra, EE.UU logr\u00f3 involucrar a las potencias capitalistas  de Europa Occidental en esa nueva modalidad de la guerra mundial.<\/p>\n\n\n\n<p>Una guerra progresiva y ascendente, m\u00e1s que por la conquista de mercados y territorios (sin excluirlos), contra todos los factores, que el contexto de la crisis integral de decadencia del sistema, han reducido la preeminencia de EE.UU y afectado seriamente su hegemon\u00eda  a escala mundial.<\/p>\n\n\n\n<p>Estamos frente a un imperialismo gansterizado y pentagonizado a la vez, con un Complejo Militar-Industrial-Financiero tremendamente voraz, con fuertes corrientes neofascistas y ultraderechistas en sus entra\u00f1as, que se expanden  al interior de sus fronteras y\/o hacia el escenario mundial, y no permiten olvidar a los Trump, Biden, Len Phen, Zelensky\u2026Ni obviar las numerosas expresiones fascistoides presentes en el llamado \u201ccapitalismo desarrollado\u201d y sus dependencias, ni ignorar el endurecido patr\u00f3n neoliberal que sus centros de poder han decidido imponer a la humanidad.<\/p>\n\n\n\n<p>EEUU y sus socios no aceptan la multipolaridad en la escena internacional.<br> Les irrita sobremanera la emergencia de Rusia como superpotencia militar y el impresionante poder\u00edo econ\u00f3mico y tecnol\u00f3gico de China.<\/p>\n\n\n\n<p>Sue\u00f1an con desmembrar la Federaci\u00f3n Rusa y debilitar a China, y no escatiman medios de fuerza para tratar de lograrlo.<\/p>\n\n\n\n<p>Avanzaron contra Rusia sin quitar de la mira a la China, que ya amenaza desplazar a EEUU de la cumbre.<\/p>\n\n\n\n<p>Arremeten contra los procesos soberanos en Asia, \u00c1frica y Nuestra Am\u00e9rica, y ponen en marcha guerras de diferentes generaciones e intensidades contra ellos. <\/p>\n\n\n\n<p>Casos como el cubano, venezolano, boliviano, paraguayo\u2026 son m\u00e1s que elocuentes.<\/p>\n\n\n\n<p>Reaccionan cruelmente contra las rebeld\u00edas sociales provocadas por las imposiciones neoliberales mezcladas con m\u00faltiples modalidades de delincuencia de Estado y corruptela empresarial.<\/p>\n\n\n\n<p>En ese plano despliega su enorme poder medi\u00e1tico, campo en el cual conservan una amplia supremac\u00eda, y su gran poder militar, contra los pa\u00edses y procesos que no controlan, al extremo de irrespetar su independencia.<\/p>\n\n\n\n<p>Ese no es el caso ni de Rusia ni de China, que desde su condici\u00f3n de grandes potencias emergentes, con poder para desafiar la maltrecha hegemon\u00eda estadounidense, actualmente aceptan la multipolaridad como forma de convivencia en paz, respetan la soberan\u00eda de los pueblos decididos a auto-determinarse; no a\u00fapan pol\u00edticas neoliberales, saqueos y endeudamientos onerosos, y se solidarizan con los procesos hostilizados por el Coloso del Norte. <\/p>\n\n\n\n<p>Ojala duren un buen tiempo esas actitudes y no se debiliten cuando la hegemon\u00eda mundial pase a sus predios.<\/p>\n\n\n\n<p>Las cosas hay que ponerla en su lugar, lo que no debe significar plegarse a los intereses de esas potencias emergentes en las que el capitalismo ha ganado bastante terreno.<\/p>\n\n\n\n<p>Vale diferenciar roles y tener bien presente las contradicciones y  posicionamientos actuales para aprovecharlas a favor de la plena emancipaci\u00f3n de la humanidad del yugo del capital.<\/p>\n\n\n\n<p>En esa tesitura es preciso tener muy en cuenta que est\u00e1 a la vista una multi-guerra generada por la multi-crisis que estremece del sistema imperialista occidental, hostil a todas las civilizaciones que no sean la propia. <\/p>\n\n\n\n<p>Est\u00e1 en marcha  una agresi\u00f3n desatada a nivel global contra todo lo que no se pliega a sus designios y a los prop\u00f3sitos imperiales de EEUU; una agresi\u00f3n impregnada, por dem\u00e1s, de una fuerte voluntad supremacista blanca, y en consecuencia, de mucho racismo y xenofobia.<\/p>\n\n\n\n<p><strong>\u2022 El episodio ucraniano en el contexto de la guerra global.<\/strong><\/p>\n\n\n\n<p>Este episodio ucraniano de la guerra global fue escogido por el Pent\u00e1gono y la OTAN como escenario de operaciones hostiles a la luz del Golpe de Estado del 2014, mucho antes de la entrada de las tropas rusas a la Rep\u00fablica de Ucrania; determinaci\u00f3n de EEUU y la UE que termin\u00f3 de cercenar la soberan\u00eda de ese pa\u00eds fronterizo con la Federaci\u00f3n Rusa  para convertirlo en plataforma de la OTAN, espacio territorial de la agresi\u00f3n militar anti-rusa e instrumento de los agresivos planes del decadente imperialismo occidental comandado por EEUU.<\/p>\n\n\n\n<p>En corto tiempo convirtieron a Ucrania  y su ej\u00e9rcito en  almacenes de laboratorios para las guerras biol\u00f3gicas,  guarida de mercenarios fascistas, deposito de armamentos de alto nivel, centro operativo de mandos del Pent\u00e1gono y la Otan; y de paso desataron las masacres en Donetsk y Lugansk, forzando a Rusia a intervenir militarmente para detener la escalada.<\/p>\n\n\n\n<p>Esa singular manera de intervenir un pa\u00eds, cuyo presidente lacayo demandaba su incorporaci\u00f3n a la OTAN, fue ejecutada con mucha anticipaci\u00f3n a la presencia militar rusa en Ucrania, con la determinaci\u00f3n de imponer la guerra planeada en territorio ajeno al Occidente Capitalista y las consiguientes sanciones; cargando sus tr\u00e1gicos costos sobre el pueblo ucraniano y pretendiendo que la carga de la guerra directa genere inestabilidad y crisis en los predios de la Federaci\u00f3n Rusa, fracture el poder y la sociedad de Rusia, y debilite el nacionalismo gran ruso que encarna Putin.<\/p>\n\n\n\n<p>Tal presupuesto imperial parece cada vez m\u00e1s remoto. <\/p>\n\n\n\n<p>Las sanciones y las r\u00e9plicas rusas parecen afectar m\u00e1s a Europa Occidental que a Rusia, mientras el involucramiento del Pent\u00e1gono y la OTAN en Ucrania ya es imposible de ocultar; lo que en caso de un probable control militar de Rusia en todo el territorio del pa\u00eds ocupado puede abrir paso a denuncias y testimonios muy bien sustentados que establezcan inequ\u00edvocamente las responsabilidad de EE.UU  en las consecuencias de esa guerra cruelmente inducida, por dem\u00e1s absolutamente innecesaria.<\/p>\n\n\n\n<p>Entonces, otro cuento tendr\u00e1n que contar porque la decadencia agresiva de un sistema enfermo y enloquecido contar\u00e1 con menos raz\u00f3n y menos fuerza para sus nuevas fechor\u00edas contra otros adversarios, entre los que cuentan una China todav\u00eda m\u00e1s odiada por  la extrema soberbia estadounidense en v\u00eda de ser desplazada y m\u00e1s pueblos en justa rebeld\u00eda y en tren de conquistar soberan\u00edas que habr\u00e1n de sumarse al torrente transformador.<\/p>\n\n\n\n<p>La insurgencia global de los pueblos contra esta dominaci\u00f3n destructiva no es quimera y si  puede vislumbrarse como la \u00fanica manera de ponerle fin a esta tragedia cuyos responsables son inocultables y  no admiten indefiniciones o ambig\u00fcedades respecto a quienes debemos enfrentar en tanto enemigos de la humanidad.<\/p>\n","protected":false},"excerpt":{"rendered":"<p>Narciso Isa Conde La guerra que tiene a Ucrania como escenario no es una t\u00edpica guerra inter-imperialista, como incluso piensan algunas franjas de las izquierdas anticapitalistas, atrapadas en conceptualizaciones derivadas de fen\u00f3menos acaecidos en el pasado siglo, relacionados con la primera y segunda guerra mundial, que los llevan a equiparar la actitud de EEUU-UE y [&hellip;]<\/p>\n","protected":false},"author":1,"featured_media":6450,"comment_status":"open","ping_status":"open","sticky":false,"template":"","format":"standard","meta":{"footnotes":""},"categories":[20,5,16],"tags":[],"_links":{"self":[{"href":"http:\/\/www.movimientocaamanista.com\/index.php?rest_route=\/wp\/v2\/posts\/6449"}],"collection":[{"href":"http:\/\/www.movimientocaamanista.com\/index.php?rest_route=\/wp\/v2\/posts"}],"about":[{"href":"http:\/\/www.movimientocaamanista.com\/index.php?rest_route=\/wp\/v2\/types\/post"}],"author":[{"embeddable":true,"href":"http:\/\/www.movimientocaamanista.com\/index.php?rest_route=\/wp\/v2\/users\/1"}],"replies":[{"embeddable":true,"href":"http:\/\/www.movimientocaamanista.com\/index.php?rest_route=%2Fwp%2Fv2%2Fcomments&post=6449"}],"version-history":[{"count":1,"href":"http:\/\/www.movimientocaamanista.com\/index.php?rest_route=\/wp\/v2\/posts\/6449\/revisions"}],"predecessor-version":[{"id":6451,"href":"http:\/\/www.movimientocaamanista.com\/index.php?rest_route=\/wp\/v2\/posts\/6449\/revisions\/6451"}],"wp:featuredmedia":[{"embeddable":true,"href":"http:\/\/www.movimientocaamanista.com\/index.php?rest_route=\/wp\/v2\/media\/6450"}],"wp:attachment":[{"href":"http:\/\/www.movimientocaamanista.com\/index.php?rest_route=%2Fwp%2Fv2%2Fmedia&parent=6449"}],"wp:term":[{"taxonomy":"category","embeddable":true,"href":"http:\/\/www.movimientocaamanista.com\/index.php?rest_route=%2Fwp%2Fv2%2Fcategories&post=6449"},{"taxonomy":"post_tag","embeddable":true,"href":"http:\/\/www.movimientocaamanista.com\/index.php?rest_route=%2Fwp%2Fv2%2Ftags&post=6449"}],"curies":[{"name":"wp","href":"https:\/\/api.w.org\/{rel}","templated":true}]}}