{"id":6481,"date":"2022-05-03T22:38:45","date_gmt":"2022-05-03T22:38:45","guid":{"rendered":"http:\/\/www.movimientocaamanista.com\/?p=6481"},"modified":"2022-05-03T22:38:47","modified_gmt":"2022-05-03T22:38:47","slug":"volveran-los-besos-los-abrazos-y-las-caricias-con-el-fin-de-las-mascarillas","status":"publish","type":"post","link":"http:\/\/www.movimientocaamanista.com\/?p=6481","title":{"rendered":"\u00bfVolver\u00e1n los besos, los abrazos y las caricias con el fin de las mascarillas?"},"content":{"rendered":"\n<p>In\u00e9s Monjas Casares<\/p>\n\n\n\n<p>Fuente: <a href=\"https:\/\/theconversation.com\/volveran-los-besos-los-abrazos-y-las-caricias-con-el-fin-de-las-mascarillas-180514\">The Conversation<\/a><\/p>\n\n\n\n<p>Los seres humanos somos seres sociales. Tenemos necesidad de compa\u00f1\u00eda y de sentirnos vinculados, queridos y valorados. Nos gusta comunicar y compartir emociones y experiencias, dar y recibir afecto. Y apreciamos mucho los besos, abrazos, apretones de manos, etc.<\/p>\n\n\n\n<p>O al menos as\u00ed era hasta que lleg\u00f3 la pandemia de covid-19 y lo cambi\u00f3 todo. Incluidas las manifestaciones de afecto y el contacto f\u00edsico. Cuando el SARS-CoV-2 irrumpi\u00f3, para prevenir y evitar contagios, se dictaron medidas restrictivas como reducir el n\u00famero de participantes en reuniones sociales, evitar y minimizar el contacto f\u00edsico, guardar distancia de interacci\u00f3n y utilizar mascarilla. De un plumazo, se acabaron los besos y los abrazos.<\/p>\n\n\n\n<p>Como consecuencia, nuestro bienestar socioemocional se vi\u00f3 perturbado. Con la pandemia, las emociones desagradables inundaron nuestra vida de incertidumbre,&nbsp;<a href=\"https:\/\/pubmed.ncbi.nlm.nih.gov\/34706409\/\">tristeza, miedo, enfado<\/a>, apat\u00eda, frustraci\u00f3n, angustia, preocupaci\u00f3n, desesperanza, inquietud\u2026 Y emociones agradables como la&nbsp;<a href=\"https:\/\/www.ine.es\/ss\/Satellite?L=es_ES&amp;c=INECifrasINE_C&amp;cid=1259953225445&amp;p=1254735116567&amp;pagename=ProductosYServicios%2FINECifrasINE_C%2FPYSDetalleCifrasINE\">alegr\u00eda<\/a>, la calma o el entusiasmo se volvieron m\u00e1s infrecuentes.<\/p>\n\n\n\n<p>Y no solo eso. Mantener la distancia social ha tenido consecuencias sobre nuestro cerebro. Se ha demostrado que la falta de interacci\u00f3n social&nbsp;<a href=\"https:\/\/www.sciencedirect.com\/science\/article\/pii\/S1364661320301406\">afecta al razonamiento y a la memoria<\/a>, a la vez que reduce la conectividad de la materia blanca y la materia gris del cerebro.<\/p>\n\n\n\n<p>Ahora que se anuncia una nueva&nbsp;<a href=\"https:\/\/www.sanidad.gob.es\/profesionales\/saludPublica\/ccayes\/alertasActual\/nCov\/documentos\/Nueva_estrategia_vigilancia_y_control.pdf\">Estrategia de vigilancia y control frente a la enfermedad<\/a>&nbsp;que aligera esas medidas restrictivas de interacci\u00f3n, puede ser buen momento para tomar conciencia de la trascendencia que el contacto f\u00edsico tiene en nuestra salud mental, f\u00edsica y social.<\/p>\n\n\n\n<h2 class=\"wp-block-heading\">\u201cHambre de piel\u201d<\/h2>\n\n\n\n<p>En los dos \u00faltimos a\u00f1os hemos vivido dolorosas situaciones como hospitalizaciones, aislamiento social, muertes en soledad de seres queridos, duelos sin abrazos. Pero tambi\u00e9n falta de encuentros familiares y amistosos.<\/p>\n\n\n\n<p>Estas circunstancias han propiciado que todos, en alguna medida, hayamos experimentado lo que se etiqueta como&nbsp;<em>\u201chambre de piel\u201d<\/em>, que no es otra cosa que la necesidad de contacto f\u00edsico interpersonal. Incluso hemos sufrido sentimientos de carencia afectiva y episodios puntuales de&nbsp;<a href=\"https:\/\/theconversation.com\/no-es-lo-mismo-estar-solo-que-sentirse-solo-176049\">soledad no deseada, emocional y social<\/a>.<\/p>\n\n\n\n<p>Adem\u00e1s,&nbsp;<a href=\"https:\/\/www.infocop.es\/view_article.asp?id=19731&amp;cat=44&amp;fbclid=IwAR10xpf22C4ogA8PC-TSilq_uobbcChd4VDYkskPFqr3uMqI0lDc458_Lhs\">la pandemia ha pasado factura al bienestar mental<\/a>&nbsp;y ha tenido un importante&nbsp;<a href=\"https:\/\/doi.org\/10.5944\/rppc.27569\">impacto psicol\u00f3gico<\/a>&nbsp;en toda la poblaci\u00f3n. Ha crecido,&nbsp;<a href=\"https:\/\/www.ine.es\/ss\/Satellite?L=es_ES&amp;c=INECifrasINE_C&amp;cid=1259953225445&amp;p=1254735116567&amp;pagename=ProductosYServicios%2FINECifrasINE_C%2FPYSDetalleCifrasINE\">dicen las estad\u00edsticas<\/a>, el porcentaje de poblaci\u00f3n que experiment\u00f3 sensaci\u00f3n de estar deca\u00eddo o deprimido, con problemas para dormir y con poco inter\u00e9s o alegr\u00eda por hacer las cosas. Simult\u00e1neamente, se han disparado la ansiedad, el estr\u00e9s y las conductas suicidas.<\/p>\n\n\n\n<h2 class=\"wp-block-heading\">El contacto f\u00edsico y el cuarteto de la felicidad<\/h2>\n\n\n\n<p>El contacto f\u00edsico es vital&nbsp;<a href=\"https:\/\/www.sciencedirect.com\/science\/article\/pii\/S1878929317301962?via%3Dihub\">desde que nacemos<\/a>&nbsp;(contacto piel con piel con la madre) hasta el d\u00eda en que morimos (abrazo de despedida, caricias\u2026). Las personas tenemos la capacidad de enviar, recibir e interpretar se\u00f1ales emocionales&nbsp;<a href=\"https:\/\/www.sciencedirect.com\/science\/article\/abs\/pii\/S0149763408001723?via%3Dihub\">a trav\u00e9s del tacto<\/a>.<\/p>\n\n\n\n<p>Necesitamos tocarnos, porque es un modo excelente de dar y recibir afectos de forma reciproca. No nos referimos a conductas sensuales o sexuales, sino a las que se producen en las relaciones con personas de la red social de convivencia, en las relaciones interpersonales cotidianas.<\/p>\n\n\n\n<p>Durante la pandemia de covid-19, la mayor\u00eda de las personas se han visto privadas de los apretones de manos, los abrazos amistosos o las palmadas en la espalda, lo que puede provocar sentimientos de aislamiento y exclusi\u00f3n. Y se han sustituido por chocarse los codos o los pu\u00f1os, ponerse la mano en el coraz\u00f3n o juntar las palmas de la mano del saludo indio (namast\u00e9). Que, evidentemente, no tienen el mismo impacto emocional.<\/p>\n\n\n\n<p>Y es que cada vez hay mayor evidencia de los efectos beneficiosos del tacto en distintos aspectos:<\/p>\n\n\n\n<ul><li><strong>F\u00edsicos:<\/strong>&nbsp;<a href=\"https:\/\/www.sciencedirect.com\/science\/article\/pii\/S2666497621000655\">reduce el cortisol<\/a>&nbsp;\u2013la hormona del estr\u00e9s\u2013, nos relaja, mejora el sue\u00f1o, mejora la&nbsp;<a href=\"https:\/\/www.cmu.edu\/news\/stories\/archives\/2014\/december\/december17_hugsprotect.html\">respuesta inmune<\/a>, aminora el dolor, calma la frecuencia card\u00edaca y disminuye la presi\u00f3n arterial, entre otros beneficios.<\/li><li><strong>Emocionales:<\/strong>&nbsp;produce placer, reconforta, anima, consuela, genera alegr\u00eda y&nbsp;<a href=\"https:\/\/www.psychologicalscience.org\/news\/releases\/touch-may-alleviate-existential-fears-for-people-with-low-self-esteem.html\">fortalece la autoestima<\/a>. Tambi\u00e9n&nbsp;<a href=\"https:\/\/www.nature.com\/articles\/s41598-017-13355-7\">disminuye la ansiedad, la tristeza y el miedo<\/a>.<\/li><li><strong>Sociales:<\/strong>&nbsp;enriquece la comunicaci\u00f3n interpersonal, favorece la empat\u00eda y las conductas prosociales,&nbsp;<a href=\"https:\/\/psycnet.apa.org\/doiLanding?doi=10.1037%2Fa0016108\">propicia la expresi\u00f3n de afectos<\/a>, consolida lazos sociales y genera buen clima.<\/li><\/ul>\n\n\n\n<p>Biol\u00f3gicamente, estos beneficios tienen que ver con la producci\u00f3n de ciertas&nbsp;<a href=\"https:\/\/pubmed.ncbi.nlm.nih.gov\/34837776\/\">hormonas y neurotransmisores<\/a>&nbsp;a las que se denomina \u201cel cuarteto de la felicidad\u201d. A saber: la endorfina (analg\u00e9sico natural), la serotonina (estado de \u00e1nimo), la dopamina (mediadora del placer) y, especialmente, la oxitocina (hormona del amor, del abrazo y de los v\u00ednculos).<\/p>\n\n\n\n<p>Tal es el provecho de los abrazos que reconfortan tambi\u00e9n los \u201cabrazos altruistas\u201d de personas desconocidas, como puede apreciarse en los abrazos a ucranianos por parte de voluntarios. De hecho es la base de la iniciativa solidaria de&nbsp;<a href=\"https:\/\/www.freehugscampaign.org\/\">\u201cAbrazos Gratis\u201d (<em>Free Hugs<\/em>)<\/a><\/p>\n\n\n\n<figure class=\"wp-block-image\"><a href=\"https:\/\/images.theconversation.com\/files\/456924\/original\/file-20220407-15-lavbhq.jpg?ixlib=rb-1.1.0&amp;q=45&amp;auto=format&amp;w=1000&amp;fit=clip\"><img decoding=\"async\" src=\"https:\/\/images.theconversation.com\/files\/456924\/original\/file-20220407-15-lavbhq.jpg?ixlib=rb-1.1.0&amp;q=45&amp;auto=format&amp;w=754&amp;fit=clip\" alt=\"\"\/><\/a><figcaption><a href=\"https:\/\/www.shutterstock.com\/es\/image-photo\/barcelona-spain-14-january-2018-action-1048857842\">Shutterstock \/  Lestertair<\/a><\/figcaption><\/figure>\n\n\n\n<h2 class=\"wp-block-heading\">El espacio virtual no es equiparable con el encuentro f\u00edsico<\/h2>\n\n\n\n<p>Aunque paralelamente a las restricciones directas y presenciales se ha producido un remarcable incremento de las ciberrelaciones y de los v\u00ednculos&nbsp;<em>online<\/em>, de momento el espacio virtual no es comparable con la presencia f\u00edsica.<\/p>\n\n\n\n<p>La tecnolog\u00eda y la realidad virtual avanzan con humanoides, avatares, y la inmersividad en tres dimensiones, por lo que ser\u00e1 preciso estar atentos a lo que nos depare el&nbsp;<a href=\"https:\/\/mobileworldcapital.com\/metaverso-realidad-virtual\/\">metaverso<\/a>.<\/p>\n\n\n\n<p>Entretanto, con la relajaci\u00f3n de las restricciones de interacci\u00f3n que se anuncian en Espa\u00f1a a partir del d\u00eda 19 de abril, tendremos oportunidad de recuperar el contacto f\u00edsico perdido. Es cierto que, a ra\u00edz de lo vivido, algunas personas tienen todav\u00eda reparos a salir de casa y socializar, lo que se ha etiquetado como \u201cs\u00edndrome de la caba\u00f1a\u201d. Incluso hay quienes han desarrollado miedo irracional o fobia a ser tocados (<a href=\"https:\/\/theconversation.com\/la-hafefobia-y-el-dilema-de-tocarnos-o-no-tocarnos-151878\">hafefobia<\/a>).<\/p>\n\n\n\n<p>Por suerte, parece que la mayor\u00eda hemos salido \u201cilesos\u201d en este sentido y estamos deseando socializar con nuestra gente.<\/p>\n\n\n\n<p>Ser\u00eda estupendo si, tras la crisis vivida y habiendo tomado conciencia de la importancia que el contacto f\u00edsico tiene en nuestro bienestar, ponemos especial cuidado en apreciar, saborear y agradecer estas manifestaciones. Si, desde ahora, nos tocamos siendo conscientes de lo beneficioso que es para la salud un abrazo sentido, un c\u00e1lido apret\u00f3n de manos, unos cari\u00f1osos besos o una leve caricia.<\/p>\n\n\n\n<p>M\u00e1s nos vale no dejar para ma\u00f1ana los abrazos, besos y caricias que podamos dar o recibir hoy.<\/p>\n","protected":false},"excerpt":{"rendered":"<p>In\u00e9s Monjas Casares Fuente: The Conversation Los seres humanos somos seres sociales. Tenemos necesidad de compa\u00f1\u00eda y de sentirnos vinculados, queridos y valorados. Nos gusta comunicar y compartir emociones y experiencias, dar y recibir afecto. Y apreciamos mucho los besos, abrazos, apretones de manos, etc. O al menos as\u00ed era hasta que lleg\u00f3 la pandemia [&hellip;]<\/p>\n","protected":false},"author":1,"featured_media":6482,"comment_status":"open","ping_status":"open","sticky":false,"template":"","format":"standard","meta":{"footnotes":""},"categories":[4],"tags":[],"_links":{"self":[{"href":"http:\/\/www.movimientocaamanista.com\/index.php?rest_route=\/wp\/v2\/posts\/6481"}],"collection":[{"href":"http:\/\/www.movimientocaamanista.com\/index.php?rest_route=\/wp\/v2\/posts"}],"about":[{"href":"http:\/\/www.movimientocaamanista.com\/index.php?rest_route=\/wp\/v2\/types\/post"}],"author":[{"embeddable":true,"href":"http:\/\/www.movimientocaamanista.com\/index.php?rest_route=\/wp\/v2\/users\/1"}],"replies":[{"embeddable":true,"href":"http:\/\/www.movimientocaamanista.com\/index.php?rest_route=%2Fwp%2Fv2%2Fcomments&post=6481"}],"version-history":[{"count":1,"href":"http:\/\/www.movimientocaamanista.com\/index.php?rest_route=\/wp\/v2\/posts\/6481\/revisions"}],"predecessor-version":[{"id":6483,"href":"http:\/\/www.movimientocaamanista.com\/index.php?rest_route=\/wp\/v2\/posts\/6481\/revisions\/6483"}],"wp:featuredmedia":[{"embeddable":true,"href":"http:\/\/www.movimientocaamanista.com\/index.php?rest_route=\/wp\/v2\/media\/6482"}],"wp:attachment":[{"href":"http:\/\/www.movimientocaamanista.com\/index.php?rest_route=%2Fwp%2Fv2%2Fmedia&parent=6481"}],"wp:term":[{"taxonomy":"category","embeddable":true,"href":"http:\/\/www.movimientocaamanista.com\/index.php?rest_route=%2Fwp%2Fv2%2Fcategories&post=6481"},{"taxonomy":"post_tag","embeddable":true,"href":"http:\/\/www.movimientocaamanista.com\/index.php?rest_route=%2Fwp%2Fv2%2Ftags&post=6481"}],"curies":[{"name":"wp","href":"https:\/\/api.w.org\/{rel}","templated":true}]}}