{"id":6495,"date":"2022-05-06T10:55:37","date_gmt":"2022-05-06T10:55:37","guid":{"rendered":"http:\/\/www.movimientocaamanista.com\/?p=6495"},"modified":"2022-05-06T10:55:38","modified_gmt":"2022-05-06T10:55:38","slug":"lo-nuevo-en-peru-es-que-las-huestes-del-propio-castillo-han-salido-a-las-calles-a-protestar-contra-el","status":"publish","type":"post","link":"http:\/\/www.movimientocaamanista.com\/?p=6495","title":{"rendered":"\u00abLo nuevo en Per\u00fa es que las huestes del propio Castillo han salido a las calles a protestar contra \u00e9l\u00bb"},"content":{"rendered":"\n<p>Mario Hernandez<\/p>\n\n\n\n<p>Fuente: <a href=\"https:\/\/rebelion.org\/lo-nuevo-en-peru-es-que-las-huestes-del-propio-castillo-han-salido-a-las-calles-a-protestar-contra-el\/\">Rebeli\u00f3n<\/a><\/p>\n\n\n\n<p>Los congresistas, que son la parte pol\u00edtica, porque partidos pol\u00edticos org\u00e1nicos no existen en Per\u00fa hace mucho tiempo, son tambi\u00e9n aborrecidos por la mayor\u00eda de la poblaci\u00f3n.<\/p>\n\n\n\n<p>-Pedro Castillo enfrenta su peor crisis. El 28 de marzo, el mismo d\u00eda en que se defin\u00eda su moci\u00f3n de vacancia, estall\u00f3 un paro de transportistas en Huancayo, al poco tiempo se sumaron productores. El impacto del aumento del petr\u00f3leo y sus derivados se hac\u00eda sentir en toda la cadena productiva rural. Los cortes de ruta impactaron en el desabastecimiento y el aumento del precio de los alimentos. El clima se comenz\u00f3 a caldear. El descontento en Per\u00fa precede a Castillo y fue la crisis pol\u00edtica, institucional y social, precisamente su condici\u00f3n de posibilidad. La pandemia no fue gratis en un pa\u00eds donde m\u00e1s del 75% trabaja en la informalidad. Estos acontecimientos que se han producido en los \u00faltimos d\u00edas en Per\u00fa, \u00bfqu\u00e9 reflexi\u00f3n te merecen Ricardo?&nbsp;<\/p>\n\n\n\n<p>-Bueno, ya lo dije antes, si pudi\u00e9ramos reunir todas las entrevistas tendr\u00edamos un panorama de todo el proceso que ha llevado a esta situaci\u00f3n de crisis en Per\u00fa, que tiene como centro al gobierno de Castillo. Pero intentar\u00e9 alguna reflexi\u00f3n, para eso me has invitado a tomar la palabra. &nbsp;<\/p>\n\n\n\n<p>Es cierto que las protestas han aumentado, pero primero las razones que t\u00fa has le\u00eddo, aunque sea limitadamente, porque los transportistas que protestaron y demandaron inicialmente y los agricultores comparados con los de Chile, los 400.000 transportistas, casi empresariales, que pr\u00e1cticamente pusieron en jaque el gobierno de Allende y lo prepararon para su ca\u00edda. &nbsp;<\/p>\n\n\n\n<p>En Per\u00fa los 270.000 transportistas que dicen las estad\u00edsticas son peque\u00f1os propietarios, no son empresarios. Son gente humilde que se ha construido por la caracter\u00edstica del pa\u00eds, la regionalidad y la descentralizaci\u00f3n, de tal manera que son trabajadores peque\u00f1os. Han protestado porque cualquier aumento de la gasolina les afecta mucho.&nbsp;<\/p>\n\n\n\n<p>Adem\u00e1s, los campesinos tambi\u00e9n, porque acusan la inconsecuencia de Castillo, que les prometi\u00f3 pr\u00e1cticamente de todo en la campa\u00f1a electoral y no ha cumplido nada. A eso se han sumado, ah\u00ed viene si t\u00fa quieres el problema social agudo y la s\u00edntesis que yo tratar\u00e9 de hacer, los maestros. &nbsp;<\/p>\n\n\n\n<p>Los maestros supuestamente eran el apoyo pol\u00edtico fundamental de Castillo y pr\u00e1cticamente los 300.000 maestros fueron su partido pol\u00edtico. A estas movilizaciones de los maestros se han sumado diversos sindicatos por su pliego de reclamos. Pero la novedad es que en esta demanda, comenzando por lo estrictamente econ\u00f3mico, comenzaron a subir de tono y adquiri\u00f3 un car\u00e1cter pol\u00edtico. Tan es as\u00ed que la mayor\u00eda de ellos pide la renuncia de Castillo, critican a su gobierno, lo denuncian por inconsecuente. &nbsp;<\/p>\n\n\n\n<p>La novedad est\u00e1 en que antes ten\u00edamos cuidado todos aquellos que hac\u00edamos un an\u00e1lisis pensando que alguna reserva tendr\u00eda Castillo y no habr\u00eda que jugar tanto a una debacle, a un destino manifiesto de una salida por derecha. \u00c9ramos cuidadosos un poco. Pero ahora la realidad ha saldado las cuentas pol\u00edticas porque la derecha, que desde el primer d\u00eda no acept\u00f3 su victoria, con los fuyimoristas a la cabeza y los otros grupos de derecha, ellos han estado siempre en una actitud golpista. Los m\u00e1s conservadores liberales en busca de una salida para su ca\u00edda. &nbsp;<\/p>\n\n\n\n<p>Lo nuevo est\u00e1 en que ahora se han sumado las huestes del propio Castillo, es decir, todos aquellos que votaron por \u00e9l que eran la mayor\u00eda popular, la mayor\u00eda regional, la mayor\u00eda provincianos, sectores campesinos de pobres y sobre todo los maestros, han salido a las calles a protestar contra \u00e9l. &nbsp;<\/p>\n\n\n\n<p>Y hay una consigna nacional ahora: \u201cque se vayan todos\u201d. En el sentido que la gente se cans\u00f3 de Castillo, de su inconsecuencia, de un gobierno que no es capaz pr\u00e1cticamente de encarar ning\u00fan problema y que gira perceptiblemente a la derecha con el objeto de salvarse. &nbsp;<\/p>\n\n\n\n<p>Los congresistas, que son la parte pol\u00edtica, porque partidos pol\u00edticos org\u00e1nicos no existen en Per\u00fa hace mucho tiempo, son tambi\u00e9n aborrecidos por la mayor\u00eda de la poblaci\u00f3n. Las estad\u00edsticas dicen que el 76% de personas est\u00e1n contra el gobierno de Castillo, pero el 82% est\u00e1 en contra del Congreso. &nbsp;<\/p>\n\n\n\n<p>De tal manera que la consigna que nosotros conocemos bien que es \u201cque se vayan todos\u201d hoy cal\u00f3 hondo en el pa\u00eds. Y por derecha y popularmente esa consigna es una de tipo nacional donde le piden a Castillo que se vaya o que renuncie. &nbsp;<\/p>\n\n\n\n<p>Esa es si t\u00fa quieres la situaci\u00f3n actual, el desarrollo de la lectura que t\u00fa has hecho. L\u00f3gicamente, el oyente tiene que decidir un poco por qu\u00e9. El por qu\u00e9 es sabido, los medios de prensa lo han comunicado, es por las condiciones particulares del acceso al gobierno de Castillo que nunca fue un hombre de izquierda, hay que tener cuidado con eso, porque \u00e9l era un sindicalista anti-burocr\u00e1tico. Cuando tuvo que manifestarse pol\u00edticamente, estuvo ligado m\u00e1s a los partidos de derecha. De tal manera que ser maestro y pobre, o ser sindicalista no te hace forzosamente un hombre de izquierda.&nbsp;<\/p>\n\n\n\n<p>En eso hay un desarrollo abusivo de los medios de prensa y sobre todo de qui\u00e9nes dicen pensar pol\u00edticamente y califican a cualquiera de izquierda. &nbsp;<\/p>\n\n\n\n<p>Ya hemos anunciado c\u00f3mo, excepcionalmente, \u00e9l es un subproducto de una situaci\u00f3n particular, una coyuntura de la realidad peruana, de otras crisis. No olvidemos que Per\u00fa tiene 75% de pobres estructurales, pero tambi\u00e9n tiene seis presidentes procesados y presos por delincuentes. Uno de ellos es Alan Garc\u00eda, suicida, que un d\u00eda hizo una campa\u00f1a contra el FMI. Digo eso para resaltar\u2026&nbsp;<\/p>\n\n\n\n<p>-Recuerdo los carteles del a\u00f1o 85 cuando Garc\u00eda visit\u00f3 nuestro pa\u00eds: \u201cAy patria m\u00eda, dame un presidente como Alan Garc\u00eda\u201d. &nbsp;<\/p>\n\n\n\n<p>-Claro, al a\u00f1o siguiente el hombre era agente de los EE UU. \u00bfQu\u00e9 te parece? Entonces te voy definiendo la situaci\u00f3n, porque ahora s\u00ed ya no podemos ser tan cuidadosos. Yo ten\u00eda temor. Dec\u00eda \u2018es un hombre pobre, la situaci\u00f3n\u2026 vamos a ver si hay reacci\u00f3n popular\u2026 esperemos un poquito\u2026\u2019, pero siempre lo caracteric\u00e9 de un hombre incapaz de gobernar. Ahora la situaci\u00f3n de Castillo es insostenible. Porque a las fuerzas de derecha que est\u00e1n contra \u00e9l se suman ahora las fuerzas populares que te\u00f3ricamente fueron su apoyo y que pr\u00e1cticamente est\u00e1n consiguiendo que se vaya o que renuncie. Ese es, si t\u00fa quieres el momento actual, y la situaci\u00f3n insostenible para \u00e9l.&nbsp;<\/p>\n\n\n\n<p><strong>La salida sigue siendo incierta&nbsp;<\/strong><\/p>\n\n\n\n<p>-Se me ocurre preguntarte, no te pido que hagas pol\u00edtica ficci\u00f3n, \u00bften\u00e9s alg\u00fan an\u00e1lisis de una posible salida de esta situaci\u00f3n?&nbsp;<\/p>\n\n\n\n<p>-Mira, salida de la situaci\u00f3n en algunos lugares puede ser previsible porque hay tendencias que determinan una realidad. Pero en Per\u00fa se da el caso de que la situaci\u00f3n es incierta. Hemos juntado todos los elementos, miseria estructural, falta de partidos pol\u00edticos. Porque la falta de partidos pol\u00edticos tiene su importancia, porque en una situaci\u00f3n como esta, si los partidos pol\u00edticos hubieran existido, como exist\u00edan antes, dos o tres partidos importantes, podr\u00edan haber ordenado y fijar ejes de la situaci\u00f3n. Pero ahora no, hay 30 o 40 partiditos chiquitos que no son partidos, son grupos aluviales, de tal manera que hay un desorden en el sistema pol\u00edtico, incluso burgu\u00e9s. Ya voy d\u00e1ndote una salida en ese sentido. &nbsp;<\/p>\n\n\n\n<p>Hab\u00eda pensado casualmente en una salida porque los analistas, las personas que conocemos, que escriben, ellos recalcan que el destino de Castillo est\u00e1 jugado, pero \u00bfcu\u00e1l es la salida? La salida sigue siendo incierta. Porque si se convocan a elecciones es probable que la Fujimori que tiene muchos juicios gane las elecciones.&nbsp;<\/p>\n\n\n\n<p>-Ahora se quemaron las pruebas que la incriminaban, \u00bfno?&nbsp;<\/p>\n\n\n\n<p>-No solamente eso, porque ahora viene otro elemento en contra de Keiko, porque los elementos de orden que quedan, por ejemplo EE UU, que juega todav\u00eda a respetar un poco el juego democr\u00e1tico y no ha intervenido directamente, pero est\u00e1 a la expectativa, no quiere un gobierno de la Fujimori porque se polarizar\u00eda el pa\u00eds. La rebeli\u00f3n popular que no se hizo contra Castillo se har\u00eda contra ella, de tal manera que los propios elementos del orden capitalista no juegan por esa salida, entonces eso opera en un sentido de dar un plazo de espera. &nbsp;<\/p>\n\n\n\n<p>El otro plazo de espera es la propia naturaleza de la clase gobernante peruana, es decir, de la burgues\u00eda patronal, que no es como la uruguaya, como la chilena, como la brasile\u00f1a o como la argentina. En Per\u00fa hay 30 grandes empresas, de las cuales 26 son transnacionales. Hasta la propia clase media es una clase muy d\u00e9bil y solamente hay un sector muy pegado a la alta burgues\u00eda, pero es muy peque\u00f1a, la clase media es muy estratificada hacia abajo y un sector muy alto de la clase media est\u00e1 pegada a la explotaci\u00f3n de los obreros que es algo que la convierte casi en una burgues\u00eda. &nbsp;<\/p>\n\n\n\n<p>La especificidad va jugando en sentido de la realidad peruana. Otro elemento, por ejemplo, es que la econom\u00eda hasta este momento estaba caminando bien al 5% o 6% de crecimiento, pero ya aparecen elementos de crisis, entonces los propios grupos empresariales est\u00e1n a la espera buscando una salida, de esta manera ellos tampoco pueden determinar porque no tienen representaci\u00f3n directa como en la Argentina, o Chile que tiene dos grandes coaliciones burguesas o Uruguay o Colombia. &nbsp;<\/p>\n\n\n\n<p>Se juegan una serie de elementos menores que van determinando ese comp\u00e1s de espera en que la gente dice: \u2018\u00bfc\u00f3mo? en una situaci\u00f3n como esta, un gobierno que no puede gobernar, un pobre hombre que es un saltimbanqui, que es un pobrecito \u00bfpor qu\u00e9 no renuncia?\u2019. &nbsp;<\/p>\n\n\n\n<p>Porque se han juntado todos esos imponderables de tal manera que el \u00fanico elemento de orden que podr\u00eda existir, pero que no garantiza a nadie nada, incluso a los que tienen cierto poder de decisi\u00f3n, que lo hagan renunciar, o que le den un golpe de estado que es lo menos probable. &nbsp;<\/p>\n\n\n\n<p>La situaci\u00f3n indica que Castillo puede renunciar o puede irse y que se convoquen a elecciones. Pero las elecciones son muy inciertas porque se van a presentar 30 candidatos y se va a repetir el mismo proceso con la posibilidad de que gane Keiko Fujimori, de tal manera que cuando t\u00fa me pides una soluci\u00f3n desde el punto de vista pol\u00edtico yo te digo que esta es la realidad del pa\u00eds. &nbsp;<\/p>\n\n\n\n<p>As\u00ed es la especificidad de nuestro pa\u00eds. Per\u00fa es uno de esos pa\u00edses donde nadie puede garantizar cu\u00e1l es la salida pol\u00edtica. Hasta los analistas m\u00e1s cultivados del Per\u00fa dicen \u2018no sabemos qu\u00e9 puede pasar ma\u00f1ana\u2019 y es as\u00ed. Yo me aventuro m\u00e1s porque soy tan intr\u00e9pido como t\u00fa para juzgar pol\u00edticamente y me arriesgo a decir algo un poquito m\u00e1s adelante que lo que dicen todos aquellos que dicen que conocen la realidad.&nbsp; &nbsp;<\/p>\n\n\n\n<p>\u2013 Bien Ricardo, vamos a dejar ac\u00e1. Es una situaci\u00f3n que vamos a seguir de cerca. Es muy importante, creo esto que vos se\u00f1al\u00e1s, ya no se trata de una derecha que quiere desplazar a Castillo, como ha sido hasta ahora, sino que esta es una rebeli\u00f3n de los de abajo, de los mismos que lo apoyaron, de los que lo llevaron al gobierno. Creo que esto es un hecho cualitativo.&nbsp;<\/p>\n\n\n\n<p>-Claro, por eso la figura de la presencia de las masas que siempre dijimos tambi\u00e9n es incierta. Porque los sectores m\u00e1s organizados de las masas est\u00e1n contra \u00e9l, no a favor de \u00e9l. \u00bfMe entiendes? Ni siquiera se asegura de decir la gente que ya no puede vivir m\u00e1s, que se muere de hambre, esas cosas de que parece Per\u00fa un pa\u00eds africano, se canalizan en un sentido si t\u00fa quieres de buscar un orden en la l\u00ednea del orden burgu\u00e9s. &nbsp;<\/p>\n\n\n\n<p>\u00bfPero qu\u00e9 orden burgu\u00e9s? Esto no es un orden burgu\u00e9s ni nada, esto es realismo m\u00e1gico por todos lados. Tambi\u00e9n hay que ser precavidos y esperar. Es m\u00e1s claro lo de Boric, lo de Petro o lo de Lula, aunque tengamos juicios diferentes, eso tiene claridad para darte situaciones que el oyente conoce, Per\u00fa no. No se puede predecir qu\u00e9 puede ocurrir en ese pa\u00eds. Uno desear\u00eda otra cosa, pero no vamos a hacer ejercicio de imaginaci\u00f3n o futurismo gratuito, no corresponde a gente como t\u00fa y yo que sumamos 160 a\u00f1os de combate pol\u00edtico, \u00bfno es as\u00ed?&nbsp;<\/p>\n","protected":false},"excerpt":{"rendered":"<p>Mario Hernandez Fuente: Rebeli\u00f3n Los congresistas, que son la parte pol\u00edtica, porque partidos pol\u00edticos org\u00e1nicos no existen en Per\u00fa hace mucho tiempo, son tambi\u00e9n aborrecidos por la mayor\u00eda de la poblaci\u00f3n. -Pedro Castillo enfrenta su peor crisis. El 28 de marzo, el mismo d\u00eda en que se defin\u00eda su moci\u00f3n de vacancia, estall\u00f3 un paro [&hellip;]<\/p>\n","protected":false},"author":1,"featured_media":6054,"comment_status":"open","ping_status":"open","sticky":false,"template":"","format":"standard","meta":{"footnotes":""},"categories":[5,3],"tags":[],"_links":{"self":[{"href":"http:\/\/www.movimientocaamanista.com\/index.php?rest_route=\/wp\/v2\/posts\/6495"}],"collection":[{"href":"http:\/\/www.movimientocaamanista.com\/index.php?rest_route=\/wp\/v2\/posts"}],"about":[{"href":"http:\/\/www.movimientocaamanista.com\/index.php?rest_route=\/wp\/v2\/types\/post"}],"author":[{"embeddable":true,"href":"http:\/\/www.movimientocaamanista.com\/index.php?rest_route=\/wp\/v2\/users\/1"}],"replies":[{"embeddable":true,"href":"http:\/\/www.movimientocaamanista.com\/index.php?rest_route=%2Fwp%2Fv2%2Fcomments&post=6495"}],"version-history":[{"count":1,"href":"http:\/\/www.movimientocaamanista.com\/index.php?rest_route=\/wp\/v2\/posts\/6495\/revisions"}],"predecessor-version":[{"id":6496,"href":"http:\/\/www.movimientocaamanista.com\/index.php?rest_route=\/wp\/v2\/posts\/6495\/revisions\/6496"}],"wp:featuredmedia":[{"embeddable":true,"href":"http:\/\/www.movimientocaamanista.com\/index.php?rest_route=\/wp\/v2\/media\/6054"}],"wp:attachment":[{"href":"http:\/\/www.movimientocaamanista.com\/index.php?rest_route=%2Fwp%2Fv2%2Fmedia&parent=6495"}],"wp:term":[{"taxonomy":"category","embeddable":true,"href":"http:\/\/www.movimientocaamanista.com\/index.php?rest_route=%2Fwp%2Fv2%2Fcategories&post=6495"},{"taxonomy":"post_tag","embeddable":true,"href":"http:\/\/www.movimientocaamanista.com\/index.php?rest_route=%2Fwp%2Fv2%2Ftags&post=6495"}],"curies":[{"name":"wp","href":"https:\/\/api.w.org\/{rel}","templated":true}]}}