{"id":6537,"date":"2022-05-18T11:05:52","date_gmt":"2022-05-18T11:05:52","guid":{"rendered":"http:\/\/www.movimientocaamanista.com\/?p=6537"},"modified":"2022-05-18T11:05:53","modified_gmt":"2022-05-18T11:05:53","slug":"por-que-el-indice-de-masa-corporal-ya-es-una-medida-obsoleta","status":"publish","type":"post","link":"http:\/\/www.movimientocaamanista.com\/?p=6537","title":{"rendered":"\u00bfPor qu\u00e9 el \u00edndice de masa corporal ya es una medida obsoleta?"},"content":{"rendered":"\n<p>Teresa Partearroyo, Ana Maria Puga Gim\u00e9nez de Azc\u00e1rate y Ana Montero Bravo<\/p>\n\n\n\n<p>Fuente: <a href=\"https:\/\/theconversation.com\/por-que-el-indice-de-masa-corporal-ya-es-una-medida-obsoleta-181550\">The Conversation<\/a><\/p>\n\n\n\n<p>La&nbsp;<a href=\"https:\/\/www.who.int\/es\/news-room\/fact-sheets\/detail\/obesity-and-overweight\">Organizaci\u00f3n Mundial de la salud (OMS)<\/a>&nbsp;define la obesidad como una acumulaci\u00f3n anormal o excesiva de grasa corporal que implica riesgos para la salud y que ha alcanzado proporciones epid\u00e9micas.<\/p>\n\n\n\n<p>Los datos epidemiol\u00f3gicos sugieren que tanto la incidencia como la prevalencia de sobrepeso y obesidad siguen una tendencia creciente. De hecho,&nbsp;<a href=\"https:\/\/es.worldobesityday.org\/assets\/downloads\/World_Obesity_Atlas_2022_WEB.pdf\">para el 2030 se prev\u00e9 que 1 de cada 5 mujeres y 1 de cada 7 hombres presentar\u00e1n obesidad (IMC \u2265 30kg\/m\u00b2)<\/a>, lo que equivale a m\u00e1s de mil millones de personas a nivel mundial.<\/p>\n\n\n\n<p>Tradicionalmente, la obesidad se ha definido a partir de un par\u00e1metro universal: el&nbsp;<a href=\"https:\/\/pubmed.ncbi.nlm.nih.gov\/6033482\/\">\u00edndice de masa corporal (IMC)<\/a>. Este relaciona el peso corporal (en kilogramos) con el cuadrado de la estatura (en metros). De acuerdo con el IMC, y siguiendo los&nbsp;<a href=\"https:\/\/www.who.int\/es\/news-room\/fact-sheets\/detail\/obesity-and-overweight\">criterios de la OMS<\/a>, se define el sobrepeso cuando este indicador es igual o superior a 25&nbsp;kg\/m\u00b2 y la obesidad cuando es igual o superior a 30&nbsp;kg\/m\u00b2.<\/p>\n\n\n\n<h2 class=\"wp-block-heading\">Los atletas no est\u00e1n&nbsp;<em>obesos<\/em>, aunque su IMC sea elevado<\/h2>\n\n\n\n<p>Aunque el IMC es un par\u00e1metro muy utilizado para clasificar el peso corporal, no est\u00e1 exento de limitaciones. Entre otras cosas porque no distingue entre la masa muscular y la masa magra (es decir, la que no es grasa). Adem\u00e1s, esta \u00faltima tambi\u00e9n puede variar considerablemente entre individuos de la misma talla.<\/p>\n\n\n\n<p>De hecho, las personas con una alta proporci\u00f3n de masa muscular, como&nbsp;<a href=\"https:\/\/pubmed.ncbi.nlm.nih.gov\/24971823\/\">los atletas, pueden ser clasificadas err\u00f3neamente de sobrepeso u obesidad seg\u00fan el IMC<\/a>. Por el contrario, un IMC bajo puede deberse a una insuficiencia de masa magra y muscular.<\/p>\n\n\n\n<p>Conviene recordar que durante el&nbsp;<a href=\"https:\/\/pubmed.ncbi.nlm.nih.gov\/31993018\/\">envejecimiento<\/a>&nbsp;aumenta la masa grasa porcentualmente, mientras que se produce progresivamente una p\u00e9rdida concomitante de masa magra y de densidad mineral \u00f3sea asociada a la edad, la inactividad f\u00edsica y las limitaciones funcionales. Por tanto, este indicador no es adecuado para el diagn\u00f3stico de obesidad, especialmente cuando la p\u00e9rdida de masa \u00f3sea hace que, para el mismo IMC, una persona joven tenga menos grasa que el adulto mayor.<\/p>\n\n\n\n<p>Adem\u00e1s, estos datos pueden no ser igualmente v\u00e1lidos en funci\u00f3n de la raza y etnia. Concretamente, los&nbsp;<a href=\"https:\/\/pubmed.ncbi.nlm.nih.gov\/26663309\/\">grupos \u00e9tnicos<\/a>&nbsp;difieren en la complexi\u00f3n y en la longitud relativa de las piernas (altura relativa al sentarse), lo que tambi\u00e9n tiene un impacto en la fiabilidad del IMC para poder considerarlo como un par\u00e1metro universal.<\/p>\n\n\n\n<h2 class=\"wp-block-heading\">Evaluar la obesidad mediante diversos indicadores<\/h2>\n\n\n\n<p>Cuantificar la prevalencia del sobrepeso y la obesidad depende de qu\u00e9 medidas usemos. Por eso no es balad\u00ed reflexionar sobre los indicadores.<\/p>\n\n\n\n<p>Los puntos de corte mencionados \u2013sobrepeso cuando este indicador es igual o superior a 25&nbsp;kg\/m\u00b2 y obesidad cuando es igual o superior a 30 kg\/m2\u2013 son aplicables s\u00f3lo a adultos sanos. De hecho, algunos autores establecen puntos de corte diferentes para los distintos grupos de edad, aumentando el punto de corte para exceso de peso a medida que envejecemos, aunque todav\u00eda no hay consenso cient\u00edfico sobre este criterio.<\/p>\n\n\n\n<p>Sin embargo, la evaluaci\u00f3n de la obesidad infantil est\u00e1 determinada principalmente por el percentil del IMC para evaluar el crecimiento y desarrollo en la poblaci\u00f3n pedi\u00e1trica. En consecuencia, se han desarrollado tablas percentiladas del IMC en ni\u00f1os y ni\u00f1as que se utilizan indistintamente tanto a nivel nacional como internacional. De hecho, actualmente se recomienda que, en ausencia de un consenso ampliamente compartido, en los estudios de prevalencia se consideren diversos valores de referencia. Entre ellos el del&nbsp;<a href=\"https:\/\/pubmed.ncbi.nlm.nih.gov\/22715120\/\">International Obesity Task force (IOTF)<\/a>&nbsp;o el propuesto por la (<a href=\"https:\/\/www.fundacionorbegozo.com\/wp-content\/uploads\/pdf\/estudios_2011.pdf\">Fundaci\u00f3n Orbegozo<\/a>), adem\u00e1s de los valores de referencia de la OMS, anteriormente mencionados.<\/p>\n\n\n\n<h2 class=\"wp-block-heading\">No importa solo si hay grasa, tambi\u00e9n debemos identificar d\u00f3nde<\/h2>\n\n\n\n<p>Otro hecho que debemos tener en cuenta es que el IMC no es capaz de proporcionar informaci\u00f3n sobre la distribuci\u00f3n de la grasa corporal. Esto plantea un problema porque que la grasa, cuando se ubica alrededor de los \u00f3rganos vitales, supone un factor de riesgo de enfermedad cardiovascular y, de manera m\u00e1s amplia, el s\u00edndrome metab\u00f3lico. Algo que no ocurre si s\u00f3lo se acumula en la zona de los gl\u00fateos.<\/p>\n\n\n\n<p>En este sentido, contamos con los resultados de una&nbsp;<a href=\"https:\/\/pubmed.ncbi.nlm.nih.gov\/22106927\/\">revisi\u00f3n sistem\u00e1tica<\/a>&nbsp;que incluye datos de m\u00e1s de 300&nbsp;000 individuos de diversas poblaciones en todo el mundo. Su conclusi\u00f3n principal es que usar \u00edndices complementarios y alternativos que eval\u00faan la adiposidad abdominal, la circunferencia de la cintura y la relaci\u00f3n entre cintura y talla permite discriminar el riesgo cardiometab\u00f3lico relacionado con la grasa corporal.<\/p>\n\n\n\n<p>Adem\u00e1s, los an\u00e1lisis concluyen que la relaci\u00f3n entre cintura y talla tiene un mayor poder discriminatorio que la circunferencia de la cintura. Por lo tanto, ante la falta de consenso y las limitaciones del IMC, se recomienda utilizar el porcentaje de grasa corporal medida por bioimpedancia, un m\u00e9todo seguro, econ\u00f3mico, preciso y no invasivo que proporciona datos sobre la composici\u00f3n corporal de una persona. Consiste en una corriente el\u00e9ctrica de baj\u00edsima intensidad que recorre el organismo permitiendo valorar su resistencia, que est\u00e1 inversamente relacionada con la masa magra.<\/p>\n\n\n\n<p>Tambi\u00e9n se puede hacer una estimaci\u00f3n de la grasa subcut\u00e1nea en los pliegues cut\u00e1neos, siempre que sea posible, aunque puede no ser factible debido a la falta de equipamiento (impedanci\u00f3metros o plic\u00f3metros).<\/p>\n\n\n\n<p>No obstante, el IMC se sigue empleando a nivel poblacional e individual ya que es un m\u00e9todo r\u00e1pido, de f\u00e1cil de aplicaci\u00f3n y de bajo coste. En este sentido, ante las limitaciones del IMC, podr\u00edan utilizarse medidas alternativas, como las mencionadas anteriormente, para identificar la adiposidad de tipo central como predictores aceptados de riesgo cardiometab\u00f3lico y mortalidad en la poblaci\u00f3n.<\/p>\n\n\n\n<p>Los estudios sugieren que son m\u00e1s espec\u00edficos que el IMC y que tienen mayor robustez cient\u00edfica para predecir el riesgo de enfermedad cardiovascular. Como vemos, la b\u00fasqueda de herramientas diagn\u00f3sticas sencillas, v\u00e1lidas y de bajo coste es un reto que debe continuar.<\/p>\n","protected":false},"excerpt":{"rendered":"<p>Teresa Partearroyo, Ana Maria Puga Gim\u00e9nez de Azc\u00e1rate y Ana Montero Bravo Fuente: The Conversation La&nbsp;Organizaci\u00f3n Mundial de la salud (OMS)&nbsp;define la obesidad como una acumulaci\u00f3n anormal o excesiva de grasa corporal que implica riesgos para la salud y que ha alcanzado proporciones epid\u00e9micas. Los datos epidemiol\u00f3gicos sugieren que tanto la incidencia como la prevalencia [&hellip;]<\/p>\n","protected":false},"author":1,"featured_media":6538,"comment_status":"open","ping_status":"open","sticky":false,"template":"","format":"standard","meta":{"footnotes":""},"categories":[4],"tags":[],"_links":{"self":[{"href":"http:\/\/www.movimientocaamanista.com\/index.php?rest_route=\/wp\/v2\/posts\/6537"}],"collection":[{"href":"http:\/\/www.movimientocaamanista.com\/index.php?rest_route=\/wp\/v2\/posts"}],"about":[{"href":"http:\/\/www.movimientocaamanista.com\/index.php?rest_route=\/wp\/v2\/types\/post"}],"author":[{"embeddable":true,"href":"http:\/\/www.movimientocaamanista.com\/index.php?rest_route=\/wp\/v2\/users\/1"}],"replies":[{"embeddable":true,"href":"http:\/\/www.movimientocaamanista.com\/index.php?rest_route=%2Fwp%2Fv2%2Fcomments&post=6537"}],"version-history":[{"count":1,"href":"http:\/\/www.movimientocaamanista.com\/index.php?rest_route=\/wp\/v2\/posts\/6537\/revisions"}],"predecessor-version":[{"id":6539,"href":"http:\/\/www.movimientocaamanista.com\/index.php?rest_route=\/wp\/v2\/posts\/6537\/revisions\/6539"}],"wp:featuredmedia":[{"embeddable":true,"href":"http:\/\/www.movimientocaamanista.com\/index.php?rest_route=\/wp\/v2\/media\/6538"}],"wp:attachment":[{"href":"http:\/\/www.movimientocaamanista.com\/index.php?rest_route=%2Fwp%2Fv2%2Fmedia&parent=6537"}],"wp:term":[{"taxonomy":"category","embeddable":true,"href":"http:\/\/www.movimientocaamanista.com\/index.php?rest_route=%2Fwp%2Fv2%2Fcategories&post=6537"},{"taxonomy":"post_tag","embeddable":true,"href":"http:\/\/www.movimientocaamanista.com\/index.php?rest_route=%2Fwp%2Fv2%2Ftags&post=6537"}],"curies":[{"name":"wp","href":"https:\/\/api.w.org\/{rel}","templated":true}]}}