{"id":6540,"date":"2022-05-18T11:16:12","date_gmt":"2022-05-18T11:16:12","guid":{"rendered":"http:\/\/www.movimientocaamanista.com\/?p=6540"},"modified":"2022-05-18T11:16:14","modified_gmt":"2022-05-18T11:16:14","slug":"lopez-obrador-y-su-reforma-electoral-para-democratizar-mexico","status":"publish","type":"post","link":"http:\/\/www.movimientocaamanista.com\/?p=6540","title":{"rendered":"L\u00f3pez Obrador y su reforma electoral para democratizar M\u00e9xico"},"content":{"rendered":"\n<p>Gerardo Villagr\u00e1n del Corral<\/p>\n\n\n\n<p>Fuente: <a href=\"https:\/\/rebelion.org\/lopez-obrador-y-su-reforma-electoral-para-democratizar-mexico\/\">Rebeli\u00f3n<\/a><\/p>\n\n\n\n<p>El gobierno de Manuel Andr\u00e9s L\u00f3pez Obrador present\u00f3 su propuesta de reforma electoral con la que se busca impulsar una democracia real, directa, participativa, libre de los intermediarios entre soberan\u00eda popular y conformaci\u00f3n del poder pol\u00edtico que caracterizaron a la gobernanza neoliberal y nunca garantizaron imparcialidad, certeza y legalidad.<\/p>\n\n\n\n<p>La iniciativa oficial, que pasar\u00e1 a la consideraci\u00f3n del Congreso, incluye la modificaci\u00f3n de 18 art\u00edculos constitucionales y la inclusi\u00f3n de siete transitorios, y entre sus contenidos de mayor realce se cuentan la sustituci\u00f3n del actual Instituto Nacional Electoral (INE) por el Instituto Nacional de Elecciones y Consultas, la desaparici\u00f3n de las 200 diputaciones plurinominales y de los senadores de lista.<\/p>\n\n\n\n<p>Asimismo plantea la desaparici\u00f3n de los 32 organismos p\u00fablicos locales electorales y los tribunales estatales electorales, la reducci\u00f3n del n\u00famero de integrantes de congresos locales y regidur\u00edas, adem\u00e1s del establecimiento de la votaci\u00f3n popular como mecanismo de elecci\u00f3n de los consejeros del \u00f3rgano comicial y de los magistrados del Tribunal Electoral del Poder Judicial de la Federaci\u00f3n (TEPJF).<\/p>\n\n\n\n<p>Tambi\u00e9n se pretende impulsar el voto electr\u00f3nico para aprovechar las tecnolog\u00edas de la informaci\u00f3n y comunicaci\u00f3n y facilitar la participaci\u00f3n ciudadana en las elecciones y las consultas populares. Antes de implementar una votaci\u00f3n totalmente electr\u00f3nica, se deber\u00e1n ensayar tanto diversas tecnolog\u00edas como mecanismos de certificaci\u00f3n, autenticaci\u00f3n y encriptaci\u00f3n, as\u00ed como modelos h\u00edbridos que combinen testigos documentales con tecnolog\u00eda.<\/p>\n\n\n\n<p>Un cambio que fue inmediatamente repudiado por la oposici\u00f3n, &nbsp;es el fin del financiamiento p\u00fablico a las actividades ordinarias de los partidos, a los cuales s\u00f3lo se entregar\u00eda presupuesto para afrontar los comicios. En los cinco a\u00f1os recientes los partidos pol\u00edticos nacionales recibieron un financiamiento p\u00fablico por m\u00e1s de 26 mil 200 millones de pesos (unos 1.290 millones de d\u00f3lares), sin contar el recurso asignado para gastos de campa\u00f1as ni los fondos que se les otorga a nivel local.<\/p>\n\n\n\n<p>Hasta ahora la composici\u00f3n de los \u00f3rganos electorales hab\u00eda dependido de componendas alcanzadas por los partidos mediante negociaciones antidemocr\u00e1ticas y conducidas con el prop\u00f3sito de instrumentar a estos organismos como c\u00f3mplices de fraudes como el de las elecciones presidenciales de 2006 y operaciones de compra abierta del voto como la ejecutada por el Partido Revolucionario Institucional (PRI) en 2012.<\/p>\n\n\n\n<p>Los conflictos de AMLO con la autoridad electoral se remonta a las elecciones del 2006<strong>,<\/strong>&nbsp;cuando fue candidato presidencial por primera vez. Tras perder, denunci\u00f3 el fraude, se neg\u00f3 a aceptar la derrota y convoc\u00f3 a una fuerte movilizaci\u00f3n ciudadana.<\/p>\n\n\n\n<p>La iniciativa plantea otros cambios que afectan al Poder Legislativo federal, a los Congresos estatales y a los cabildos. Se pasar\u00eda de los actuales 500 a 300 diputados y en el caso de la C\u00e1mara de Senadores se reducir\u00e1 a s\u00f3lo 96 representantes. Se acotar\u00e1n los Congresos locales (tendr\u00e1n entre 15 y 45 diputados de acuerdo a la poblaci\u00f3n del distrito) y el l\u00edmite para los cabildos ser\u00e1 de hasta nueve regidores.<\/p>\n\n\n\n<p>De acuerdo al gobierno, una de las finalidades de la iniciativa es separar el poder econ\u00f3mico del pol\u00edtico, dado que la inyecci\u00f3n ilimitada de recursos a los partidos ha despolitizado los procesos de elecci\u00f3n para convertirlos en grandes negocios.<\/p>\n\n\n\n<p>Se han conformado partidos sin respaldo social ni ideolog\u00eda definida, con el \u00fanico prop\u00f3sito \u00fanico de medrar con el presupuesto, facilitando la conformaci\u00f3n de una \u00e9lite par\u00e1sita que incluye a consejeros, asesores, firmas de consultor\u00eda y de imagen p\u00fablica, agencias de publicidad y mercadotecnia, empresas de demoscopia, bufetes de abogados especializados en derecho electoral que viven de las arcas p\u00fablicas.<\/p>\n\n\n\n<p>La coalici\u00f3n legislativa opositora Va por M\u00e9xic<strong>o<\/strong>&nbsp;en la C\u00e1mara de Diputados inform\u00f3 que la rechaz\u00f3 en cuanto a temas como la desaparici\u00f3n del Instituto Nacional Electoral (INE) y la disminuci\u00f3n de legisladores plurinominales y descart\u00f3 la posibilidad de respaldar la realizaci\u00f3n de un periodo extraordinario para analizar el tema.<\/p>\n\n\n\n<p>Jorge Romero, coordinador del Partido Acci\u00f3n Nacional (PAN), Rub\u00e9n Moreira, del Partido Revolucionario Institucional (PRI) y Luis Espinosa Chazaro, del Partido de la Revoluci\u00f3n Democr\u00e1tica (<strong>P<\/strong>DR), informaron que presentar\u00e1n su propia iniciativa. \u2019\u2018Nosotros vamos a defender la representaci\u00f3n proporcional a muerte\u2019\u2019, dijo Romero.<\/p>\n\n\n\n<p>La iniciativa no le gust\u00f3 a los grandes empresarios. No ser\u00e1 aprobada, estim\u00f3 Macario Schettino, columnista de El Financiero, portavoz del sector<em>.&nbsp;<\/em>\u201cEs un absurdo, en ninguna parte del mundo se ofrece una reforma desde el poder, las reformas son exigidas desde la oposici\u00f3n. De entrada est\u00e1 mal, todas las reformas son negociadas, no tiene probabilidad de ser aprobada a\u00fan cuando tenga cosas atractivas\u201d, se\u00f1al\u00f3.<\/p>\n\n\n\n<p>El ex gobernador de Chihuahua, Javier Corral, miembro del derechista Partido Acci\u00f3n Nacional<strong>&nbsp;(<\/strong>PAN), celebr\u00f3 la iniciativa de reforma respaldada por los miembros del Movimiento Regeneraci\u00f3n Nacional (Morena), y se\u00f1al\u00f3 que le pareci\u00f3\u201crealmente buena en t\u00e9rminos generales\u201d<strong>,<\/strong>&nbsp;un paquete de\u201cpropuestas muy interesantes\u201d.<\/p>\n\n\n\n<p>El actor Dami\u00e1n Alc\u00e1zar, quien ha mostrado en reiteradas ocasiones su apoyo hacia el proyecto de gobierno, se\u00f1al\u00f3 que aspectos dentro de la propuesta son \u201cel sue\u00f1o de todo mexicano\u201d por los recortes presupuestales a partidos. Se\u00f1al\u00f3 que la propuestahar\u00eda feliz a los mexicanos, mas no a los \u201cpol\u00edticos de siempre\u201d. \u201cLas diputaciones plurinominales deben desaparecer,si ya de por s\u00ed con el apoyo del pueblo traicionan\u2026 Aunque en realidad,los hechos nos dicen que debe desaparecer el PRI, PAN y PRD\u201d, se\u00f1al\u00f3<\/p>\n\n\n\n<p>Como era previsible, la clase pol\u00edtica que se vio desplazada tras el colapso del r\u00e9gimen neoliberal, reaccion\u00f3 ante el intento del actual gobierno de empoderar a la ciudadan\u00eda y reducir el \u00e1mbito de la discrecionalidad y de acuerdos entre c\u00fapulas. La apasionada adhesi\u00f3n de la derecha pol\u00edtica a la dirigencia del INE puso nuevamente al descubierto, el tipo de relaciones generadas por tales arreglos y la ausencia de un \u00e1rbitro m\u00ednimamente objetivo y cre\u00edble, se\u00f1ala un editorial de La Jornada.<\/p>\n\n\n\n<p><strong>Gerardo Villagr\u00e1n del Corral<\/strong>.<strong>&nbsp;Antrop\u00f3logo y economista mexicano, asociado al Centro Latinoamericano de An\u00e1lisis Estrat\u00e9gico (CLAE)<\/strong><\/p>\n","protected":false},"excerpt":{"rendered":"<p>Gerardo Villagr\u00e1n del Corral Fuente: Rebeli\u00f3n El gobierno de Manuel Andr\u00e9s L\u00f3pez Obrador present\u00f3 su propuesta de reforma electoral con la que se busca impulsar una democracia real, directa, participativa, libre de los intermediarios entre soberan\u00eda popular y conformaci\u00f3n del poder pol\u00edtico que caracterizaron a la gobernanza neoliberal y nunca garantizaron imparcialidad, certeza y legalidad. [&hellip;]<\/p>\n","protected":false},"author":1,"featured_media":1691,"comment_status":"open","ping_status":"open","sticky":false,"template":"","format":"standard","meta":{"footnotes":""},"categories":[5,3],"tags":[],"_links":{"self":[{"href":"http:\/\/www.movimientocaamanista.com\/index.php?rest_route=\/wp\/v2\/posts\/6540"}],"collection":[{"href":"http:\/\/www.movimientocaamanista.com\/index.php?rest_route=\/wp\/v2\/posts"}],"about":[{"href":"http:\/\/www.movimientocaamanista.com\/index.php?rest_route=\/wp\/v2\/types\/post"}],"author":[{"embeddable":true,"href":"http:\/\/www.movimientocaamanista.com\/index.php?rest_route=\/wp\/v2\/users\/1"}],"replies":[{"embeddable":true,"href":"http:\/\/www.movimientocaamanista.com\/index.php?rest_route=%2Fwp%2Fv2%2Fcomments&post=6540"}],"version-history":[{"count":1,"href":"http:\/\/www.movimientocaamanista.com\/index.php?rest_route=\/wp\/v2\/posts\/6540\/revisions"}],"predecessor-version":[{"id":6541,"href":"http:\/\/www.movimientocaamanista.com\/index.php?rest_route=\/wp\/v2\/posts\/6540\/revisions\/6541"}],"wp:featuredmedia":[{"embeddable":true,"href":"http:\/\/www.movimientocaamanista.com\/index.php?rest_route=\/wp\/v2\/media\/1691"}],"wp:attachment":[{"href":"http:\/\/www.movimientocaamanista.com\/index.php?rest_route=%2Fwp%2Fv2%2Fmedia&parent=6540"}],"wp:term":[{"taxonomy":"category","embeddable":true,"href":"http:\/\/www.movimientocaamanista.com\/index.php?rest_route=%2Fwp%2Fv2%2Fcategories&post=6540"},{"taxonomy":"post_tag","embeddable":true,"href":"http:\/\/www.movimientocaamanista.com\/index.php?rest_route=%2Fwp%2Fv2%2Ftags&post=6540"}],"curies":[{"name":"wp","href":"https:\/\/api.w.org\/{rel}","templated":true}]}}