{"id":6567,"date":"2022-05-24T10:40:51","date_gmt":"2022-05-24T10:40:51","guid":{"rendered":"http:\/\/www.movimientocaamanista.com\/?p=6567"},"modified":"2022-05-24T10:40:52","modified_gmt":"2022-05-24T10:40:52","slug":"oligarquia-colombiana-intenta-homicidio-del-candidato-presidencial-gustavo-petro-en-el-eje-cafetero","status":"publish","type":"post","link":"http:\/\/www.movimientocaamanista.com\/?p=6567","title":{"rendered":"Oligarqu\u00eda colombiana intenta homicidio del candidato presidencial Gustavo Petro en el Eje cafetero"},"content":{"rendered":"\n<p>Horacio Duque<\/p>\n\n\n\n<p>Fuente: <a href=\"https:\/\/kaosenlared.net\/oligarquia-colombiana-intenta-homicidio-del-candidato-presidencial-gustavo-petro-en-el-eje-cafetero\/\">Kaos en la Red<\/a><\/p>\n\n\n\n<p>Quedan tres semanas para que el 29 de mayo se realice la votaci\u00f3n que determine, en primera vuelta, el pr\u00f3ximo presidente del Colombia para el periodo 2022-2026.<\/p>\n\n\n\n<p>El contexto de la campa\u00f1a incorpora varios aspectos que conviene resaltar. Me refiero a la sostenida favorabilidad (44%) del candidato Gustavo Petro en representaci\u00f3n del Pacto Hist\u00f3rico, una coalici\u00f3n de movimientos pol\u00edticos populares que se anot\u00f3 una importante victoria en las votaciones del 13 de marzo para escoger los integrantes del poder legislativo, donde se ha conformado una bancada de m\u00e1s de 60 parlamentarios de izquierda; a la guerra sucia orquestada por la ultraderecha para enlodar a Petro con supuestos indultos a criminales asociados con la corrupci\u00f3n y el paramilitarismo; a la consolidaci\u00f3n y ascenso de la candidatura del ex alcalde de Medell\u00edn, Federico Guti\u00e9rrez (24%), en representaci\u00f3n del campo&nbsp; de la derecha y de sectores del centro incluyendo a los partidos liberal, conservador, Centro democr\u00e1tico (uribismo duro), Cambio radical (ex vicepresidente German Vargas Lleras) y cristianos, todos con una fuerte representaci\u00f3n parlamentaria; a la permanencia de la candidatura del ex alcalde de Bucaramanga, Rodolfo Hern\u00e1ndez (13%), vocero de una Liga contra la corrupci\u00f3n; y al declive de las candidaturas de Sergio Fajardo (6,3%) e Ingrid Betancur 0.5%); a la y a la irrelevancia de las propuestas de la ultraderecha falangista y de las iglesias protestantes, que terminaran por sumarse al candidato Guti\u00e9rrez.<\/p>\n\n\n\n<p>Adicionalmente ayer 2 de mayo se present\u00f3 un hecho extraordinario, de extrema gravedad, pero previsible en la pol\u00edtica colombiana. El senador Gustavo Petro debi\u00f3 cancelar, por serias amenazas contra su vida, la intensa agenda de manifestaciones p\u00fablicas en las tres capitales del Eje cafetero (Armenia, Pereira y Manizales); un territorio cuya poblaci\u00f3n es hegemonizada por el discurso de la ultra derecha, la cual controla los aparatos gubernamentales locales, las redes policiales y militares y las telara\u00f1as de la mafia del narcotr\u00e1fico y el sicariato, estructuradas alrededor de la \u201cCordillera\u201d y de los \u201cFlacos\u201d, las dos principales conglomerados del neoparamilitarismo regional, asociadas al Clan del Golfo, en calidad de franquicias criminales.<\/p>\n\n\n\n<p>En Colombia el magnicidio de l\u00edderes pol\u00edticos opositores y de izquierda ha sido una pr\u00e1ctica recurrente en las formas del ejercicio del poder de los clanes olig\u00e1rquicos dominantes en la sociedad. Rafael Uribe Uribe, Jorge Eliecer Gaitan, Jaime Pardo Leal, Bernardo Jaramillo, Luis Carlos Gal\u00e1n y Carlos Pizarro, han ca\u00eddo asesinados por sicarios pagados por mafias muy poderosas de la pol\u00edtica que han utilizado desde hachas, pistolas hasta ametralladoras para sacar del juego electoral a estos representantes de coaliciones opositoras y populares.<\/p>\n\n\n\n<p>Hay que agregar que en las d\u00e9cadas recientes este procedimiento violento se ha sistematizado con la masacre recurrente, el exterminio de miles de l\u00edderes sociales y ambientales y la matanza de ex combatientes guerrilleros que han negociado de buena fe con los gobiernos de turno.<\/p>\n\n\n\n<p>De acuerdo con lo informado por la campa\u00f1a de Petro, los esquemas de seguridad de la misma detectaron un plan para asesinarlo en una de las principales plazas p\u00fablicas del Eje cafetero; acci\u00f3n que deb\u00edan ejecutar pistoleros de la \u201cCordillera\u201d junto los \u201cFlacos\u201d de Cartago, con abundantes conexiones con las camarillas pol\u00edticas, policiales y del ej\u00e9rcito en la region. Un miembro de la Sijin (Direcci\u00f3n regional de la inteligencia de la polic\u00eda nacional), que intervino en el asesinato del l\u00edder juvenil Lucas Vila, es ficha clave en todo el plan contra Petro; al que adem\u00e1s est\u00e1n asociados varios gamonales de la politiquer\u00eda electoral cafetera como \u201cToto\u201d en Armenia; los Merheg de Pereira, con amplio arraigo en zonas cocaleras; y Gallo, el senador liberal gavirista que ha sido vinculado por la Fiscal\u00eda con un prominente jefe mafioso de Pereira, financiador de su pasada campa\u00f1a electoral al senado; y el senador Mario Casta\u00f1o de Manizales, vinculado al neoparamilitarismo del Magdalena Medio y a las redes de despojo del Estado con fraudes contractuales.<\/p>\n\n\n\n<p>Demasiado delicado lo que acaba de ocurrir. Una advertencia muy seria que se debe asumir con toda la responsabilidad del caso. El Senador Gustavo Petro debe ir con m\u00e1s cuidado, su trabajo ha sido tit\u00e1nico en los \u00faltimos 12 meses y bien se le puede recomendar un poco m\u00e1s de calma en sus giras programadas para las pr\u00f3ximas dos semanas. Es mejor que no se exponga y que no le ofrezca el papayazo que est\u00e1 buscando la ultraderecha para liquidarlo f\u00edsicamente. Ojo que este es un pa\u00eds de mafias muy mort\u00edferas que integran oligarqu\u00edas de todos los pelajes.<\/p>\n\n\n\n<hr class=\"wp-block-separator\"\/>\n\n\n\n<p>Nota relacionda:<\/p>\n\n\n\n<p><a href=\"https:\/\/kaosenlared.net\/colombia-alianza-de-bandas-tienen-el-objetivo-de-asesinar-al-senador-gustavo-petro\/\">Colombia. Alianza de bandas tienen el objetivo de asesinar al senador Gustavo Petro<\/a><\/p>\n","protected":false},"excerpt":{"rendered":"<p>Horacio Duque Fuente: Kaos en la Red Quedan tres semanas para que el 29 de mayo se realice la votaci\u00f3n que determine, en primera vuelta, el pr\u00f3ximo presidente del Colombia para el periodo 2022-2026. El contexto de la campa\u00f1a incorpora varios aspectos que conviene resaltar. Me refiero a la sostenida favorabilidad (44%) del candidato Gustavo [&hellip;]<\/p>\n","protected":false},"author":1,"featured_media":3152,"comment_status":"open","ping_status":"open","sticky":false,"template":"","format":"standard","meta":{"footnotes":""},"categories":[5,3],"tags":[],"_links":{"self":[{"href":"http:\/\/www.movimientocaamanista.com\/index.php?rest_route=\/wp\/v2\/posts\/6567"}],"collection":[{"href":"http:\/\/www.movimientocaamanista.com\/index.php?rest_route=\/wp\/v2\/posts"}],"about":[{"href":"http:\/\/www.movimientocaamanista.com\/index.php?rest_route=\/wp\/v2\/types\/post"}],"author":[{"embeddable":true,"href":"http:\/\/www.movimientocaamanista.com\/index.php?rest_route=\/wp\/v2\/users\/1"}],"replies":[{"embeddable":true,"href":"http:\/\/www.movimientocaamanista.com\/index.php?rest_route=%2Fwp%2Fv2%2Fcomments&post=6567"}],"version-history":[{"count":1,"href":"http:\/\/www.movimientocaamanista.com\/index.php?rest_route=\/wp\/v2\/posts\/6567\/revisions"}],"predecessor-version":[{"id":6568,"href":"http:\/\/www.movimientocaamanista.com\/index.php?rest_route=\/wp\/v2\/posts\/6567\/revisions\/6568"}],"wp:featuredmedia":[{"embeddable":true,"href":"http:\/\/www.movimientocaamanista.com\/index.php?rest_route=\/wp\/v2\/media\/3152"}],"wp:attachment":[{"href":"http:\/\/www.movimientocaamanista.com\/index.php?rest_route=%2Fwp%2Fv2%2Fmedia&parent=6567"}],"wp:term":[{"taxonomy":"category","embeddable":true,"href":"http:\/\/www.movimientocaamanista.com\/index.php?rest_route=%2Fwp%2Fv2%2Fcategories&post=6567"},{"taxonomy":"post_tag","embeddable":true,"href":"http:\/\/www.movimientocaamanista.com\/index.php?rest_route=%2Fwp%2Fv2%2Ftags&post=6567"}],"curies":[{"name":"wp","href":"https:\/\/api.w.org\/{rel}","templated":true}]}}