{"id":6578,"date":"2022-05-24T11:05:06","date_gmt":"2022-05-24T11:05:06","guid":{"rendered":"http:\/\/www.movimientocaamanista.com\/?p=6578"},"modified":"2022-05-24T11:05:07","modified_gmt":"2022-05-24T11:05:07","slug":"declaracion-publica-3","status":"publish","type":"post","link":"http:\/\/www.movimientocaamanista.com\/?p=6578","title":{"rendered":"Declaraci\u00f3n P\u00fablica"},"content":{"rendered":"\n<p>Las declaraciones publicadas en la prensa nacional, respecto a que El Ministerio de Medio Ambiente eval\u00faa modificar la Resoluci\u00f3n 0005-2017, que  procura proteger las zonas monta\u00f1osas y de producci\u00f3n de agua a nivel nacional, constituyen una preocupante se\u00f1al de que en el gobierno existan funcionarios que prefieran favorecer el inter\u00e9s particular por encima del inter\u00e9s general de la naci\u00f3n.<\/p>\n\n\n\n<p>De ser cierta la versi\u00f3n que se atribuye a un director provincial de Medio Ambiente, suponemos que a estas horas ya ese funcionario ha sido llamado a cap\u00edtulo por el Ministro Orlando Jorge Mera y que en breve se producir\u00e1 una declaraci\u00f3n oficial rechazando ese intenci\u00f3n y reiterando el esp\u00edritu de esa resoluci\u00f3n que busca reforzar los criterios de la Ley 64-00 sobre la necesidad de proteger la vocaci\u00f3n forestal y para la captaci\u00f3n de agua de los bosques de monta\u00f1a.<\/p>\n\n\n\n<p>Es una verdadera l\u00e1stima que mientras el presidente Abinader ha solicitado al Congreso Nacional que agilice el conocimiento y aprobaci\u00f3n de las Leyes de Agua y de Ordenamiento Territorial (en cuyo articulado tambi\u00e9n debe normarse las construcciones de monta\u00f1a), existan funcionarios p\u00fablicos que auspicien el debilitamiento de las regulaciones existentes.<\/p>\n\n\n\n<p>La Resoluci\u00f3n 0005-2017 fue emitida a ra\u00edz de la intensa escalada de proyectos inmobiliarios en zonas de monta\u00f1a  de alta pendiente, en especial en Jarabacoa y Constanza, que en muchos casos estaban desmontando y modificando el paisaje en perjuicio del microclima,  los corredores biol\u00f3gicos y las zonas de captaci\u00f3n de agua de las que se abastece la agricultura y para el consumo humano, afectando acueductos y cauces de r\u00edos y arroyos. <\/p>\n\n\n\n<p>Es importante rese\u00f1ar que los terrenos que se encuentran por encima de los 1,200 metros, en su gran mayor\u00eda tienen pendientes mayores del 60%, cuyo uso est\u00e1 restringido y protegido por la Ley 64-00 y es el Ministerio de Medio Ambiente el responsable de velar por su cumplimiento.<\/p>\n\n\n\n<p>Academia de Ciencias de la Rep\u00fablica Dominicana<br>\nComisi\u00f3n Ambiental de la UASD<br>\nFundaci\u00f3n Acci\u00f3n Verde. Inc.<\/p>\n","protected":false},"excerpt":{"rendered":"<p>Las declaraciones publicadas en la prensa nacional, respecto a que El Ministerio de Medio Ambiente eval\u00faa modificar la Resoluci\u00f3n 0005-2017, que procura proteger las zonas monta\u00f1osas y de producci\u00f3n de agua a nivel nacional, constituyen una preocupante se\u00f1al de que en el gobierno existan funcionarios que prefieran favorecer el inter\u00e9s particular por encima del inter\u00e9s [&hellip;]<\/p>\n","protected":false},"author":1,"featured_media":6579,"comment_status":"open","ping_status":"open","sticky":false,"template":"","format":"standard","meta":{"footnotes":""},"categories":[5,2],"tags":[],"_links":{"self":[{"href":"http:\/\/www.movimientocaamanista.com\/index.php?rest_route=\/wp\/v2\/posts\/6578"}],"collection":[{"href":"http:\/\/www.movimientocaamanista.com\/index.php?rest_route=\/wp\/v2\/posts"}],"about":[{"href":"http:\/\/www.movimientocaamanista.com\/index.php?rest_route=\/wp\/v2\/types\/post"}],"author":[{"embeddable":true,"href":"http:\/\/www.movimientocaamanista.com\/index.php?rest_route=\/wp\/v2\/users\/1"}],"replies":[{"embeddable":true,"href":"http:\/\/www.movimientocaamanista.com\/index.php?rest_route=%2Fwp%2Fv2%2Fcomments&post=6578"}],"version-history":[{"count":1,"href":"http:\/\/www.movimientocaamanista.com\/index.php?rest_route=\/wp\/v2\/posts\/6578\/revisions"}],"predecessor-version":[{"id":6580,"href":"http:\/\/www.movimientocaamanista.com\/index.php?rest_route=\/wp\/v2\/posts\/6578\/revisions\/6580"}],"wp:featuredmedia":[{"embeddable":true,"href":"http:\/\/www.movimientocaamanista.com\/index.php?rest_route=\/wp\/v2\/media\/6579"}],"wp:attachment":[{"href":"http:\/\/www.movimientocaamanista.com\/index.php?rest_route=%2Fwp%2Fv2%2Fmedia&parent=6578"}],"wp:term":[{"taxonomy":"category","embeddable":true,"href":"http:\/\/www.movimientocaamanista.com\/index.php?rest_route=%2Fwp%2Fv2%2Fcategories&post=6578"},{"taxonomy":"post_tag","embeddable":true,"href":"http:\/\/www.movimientocaamanista.com\/index.php?rest_route=%2Fwp%2Fv2%2Ftags&post=6578"}],"curies":[{"name":"wp","href":"https:\/\/api.w.org\/{rel}","templated":true}]}}