{"id":6618,"date":"2022-05-28T10:56:37","date_gmt":"2022-05-28T10:56:37","guid":{"rendered":"http:\/\/www.movimientocaamanista.com\/?p=6618"},"modified":"2022-06-18T03:08:08","modified_gmt":"2022-06-18T03:08:08","slug":"tiroteos-tragedia-incesante","status":"publish","type":"post","link":"http:\/\/www.movimientocaamanista.com\/?p=6618","title":{"rendered":"Tiroteos, tragedia incesante"},"content":{"rendered":"\n<p>Editorial de La Jornada<\/p>\n\n\n\n<p>Fuente: <a href=\"https:\/\/rebelion.org\/tiroteos-tragedia-incesante\/\">Rebeli\u00f3n<\/a><\/p>\n\n\n\n<p>En las pasadas dos d\u00e9cadas pr\u00e1cticamente se triplic\u00f3 la producci\u00f3n anual de armas de fuego destinadas a civiles, la cual pas\u00f3 de 3.854.439 rifles, pistolas y escopetas, en 1996, a 11.497.441 en 2016.<\/p>\n\n\n\n<p>El martes pasado, un joven de 18 a\u00f1os entr\u00f3 a una escuela primaria de la localidad de Uvalde, Texas, y asesin\u00f3 a 19 ni\u00f1os de entre ocho y 10 a\u00f1os, as\u00ed como a dos profesoras, antes de ser abatido por un agente de la Patrulla Fronteriza que estaba cerca cuando comenz\u00f3 el tiroteo. Al menos 15 personas resultaron heridas y fueron trasladadas a hospitales. De acuerdo con el gobernador de la entidad sure\u00f1a, Greg Abbott, el atacante, Salvador Ramos, habr\u00eda avisado de sus planes minutos antes de llevarlos a cabo en su cuenta de Facebook, y antes ya hab\u00eda advertido a una desconocida en Instagram.<\/p>\n\n\n\n<p>La masacre conmocion\u00f3 a la sociedad estadounidense por tratarse del ataque m\u00e1s mort\u00edfero perpetrado en un centro escolar desde la matanza de Sandy Hook en Connecticut en 2012, as\u00ed como por producirse apenas 10 d\u00edas despu\u00e9s de que otro joven de la misma edad que Ramos, Payton Gendron, matara a 10 personas e hiriera a otras tres en un supermercado de Buffalo, Nueva York. Este crimen present\u00f3 dos elementos que lo volvieron incluso m\u00e1s inquietante: que estuvo inspirado y motivado por el odio racial y el supremacismo blanco, y que Gendron lo transmiti\u00f3 en vivo a trav\u00e9s de la red social Twitch.<\/p>\n\n\n\n<p>Tales acontecimientos no pueden desligarse de la fiebre por la posesi\u00f3n de armas de fuego que padece la poblaci\u00f3n de nuestro pa\u00eds vecino del norte. Como dio a conocer&nbsp;<em>La Jornada<\/em>&nbsp;a inicios de mes, en las pasadas dos d\u00e9cadas pr\u00e1cticamente se triplic\u00f3 la producci\u00f3n anual de armas de fuego destinadas a civiles, la cual pas\u00f3 de 3 millones 854 mil 439 rifles, pistolas y escopetas, en 1996, a 11 millones 497 mil 441 en 2016. Pero no s\u00f3lo se fabricaron m\u00e1s armas, sino que tambi\u00e9n se adquirieron del exterior a un ritmo acelerado: en 2020 se importaron 6 millones 831 mil 376 armas, seis veces m\u00e1s que el mill\u00f3n 97 mil correspondiente a 20 a\u00f1os antes. Semejante fijaci\u00f3n por estos dispositivos ha hecho de Estados Unidos la \u00fanica naci\u00f3n del mundo con m\u00e1s armas en manos de civiles que personas, con 120 de estos instrumentos por cada 100 habitantes. De acuerdo con la organizaci\u00f3n Small Arms Survey (SAS), los estadunidenses poseen 393 millones de los 857 millones de armas civiles que existen en el mundo.<\/p>\n\n\n\n<p>Sin embargo, la man\u00eda por poseer armas de fuego no puede explicar por s\u00ed sola la espantosa recurrencia de un fen\u00f3meno como los tiroteos masivos, definidos por el Archivo de la Violencia (GVA, por sus siglas en ingl\u00e9s) como un evento en que cuatro o m\u00e1s personas resultaron muertas o heridas por este tipo de armas, y de los cuales ya van al menos 212 este a\u00f1o, casi 1.6 al d\u00eda. Aunque el libertinaje con que se adquieren y usan desde pistolas peque\u00f1as hasta rifles de asalto facilita sin duda las explosiones de violencia, \u00e9stas s\u00f3lo pueden entenderse en el contexto de una inocultable crisis de salud mental y de un p\u00e9simo ejemplo por parte del aparato de Estado, el cual, en su actuaci\u00f3n cotidiana frente a la comunidad internacional, ense\u00f1a a sus ciudadanos que el empleo de la fuerza letal es la respuesta a cualquier diferendo y el medio natural para alcanzar sus objetivos.<\/p>\n\n\n\n<p>Tras conocer la tragedia de Uvalde, el presidente Joe Biden clam\u00f3: \u201c\u00bfCu\u00e1ndo, por el amor de Dios, nos vamos a enfrentar al&nbsp;<em>lobby<\/em>&nbsp;de las armas?\u201d No est\u00e1 de m\u00e1s recordar al mandatario y a la sociedad estadounidense que M\u00e9xico enfrenta a esos cabilderos mediante una demanda contra 11 empresas fabricantes de armamento por dise\u00f1ar y fabricar armas de guerra, y comercializarlas de una manera que saben que provee de manera rutinaria a los c\u00e1rteles de la droga en nuestro pa\u00eds y que, de prosperar, ese pleito judicial podr\u00eda sentar las bases para la introducci\u00f3n de reformas al marco legal que pongan freno al desbocado e inmoral comercio de armas. Est\u00e1 claro que, si es sincero en su deseo de acotar el poder del sector armament\u00edstico, Biden debe encontrar en M\u00e9xico un aliado natural y secundar la iniciativa impulsada por las autoridades mexicanas en cortes estadounidenses.<\/p>\n","protected":false},"excerpt":{"rendered":"<p>Editorial de La Jornada Fuente: Rebeli\u00f3n En las pasadas dos d\u00e9cadas pr\u00e1cticamente se triplic\u00f3 la producci\u00f3n anual de armas de fuego destinadas a civiles, la cual pas\u00f3 de 3.854.439 rifles, pistolas y escopetas, en 1996, a 11.497.441 en 2016. El martes pasado, un joven de 18 a\u00f1os entr\u00f3 a una escuela primaria de la localidad [&hellip;]<\/p>\n","protected":false},"author":1,"featured_media":3196,"comment_status":"open","ping_status":"open","sticky":false,"template":"","format":"standard","meta":{"footnotes":""},"categories":[5,3],"tags":[],"_links":{"self":[{"href":"http:\/\/www.movimientocaamanista.com\/index.php?rest_route=\/wp\/v2\/posts\/6618"}],"collection":[{"href":"http:\/\/www.movimientocaamanista.com\/index.php?rest_route=\/wp\/v2\/posts"}],"about":[{"href":"http:\/\/www.movimientocaamanista.com\/index.php?rest_route=\/wp\/v2\/types\/post"}],"author":[{"embeddable":true,"href":"http:\/\/www.movimientocaamanista.com\/index.php?rest_route=\/wp\/v2\/users\/1"}],"replies":[{"embeddable":true,"href":"http:\/\/www.movimientocaamanista.com\/index.php?rest_route=%2Fwp%2Fv2%2Fcomments&post=6618"}],"version-history":[{"count":1,"href":"http:\/\/www.movimientocaamanista.com\/index.php?rest_route=\/wp\/v2\/posts\/6618\/revisions"}],"predecessor-version":[{"id":6619,"href":"http:\/\/www.movimientocaamanista.com\/index.php?rest_route=\/wp\/v2\/posts\/6618\/revisions\/6619"}],"wp:featuredmedia":[{"embeddable":true,"href":"http:\/\/www.movimientocaamanista.com\/index.php?rest_route=\/wp\/v2\/media\/3196"}],"wp:attachment":[{"href":"http:\/\/www.movimientocaamanista.com\/index.php?rest_route=%2Fwp%2Fv2%2Fmedia&parent=6618"}],"wp:term":[{"taxonomy":"category","embeddable":true,"href":"http:\/\/www.movimientocaamanista.com\/index.php?rest_route=%2Fwp%2Fv2%2Fcategories&post=6618"},{"taxonomy":"post_tag","embeddable":true,"href":"http:\/\/www.movimientocaamanista.com\/index.php?rest_route=%2Fwp%2Fv2%2Ftags&post=6618"}],"curies":[{"name":"wp","href":"https:\/\/api.w.org\/{rel}","templated":true}]}}