{"id":6647,"date":"2022-05-31T10:32:08","date_gmt":"2022-05-31T10:32:08","guid":{"rendered":"http:\/\/www.movimientocaamanista.com\/?p=6647"},"modified":"2022-05-31T10:32:10","modified_gmt":"2022-05-31T10:32:10","slug":"peru-no-encuentra-salida-a-la-crisis-politica-y-social","status":"publish","type":"post","link":"http:\/\/www.movimientocaamanista.com\/?p=6647","title":{"rendered":"Per\u00fa no encuentra salida a la crisis pol\u00edtica y social"},"content":{"rendered":"\n<p>Mariana \u00c1lvarez Orellana<\/p>\n\n\n\n<p>Fuente: <a href=\"https:\/\/rebelion.org\/peru-no-encuentra-salida-a-la-crisis-politica-y-social\/\">Rebeli\u00f3n<\/a><\/p>\n\n\n\n<p>Un escenario pol\u00edtico en medio de un proceso de conflictos sociales y de paros y movilizaciones por demandas que no han sido resueltas por el Ejecutivo.<\/p>\n\n\n\n<p>La crisis pol\u00edtica que soporta Per\u00fa desde hace varios a\u00f1os y que se vio agravada con la presidencia de Pedro Castillo, coloca al pa\u00eds en un escenario muy similar a un pa\u00eds sin salida, con un gobierno sin rumbo y que ha dilapidado el respaldo ciudadano con el que lleg\u00f3 al poder y con una oposici\u00f3n parlamentaria de derecha cuya \u00fanica estrategia es la liquidaci\u00f3n del Ejecutivo, Pareciera que ninguno de ellos sabe qu\u00e9 hacer con el pa\u00eds.<\/p>\n\n\n\n<p>Para los analistas, es poco probable construir espacios de consensos, de llegar a acuerdos pol\u00edticos son muy limitados porque los actores en conflicto han quemado y expectorado a posibles garantes como el Acuerdo Nacional, las Iglesias y la sociedad civil.<\/p>\n\n\n\n<p>Y en medio de esta confrontaci\u00f3n, el Ejecutivo ha lanzado la propuesta de la Asamblea Constituyente como el fin de todos los males, la que dif\u00edcilmente pasar\u00e1 el filtro del Congreso. Lo que no significa que es necesario encontrar una salida constitucional que evite el descalabro o salidas radicales que destruyan lo poco que se ha avanzado desde el proceso de transici\u00f3n democr\u00e1tica que instal\u00f3 el presidente Valent\u00edn Paniagua hace casi dos d\u00e9cadas, tras la ca\u00edda del dictador Alberto Fujimori.&nbsp;<\/p>\n\n\n\n<p>La oposici\u00f3n derechista ya forz\u00f3 dos procesos de destituci\u00f3n. Con la decisi\u00f3n del pleno del Congreso de admitir las mociones de interpelaci\u00f3n de An\u00edbal Torres, presidente del Consejo de ministros; Alfonso Ch\u00e1varry, ministro del Interior; Carlos Palacios, ministro de Energ\u00eda y Minas; y, Betssy Ch\u00e1vez, ministra del Trabajo, se configura un escenario de confrontaci\u00f3n con desenlace muy r\u00e1pido: todo se resolver\u00e1 esta semana<\/p>\n\n\n\n<p>Todo indica que nada detendr\u00e1 esta nueva confrontaci\u00f3n entre Ejecutivo y Legislativo Al parecer los votos para la interpelaci\u00f3n de Torres est\u00e1n asegurados, lo que significar\u00eda que el presidente Castillo pierde no solo a su m\u00e1s importante cuadro pol\u00edtico. Y con \u00e9l se ir\u00e1n tres ministros representantes de la bancada magisterial (Ch\u00e1vez), de la bancada de Per\u00fa Libre (Palacio), y del grupo chotano (Ch\u00e1varry y el propio Torres).<\/p>\n\n\n\n<p>As\u00ed, Castillo se ve obligado a instalar su quinto Gabinete, todo, en nueve meses de gesti\u00f3n. Pero una segunda censura al pr\u00f3ximo gabinete o la negaci\u00f3n de una cuesti\u00f3n de confianza al Ejecutivo, ser\u00e1 raz\u00f3n suficiente para el presidente disuelva el Congreso, y convoque a nuevas elecciones parlamentarias.<\/p>\n\n\n\n<p>Este escenario se presenta en medio de un proceso de conflictos sociales y de paros y movilizaciones por demandas que no han sido resueltas por el Ejecutivo ni \u00e9ste ni los anteriores), no parecer habr posibilidades de acuerdos, mientras la conflictividad social, incitada por el hambre y desempleo, se va transformando en violencia social, ech\u00e1ndole gasolina a la crisis.<\/p>\n\n\n\n<p><strong>El oscurantismo de la derecha<\/strong><\/p>\n\n\n\n<p>Pero la derecha sigue su camino oscurantista:&nbsp; El viernes 6 de mayo, el pleno del Congreso aprob\u00f3 con 88 votos a favor la iniciativa legislativa que impide que los escolares reciban educaci\u00f3n sexual integral y educaci\u00f3n con enfoque de g\u00e9nero. La medida aprobada naci\u00f3 del proyecto de ley 904, propuesto por Esdras Medina Minaya, congresista ultraconservador de Renovaci\u00f3n Popular y simpatizante de \u201cCon mis hijos no te metas\u201d.<\/p>\n\n\n\n<p>Con su propuesta aprobada, los textos escolares no podr\u00e1n contener informaci\u00f3n sobre educaci\u00f3n sexual integral ni educaci\u00f3n con enfoque de g\u00e9nero, pues seg\u00fan el texto sustitutorio aprobado la iniciativa busca que la educaci\u00f3n no se use para promover una \u00abideolog\u00eda social\u00bb. As\u00ed es como se refieren los grupos antiderechos a las herramientas que ayudan a prevenir la violencia contra la mujer y personas LGTBIQ+, as\u00ed como los embarazos adolescentes y enfermedades de transmisi\u00f3n sexual.<\/p>\n\n\n\n<p><strong>Mariana \u00c1lvarez Orellana<\/strong>.&nbsp;<strong>Antrop\u00f3loga, docente e investigadora peruana, analista asociada al Centro Latinoamericano de An\u00e1lisis Estrat\u00e9gico (CLAE)<\/strong><\/p>\n","protected":false},"excerpt":{"rendered":"<p>Mariana \u00c1lvarez Orellana Fuente: Rebeli\u00f3n Un escenario pol\u00edtico en medio de un proceso de conflictos sociales y de paros y movilizaciones por demandas que no han sido resueltas por el Ejecutivo. La crisis pol\u00edtica que soporta Per\u00fa desde hace varios a\u00f1os y que se vio agravada con la presidencia de Pedro Castillo, coloca al pa\u00eds [&hellip;]<\/p>\n","protected":false},"author":1,"featured_media":4281,"comment_status":"open","ping_status":"open","sticky":false,"template":"","format":"standard","meta":{"footnotes":""},"categories":[5,3],"tags":[],"_links":{"self":[{"href":"http:\/\/www.movimientocaamanista.com\/index.php?rest_route=\/wp\/v2\/posts\/6647"}],"collection":[{"href":"http:\/\/www.movimientocaamanista.com\/index.php?rest_route=\/wp\/v2\/posts"}],"about":[{"href":"http:\/\/www.movimientocaamanista.com\/index.php?rest_route=\/wp\/v2\/types\/post"}],"author":[{"embeddable":true,"href":"http:\/\/www.movimientocaamanista.com\/index.php?rest_route=\/wp\/v2\/users\/1"}],"replies":[{"embeddable":true,"href":"http:\/\/www.movimientocaamanista.com\/index.php?rest_route=%2Fwp%2Fv2%2Fcomments&post=6647"}],"version-history":[{"count":1,"href":"http:\/\/www.movimientocaamanista.com\/index.php?rest_route=\/wp\/v2\/posts\/6647\/revisions"}],"predecessor-version":[{"id":6648,"href":"http:\/\/www.movimientocaamanista.com\/index.php?rest_route=\/wp\/v2\/posts\/6647\/revisions\/6648"}],"wp:featuredmedia":[{"embeddable":true,"href":"http:\/\/www.movimientocaamanista.com\/index.php?rest_route=\/wp\/v2\/media\/4281"}],"wp:attachment":[{"href":"http:\/\/www.movimientocaamanista.com\/index.php?rest_route=%2Fwp%2Fv2%2Fmedia&parent=6647"}],"wp:term":[{"taxonomy":"category","embeddable":true,"href":"http:\/\/www.movimientocaamanista.com\/index.php?rest_route=%2Fwp%2Fv2%2Fcategories&post=6647"},{"taxonomy":"post_tag","embeddable":true,"href":"http:\/\/www.movimientocaamanista.com\/index.php?rest_route=%2Fwp%2Fv2%2Ftags&post=6647"}],"curies":[{"name":"wp","href":"https:\/\/api.w.org\/{rel}","templated":true}]}}