{"id":6720,"date":"2022-06-10T11:05:19","date_gmt":"2022-06-10T11:05:19","guid":{"rendered":"http:\/\/www.movimientocaamanista.com\/?p=6720"},"modified":"2022-06-10T11:05:20","modified_gmt":"2022-06-10T11:05:20","slug":"el-planeta-en-llamas","status":"publish","type":"post","link":"http:\/\/www.movimientocaamanista.com\/?p=6720","title":{"rendered":"El planeta en llamas"},"content":{"rendered":"\n<p>Sergio Ferrari<\/p>\n\n\n\n<p>Fuente: <a href=\"https:\/\/rebelion.org\/el-planeta-en-llamas\/\">Rebeli\u00f3n<\/a><\/p>\n\n\n\n<p>El \u00c1rtico se derrite aceleradamente<\/p>\n\n\n\n<p><strong>No por conocido deja de ser menos dram\u00e1tico. El planeta se quema y los plazos \u201cinfernales\u201d se acortan d\u00eda a d\u00eda ante la indiferencia real de los que detentan el poder.<\/strong><\/p>\n\n\n\n<p>La segunda semana de abril, la Organizaci\u00f3n Meteorol\u00f3gica Mundial (OMM), con sede en Ginebra, inform\u00f3 que existe un 50% de probabilidad de que en alguno de los pr\u00f3ximos cinco a\u00f1os la temperatura media del planeta supere en 1,5\u00b0C los \u00edndices preindustriales (1850-1900).<\/p>\n\n\n\n<p>De concretarse, este aumento de temperatura marcar\u00eda as\u00ed un punto de calentamiento global de no retorno y una bofetada al Acuerdo de Par\u00eds del 12 de diciembre del 2015, que entr\u00f3 en vigencia en noviembre de 2016.<\/p>\n\n\n\n<p>La OMM constituye el organismo especializado de las Naciones Unidas que se dedica a la cooperaci\u00f3n y la coordinaci\u00f3n internacionales en lo referente al estado y el comportamiento de la atm\u00f3sfera, su interacci\u00f3n con la tierra y los oc\u00e9anos, el tiempo y el clima que genera, y la consiguiente distribuci\u00f3n de los recursos h\u00eddricos (<em><a href=\"https:\/\/public.wmo.int\/es\/nuestro-mandato\/qu%C3%A9-hacemos\" target=\"_blank\" rel=\"noreferrer noopener\">https:\/\/public.wmo.int\/es\/nuestro-mandato\/qu%C3%A9-hacemos<\/a><\/em>).<\/p>\n\n\n\n<p>Seg\u00fan el comunicado de la OMM del 9 de mayo, existe un 93% de probabilidad de que al menos uno de los a\u00f1os del per\u00edodo comprendido entre 2022 y 2026 se convierta en el m\u00e1s c\u00e1lido jam\u00e1s registrado, desplazando as\u00ed a 2016 del primer puesto.<\/p>\n\n\n\n<p>En su informe sobre el&nbsp;<em>Estado del Clima Mundial en 2021,&nbsp;<\/em>a publicarse la tercera semana de mayo, la OMM profundiza el balance del a\u00f1o pasado. Seg\u00fan la OMM, los episodios consecutivos del fen\u00f3meno de La&nbsp;Ni\u00f1a a inicio y a fines de 2021, causaron una reducci\u00f3n de las temperaturas mundiales. Sin embargo, este efecto de enfriamiento global es solo provisional y no invierte la tendencia de calentamiento planetario a largo plazo. Por otra parte, si este a\u00f1o ocurriera otro episodio de El&nbsp;Ni\u00f1o, el mismo provocar\u00eda un repunte inmediato de las temperaturas, como ya ocurri\u00f3 en 2016.<\/p>\n\n\n\n<p><strong>Previsiones m\u00e1s que seguras<\/strong><\/p>\n\n\n\n<p>La afirmaci\u00f3n del organismo de las Naciones Unidas especializado en el clima se fundamenta en las conclusiones del&nbsp;<em>Bolet\u00edn sobre el clima mundial anual a decenal&nbsp;<\/em>(<em><a href=\"https:\/\/hadleyserver.metoffice.gov.uk\/wmolc\/\" target=\"_blank\" rel=\"noreferrer noopener\">Global Annual to Decadal Climate Update<\/a>,<\/em>&nbsp;<em><a href=\"https:\/\/hadleyserver.metoffice.gov.uk\/wmolc\/\" target=\"_blank\" rel=\"noreferrer noopener\">https:\/\/hadleyserver.metoffice.gov.uk\/wmolc\/<\/a>&nbsp;<\/em>), elaborado por la Oficina Meteorol\u00f3gica del Reino&nbsp;Unido, centro de referencia de la OMM para este tipo de proyecciones sobre la temperatura mundial. Esa Oficina Meteorol\u00f3gica tambi\u00e9n prev\u00e9 en m\u00e1s del 90% la probabilidad de que la media de la temperatura del quinquenio 2022-2026 supere a la del periodo 2017-2021.<\/p>\n\n\n\n<p>Participaron en la elaboraci\u00f3n de este informe, adem\u00e1s, grupos de predicci\u00f3n clim\u00e1tica de Espa\u00f1a, Alemania, Canad\u00e1, China, Estados Unidos, Jap\u00f3n, Australia, Suecia, Noruega y Dinamarca. Ese cruce de pron\u00f3sticos elaborados por entidades especializadas de diferentes regiones del mundo permite llegar a c\u00e1lculos m\u00e1s precisos. Por otra parte, dicha colaboraci\u00f3n multinacional se ve acompa\u00f1ada (y en cierta forma certificada) por el Programa Mundial de Investigaciones Clim\u00e1ticas (<em><a href=\"https:\/\/council.science\/es\/what-we-do\/affiliated-bodies\/world-climate-research-programme\/\" target=\"_blank\" rel=\"noreferrer noopener\">https:\/\/council.science\/es\/what-we-do\/affiliated-bodies\/world-climate-research-programme\/<\/a><\/em>), que se autodefine como&nbsp;\u201cla \u00fanica iniciativa de m\u00e1s larga duraci\u00f3n dedicada exclusivamente a la coordinaci\u00f3n de la investigaci\u00f3n clim\u00e1tica internacional\u201d. De hecho, se trata de un programa que re\u00fane a climat\u00f3logos de renombre internacional y que utiliza los mejores sistemas de predicci\u00f3n de centros clim\u00e1ticos de vanguardia en el mundo.<\/p>\n\n\n\n<p>Este Bolet\u00edn indica que para cada a\u00f1o entre 2022 y 2026, se prev\u00e9 que la temperatura media anual en superficie ser\u00e1 de alrededor de entre 1,1\u00b0C y 1,7\u00b0C superior a los niveles preindustriales.<\/p>\n\n\n\n<p><strong>Empeoramiento acelerado<\/strong><\/p>\n\n\n\n<p>En 2015, la probabilidad de que en alg\u00fan momento puntual el calentamiento global superara en 1,5\u00b0C los niveles preindustriales era casi nula, pero desde entonces no ha dejado de aumentar. Mientras que para el per\u00edodo 2017 a 2021 la probabilidad de superaci\u00f3n del umbral indicado fue del 10%, para el per\u00edodo de 2022 a 2026 se ha incrementado casi en un 50%.<\/p>\n\n\n\n<p>En la misma l\u00ednea, en abril pasado el Grupo Intergubernamental de Expertos sobre el Cambio Clim\u00e1tico (IPCC por sus siglas en ingl\u00e9s) se\u00f1al\u00f3 a trav\u00e9s de un comunicado emitido en Ginebra que \u201clos pr\u00f3ximos a\u00f1os son cr\u00edticos\u201d. \u201cSi queremos limitar el calentamiento global a 1,5\u00b0C, agreg\u00f3, este es el momento; es ahora o nunca\u2026Sin una reducci\u00f3n inmediata y profunda de las emisiones en todos los sectores, ser\u00e1 imposible\u201d.<\/p>\n\n\n\n<p>Seg\u00fan el an\u00e1lisis de esos especialistas, los escenarios que se eval\u00faan para limitar el calentamiento a aproximadamente 1,5\u00b0C, implican \u201cque las emisiones de gases de efecto invernadero a escala global alcancen su punto m\u00e1ximo antes de 2025, a m\u00e1s tardar\u201d, y se reduzcan en un 43%, en 2030. Aunque esto suceda, sostienen, es casi inevitable que se supere temporalmente este umbral de temperatura, \u201cpero podr\u00edamos volver a situarnos por debajo de \u00e9l a finales de siglo\u201d.<\/p>\n\n\n\n<p>Esas evaluaciones son parte del Resumen para responsables de pol\u00edticas del Grupo de Trabajo III del IPCC:&nbsp;<em>Cambio clim\u00e1tico 2022: mitigaci\u00f3n del cambio clim\u00e1tico<\/em>, aprobado el 4 de abril de 2022 por sus 195 Estados Miembros, en una reuni\u00f3n virtual de dos semanas. El informe constituye la tercera entrega del Sexto Informe de Evaluaci\u00f3n (IE6) del IPCC, que se completar\u00e1 a fines de 2022 (<em><a href=\"https:\/\/report.ipcc.ch\/ar6wg3\/pdf\/IPCC_AR6_WGIII_PressRelease-Spanish.pdf\" target=\"_blank\" rel=\"noreferrer noopener\">https:\/\/report.ipcc.ch\/ar6wg3\/pdf\/IPCC_AR6_WGIII_PressRelease-Spanish.pdf<\/a><\/em>).<\/p>\n\n\n\n<p>Sin embargo, y aunque la informaci\u00f3n esencial no falta, las decisiones que toman los gobiernos siguen siendo t\u00edmidas e incongruentes, como se comprob\u00f3 una vez m\u00e1s, por ejemplo, en la \u00faltima Cumbre de la COP 26 de las Naciones Unidas, en Escocia, en noviembre del a\u00f1o pasado. Los Estados, especialmente los m\u00e1s poderosos (que son los m\u00e1s contaminantes) no dan los pasos suficientes para destrabar el drama ya explosivo del calentamiento global. Un cambio de fondo de paradigma clim\u00e1tico los obligar\u00eda a confrontarse con la esencia mismo del sistema hegem\u00f3nico mundial de producci\u00f3n y con el dilema, no menos esencial, de crecimiento versus decrecimiento.<\/p>\n\n\n\n<p><strong>Meteor\u00f3logos preocupados<\/strong><\/p>\n\n\n\n<p>Petteri Taalas, secretario general de la Organizaci\u00f3n Meteorol\u00f3gica Mundial, al comentar sobre las preocupantes proyecciones que se dieron a conocer esta semana, fue categ\u00f3rico: \u201cEstamos, notablemente, m\u00e1s cerca de rebasar de forma transitoria el l\u00edmite inferior del Acuerdo de Par\u00eds sobre el Cambio Clim\u00e1tico\u201d. Y agreg\u00f3 que \u201ceste umbral de 1,5\u00b0C no es una cifra aleatoria, sino que indica el punto en el que los efectos del clima ser\u00e1n cada vez m\u00e1s perjudiciales no solo para las personas, sino para todo el planeta\u00bb.<\/p>\n\n\n\n<p>El Acuerdo de Par\u00eds establece objetivos a largo plazo para ayudar a las naciones a reducir sustancialmente las emisiones de gases de efecto invernadero en todo el planeta y as\u00ed mantener el aumento de la temperatura mundial en este siglo por debajo de 2\u00b0C, al tiempo que se prosigue con los esfuerzos m\u00e1ximos para limitar ese incremento a 1,5\u00b0C con respecto a los niveles preindustriales.<\/p>\n\n\n\n<p>Si no cesan las emisiones de gases de efecto invernadero, \u201clas temperaturas seguir\u00e1n aumentando\u201d, subray\u00f3 Taalas. En paralelo, los oc\u00e9anos continuar\u00e1n calent\u00e1ndose y se volver\u00e1n m\u00e1s \u00e1cidos; el hielo marino y los glaciares seguir\u00e1n derriti\u00e9ndose; el nivel del mar subir\u00e1 y las condiciones meteorol\u00f3gicas ser\u00e1n cada vez m\u00e1s extremas.<\/p>\n\n\n\n<p>Por su parte Leon Hermanson, experto de la Oficina Meteorol\u00f3gica del Reino Unido que elabor\u00f3 el Bolet\u00edn, asegur\u00f3 que, si bien en un a\u00f1o determinado se superara ese valor de 1,5\u00b0C, no significar\u00eda que se hubiera rebasado el umbral simb\u00f3lico del Acuerdo de Par\u00eds, aunque \u201cs\u00ed evidenciar\u00eda que nos estamos acercando cada vez m\u00e1s a una situaci\u00f3n en la que el l\u00edmite de 1,5\u00b0C se podr\u00eda sobrepasar durante un lapso de tiempo prolongado\u00bb.<\/p>\n\n\n\n<p>Seg\u00fan diversos estudios cient\u00edficos, el calentamiento global se siente de forma particularmente desmesurada en el \u00c1rtico. Teniendo en cuenta las proyecciones correspondientes a los pr\u00f3ximos cinco inviernos prolongados del hemisferio norte, el Bolet\u00edn que acaba de publicar la OMM prev\u00e9 que el aumento de la temperatura en el \u00c1rtico podr\u00eda ser m\u00e1s del triple que el de la media mundial registrada entre1991 y 2020.<\/p>\n\n\n\n<p>Por otra parte, el r\u00e9gimen pluvial previsto para 2022 sugiere una mayor probabilidad de condiciones m\u00e1s secas en el suroeste de Europa y el suroeste de Am\u00e9rica del Norte, y una mayor pluviosidad en el norte de Europa, el Sahel, el noreste de Brasil y Australia.<\/p>\n\n\n\n<p>El planeta arde. Enfriarlo ser\u00eda solo una cuesti\u00f3n de voluntad pol\u00edtica consensuada a nivel mundial. Misi\u00f3n tan dif\u00edcil como la misma modificaci\u00f3n del rumbo productivo imperante. La consigna que prima parece ser \u201cnada nuevo bajo el sol y sigamos jugando con el fuego\u201d.<\/p>\n","protected":false},"excerpt":{"rendered":"<p>Sergio Ferrari Fuente: Rebeli\u00f3n El \u00c1rtico se derrite aceleradamente No por conocido deja de ser menos dram\u00e1tico. El planeta se quema y los plazos \u201cinfernales\u201d se acortan d\u00eda a d\u00eda ante la indiferencia real de los que detentan el poder. La segunda semana de abril, la Organizaci\u00f3n Meteorol\u00f3gica Mundial (OMM), con sede en Ginebra, inform\u00f3 [&hellip;]<\/p>\n","protected":false},"author":1,"featured_media":5554,"comment_status":"open","ping_status":"open","sticky":false,"template":"","format":"standard","meta":{"footnotes":""},"categories":[4],"tags":[],"_links":{"self":[{"href":"http:\/\/www.movimientocaamanista.com\/index.php?rest_route=\/wp\/v2\/posts\/6720"}],"collection":[{"href":"http:\/\/www.movimientocaamanista.com\/index.php?rest_route=\/wp\/v2\/posts"}],"about":[{"href":"http:\/\/www.movimientocaamanista.com\/index.php?rest_route=\/wp\/v2\/types\/post"}],"author":[{"embeddable":true,"href":"http:\/\/www.movimientocaamanista.com\/index.php?rest_route=\/wp\/v2\/users\/1"}],"replies":[{"embeddable":true,"href":"http:\/\/www.movimientocaamanista.com\/index.php?rest_route=%2Fwp%2Fv2%2Fcomments&post=6720"}],"version-history":[{"count":1,"href":"http:\/\/www.movimientocaamanista.com\/index.php?rest_route=\/wp\/v2\/posts\/6720\/revisions"}],"predecessor-version":[{"id":6721,"href":"http:\/\/www.movimientocaamanista.com\/index.php?rest_route=\/wp\/v2\/posts\/6720\/revisions\/6721"}],"wp:featuredmedia":[{"embeddable":true,"href":"http:\/\/www.movimientocaamanista.com\/index.php?rest_route=\/wp\/v2\/media\/5554"}],"wp:attachment":[{"href":"http:\/\/www.movimientocaamanista.com\/index.php?rest_route=%2Fwp%2Fv2%2Fmedia&parent=6720"}],"wp:term":[{"taxonomy":"category","embeddable":true,"href":"http:\/\/www.movimientocaamanista.com\/index.php?rest_route=%2Fwp%2Fv2%2Fcategories&post=6720"},{"taxonomy":"post_tag","embeddable":true,"href":"http:\/\/www.movimientocaamanista.com\/index.php?rest_route=%2Fwp%2Fv2%2Ftags&post=6720"}],"curies":[{"name":"wp","href":"https:\/\/api.w.org\/{rel}","templated":true}]}}