{"id":6853,"date":"2022-06-24T11:04:24","date_gmt":"2022-06-24T11:04:24","guid":{"rendered":"http:\/\/www.movimientocaamanista.com\/?p=6853"},"modified":"2022-06-24T11:04:26","modified_gmt":"2022-06-24T11:04:26","slug":"ecuador-primer-ano-de-gobierno","status":"publish","type":"post","link":"http:\/\/www.movimientocaamanista.com\/?p=6853","title":{"rendered":"Ecuador: primer a\u00f1o de gobierno"},"content":{"rendered":"\n<p>Juan J. Paz-y-Mi\u00f1o Cepeda<\/p>\n\n\n\n<p>Fuente: <a href=\"https:\/\/rebelion.org\/ecuador-primer-ano-de-gobierno\/\">Rebeli\u00f3n<\/a><\/p>\n\n\n\n<p>Escuch\u00e9, con detenida atenci\u00f3n, el Informe del presidente Guillermo Lasso, presentado el 24 de mayo (2022) ante la Asamblea Nacional del Ecuador (<a rel=\"noreferrer noopener\" href=\"https:\/\/pazymino.us7.list-manage.com\/track\/click?u=c3e3bed0077c1d7adb5463ee7&amp;id=68edb2cf9c&amp;e=5b2f0ae407\" target=\"_blank\">https:\/\/bit.ly\/3wJPH8w<\/a>), al cumplir el primer a\u00f1o de gobierno. En las horas y d\u00edas que siguieron, se han difundido m\u00faltiples comentarios y distintos an\u00e1lisis, que tratan de confrontar las afirmaciones del discurso con las realidades del pa\u00eds y particularmente verificar si los datos econ\u00f3micos entregados por el Presidente tienen fundamento. Abordemos tambi\u00e9n el tema con alguna perspectiva hist\u00f3rica.<br><br>Lo primero que el presidente Lasso ha dejado en claro es que recibi\u00f3 un pa\u00eds al borde del abismo, que forzosamente se refiere al que dej\u00f3 Len\u00edn Moreno (2017-2021) a quien, sin embargo, no lo nombra: sin vacunas en medio de la pandemia, derrumbada la econom\u00eda, desajustadas las finanzas, con un \u201cEstado casi quebrado\u201d, sin funcionamiento de los servicios p\u00fablicos, desinstitucionalizado. El mismo Moreno hab\u00eda advertido que \u201cla mesa no queda servida\u201d (<a rel=\"noreferrer noopener\" href=\"https:\/\/pazymino.us7.list-manage.com\/track\/click?u=c3e3bed0077c1d7adb5463ee7&amp;id=2b392dfc1f&amp;e=5b2f0ae407\" target=\"_blank\">https:\/\/bit.ly\/3z2dgfC<\/a>). Pero ese fue el gobierno sostenido y protegido por las elites empresariales, las clases privilegiadas y las derechas pol\u00edticas y medi\u00e1ticas del pa\u00eds, que igualmente sustentan al gobierno de Lasso. Lo que cabe remarcar es que Moreno, adem\u00e1s de \u201cmaquillar\u201d su gesti\u00f3n (<a rel=\"noreferrer noopener\" href=\"https:\/\/pazymino.us7.list-manage.com\/track\/click?u=c3e3bed0077c1d7adb5463ee7&amp;id=c5d40c6ba9&amp;e=5b2f0ae407\" target=\"_blank\">https:\/\/bit.ly\/3wSpV27<\/a>) se encarg\u00f3 de hacer el \u201ctrabajo sucio\u201d de la persecuci\u00f3n a todo lo que sonara a \u201ccorre\u00edsmo\u201d. A despecho de los arrepentimientos actuales, fue el gobierno que prepar\u00f3 las condiciones para que se formara un bloque de poder f\u00e9rreamente unido para garantizar el triunfo de Lasso en 2021 y pasar a controlar la conducci\u00f3n del Estado.<br><br>No hab\u00eda posibilidades de referencias directas contra el gobierno de Rafael Correa (2007-2017), puesto que los logros econ\u00f3micos y sociales de esa d\u00e9cada est\u00e1n ampliamente documentados no solo en el pa\u00eds, sino en informes internacionales como los de la CEPAL. A estas alturas, hasta a los otrora sostenedores de Moreno les resulta evidente que fue \u00e9l quien arras\u00f3 con aquellos avances logrados (<a rel=\"noreferrer noopener\" href=\"https:\/\/pazymino.us7.list-manage.com\/track\/click?u=c3e3bed0077c1d7adb5463ee7&amp;id=c49163e7dc&amp;e=5b2f0ae407\" target=\"_blank\">https:\/\/bit.ly\/3M4WPCo<\/a>). Quiz\u00e1s las alusiones del Informe sobre alguna \u00e9poca anterior sean las relativas a la \u201ccorrupci\u00f3n\u201d y el manejo petrolero, porque incluso lo relativo a la indetenible delincuencia que vive el pa\u00eds, atribuido en el discurso de Lasso a que en el \u201cpasado\u201d se hab\u00eda \u201ccedido demasiado territorio al hampa\u201d, tampoco tiene sustento en datos emp\u00edricos, estudios ni vivencias ciudadanas, ya que los \u00edndices delincuenciales, reducidos desde 2010, crecen a partir de 2018 y explosionan en 2021 (<a rel=\"noreferrer noopener\" href=\"https:\/\/pazymino.us7.list-manage.com\/track\/click?u=c3e3bed0077c1d7adb5463ee7&amp;id=bdedeb6202&amp;e=5b2f0ae407\" target=\"_blank\">https:\/\/bit.ly\/3wRZgDP<\/a>).<br><br>Las dos \u201cturbinas\u201d del avi\u00f3n que se deb\u00edan \u201creparar\u201d (met\u00e1fora utilizada por el presidente Lasso, similar a la que empleaba W. W. Rostow en la d\u00e9cada de los 60 para hablar del \u201cdespegue\u201d del subdesarrollo) fueron, de una parte, salvar la vida de los ecuatorianos, que se cumpli\u00f3 con el plan de vacunaci\u00f3n anti-Covid, el mayor y m\u00e1s reconocido \u00e9xito gubernamental (lo cual es cierto), frente a la infame indolencia del gobierno de Moreno; de otra, la \u201csalud econ\u00f3mica\u201d del pa\u00eds. Desde luego -nuevamente frente al desastre dejado por Moreno- se recuper\u00f3 el crecimiento, tambi\u00e9n las inversiones, igualmente el empleo adecuado, subi\u00f3 el salario b\u00e1sico (tras 2 a\u00f1os de congelamiento), aument\u00f3 el turismo, se redujo el d\u00e9ficit, la inflaci\u00f3n es baja, la dolarizaci\u00f3n es sostenible, de modo que \u201clo peor de la tormenta ha pasado\u201d. Con la \u201ccasa en orden\u201d, es cierto, no solo se salvaron vidas, sino que \u201csalvamos a Ecuador del precipicio\u201d. Los datos presentados dan cuenta de ello, aunque los cuestionamientos abundan (<a rel=\"noreferrer noopener\" href=\"https:\/\/pazymino.us7.list-manage.com\/track\/click?u=c3e3bed0077c1d7adb5463ee7&amp;id=8277dcf6b5&amp;e=5b2f0ae407\" target=\"_blank\">https:\/\/bit.ly\/3PLzJUh<\/a>&nbsp;\/\/&nbsp;<a rel=\"noreferrer noopener\" href=\"https:\/\/pazymino.us7.list-manage.com\/track\/click?u=c3e3bed0077c1d7adb5463ee7&amp;id=1a135170d0&amp;e=5b2f0ae407\" target=\"_blank\">https:\/\/bit.ly\/3m9iYoB<\/a>&nbsp;\/\/&nbsp;<a rel=\"noreferrer noopener\" href=\"https:\/\/pazymino.us7.list-manage.com\/track\/click?u=c3e3bed0077c1d7adb5463ee7&amp;id=ac5d163730&amp;e=5b2f0ae407\" target=\"_blank\">https:\/\/bit.ly\/3a8vzWk<\/a>). El problema hist\u00f3rico es que las cifras no recuperan el nivel anterior a la pandemia, ir\u00f3nicamente est\u00e1n lejos de las que se vivieron durante la d\u00e9cada del \u201ccorre\u00edsmo\u201d (especialmente en materia social) y, desde luego, no alteran en nada las bases del mismo modelo empresarial-neoliberal recuperado desde 2017. Tambi\u00e9n hay un problema de credibilidad p\u00fablica que opera en contra del presidente Lasso, si se atiende a los sondeos de opini\u00f3n que han circulado (<a rel=\"noreferrer noopener\" href=\"https:\/\/pazymino.us7.list-manage.com\/track\/click?u=c3e3bed0077c1d7adb5463ee7&amp;id=903d109953&amp;e=5b2f0ae407\" target=\"_blank\">https:\/\/bit.ly\/3LUra6z<\/a>).<br><br>Lo mejor del pa\u00eds est\u00e1 por venir, de acuerdo con el Informe. Hay millones en potenciales inversiones en varios sectores; se ha incrementado el presupuesto en educaci\u00f3n, con reparaci\u00f3n de establecimientos y ascensos docentes; llegar\u00e1n inversiones en salud, obras para el sector y m\u00e9dicos; abastecimiento de medicinas por intermedio de farmacias privadas; un \u201cPlan Decenal de Salud\u201d, que incluir\u00e1 la historia cl\u00ednica electr\u00f3nica; inversiones en el deporte; incremento de bonos; construcci\u00f3n de viviendas; movilizaci\u00f3n de cr\u00e9ditos (1% de inter\u00e9s y 30 a\u00f1os); gran renacimiento del agro y el primer \u201cregistro nacional agropecuario\u201d; conectividad mayor a nivel nacional; obras, como el futuro \u201ctren multiprop\u00f3sito\u201d y el incremento de la producci\u00f3n petrolera; pr\u00f3ximos tratados de libre comercio con M\u00e9xico, China, Israel\u2026 para comenzar; y los so\u00f1ados acuerdos p\u00fablico-privados. Ante la inseguridad de cada d\u00eda, habr\u00e1 m\u00e1s polic\u00edas, fortalecimiento a las fuerzas armadas; y todo con enfoque en derechos humanos, lejos del control de un \u201cproyecto pol\u00edtico\u201d sobre la instituci\u00f3n militar; y finalmente la restauraci\u00f3n del poder del Estado en las c\u00e1rceles. Adem\u00e1s, las previsiones para los pr\u00f3ximos a\u00f1os aseguran las mejores pol\u00edticas sociales. \u201cTodo esto es solo el inicio\u201d asegur\u00f3 el Presidente.<br><br>Si se cumplen las mesi\u00e1nicas ofertas y se juntan a la recuperaci\u00f3n econ\u00f3mica tras el desastre que dej\u00f3 Moreno, parecer\u00eda que el pa\u00eds retornar\u00e1 al camino de fortalecimiento econ\u00f3mico con progreso social. Y, adem\u00e1s, parecer\u00eda que se camina, parad\u00f3jicamente, a la recuperaci\u00f3n del modelo de&nbsp;<em>econom\u00eda social<\/em>&nbsp;de hace una d\u00e9cada, que es la ant\u00edpoda del modelo de&nbsp;<em>econom\u00eda empresarial-neoliberal<\/em>. Pero eso es imposible que ocurra. El bloque de poder que sustenta al gobierno de Guillermo Lasso tiene consignas claras: reducir el Estado, los impuestos a su clase, flexibilizaci\u00f3n laboral, libre comercio con el mundo, recursos naturales a su servicio, privatizaciones, buenos negocios, contenci\u00f3n de las protestas y demandas sociales. Nada de redistribuci\u00f3n de la riqueza, democratizaci\u00f3n de los factores de la producci\u00f3n, fortalecimiento de capacidades estatales, fuertes impuestos a los ricos, poder social sobre el poder privado, privilegio del trabajo sobre el capital, servicios p\u00fablicos universales y gratuitos. Y tampoco latinoamericanismo bajo posiciones soberanas y antimperialistas.<br><br>El Informe presidencial cumple con lo que debe decir y hacer un gobierno de corte empresarial y neoliberal. Su preocupaci\u00f3n central se halla en medir resultados en funci\u00f3n de los \u201cequilibrios macroecon\u00f3micos\u201d, que garanticen el libre y tranquilo flujo de los negocios privados, sin los sobresaltos que ocasionan las visiones econ\u00f3micas y sociales que enfatizan en Estados fuertes, que impongan el inter\u00e9s nacional sobre las elites privadas. Ni se menciona alg\u00fan logro referente a las demandas y reivindicaciones de las organizaciones populares y movimientos de la sociedad civil. Desde luego, la convocatoria del Mandatario a buscar consensos mayoritarios, para actuar por sobre las diferencias y cruzar el puente hacia la nueva orilla de la democracia, implica aceptar el modelo en camino y no otro diferente. Por eso, finalmente dice el Presidente Lasso: \u201cT\u00f3menme la palabra\u201d\u2026 \u201cEl pa\u00eds de oportunidades, juntos lo hacemos posible\u201d.<\/p>\n","protected":false},"excerpt":{"rendered":"<p>Juan J. Paz-y-Mi\u00f1o Cepeda Fuente: Rebeli\u00f3n Escuch\u00e9, con detenida atenci\u00f3n, el Informe del presidente Guillermo Lasso, presentado el 24 de mayo (2022) ante la Asamblea Nacional del Ecuador (https:\/\/bit.ly\/3wJPH8w), al cumplir el primer a\u00f1o de gobierno. En las horas y d\u00edas que siguieron, se han difundido m\u00faltiples comentarios y distintos an\u00e1lisis, que tratan de confrontar [&hellip;]<\/p>\n","protected":false},"author":1,"featured_media":6854,"comment_status":"open","ping_status":"open","sticky":false,"template":"","format":"standard","meta":{"footnotes":""},"categories":[5,3],"tags":[],"_links":{"self":[{"href":"http:\/\/www.movimientocaamanista.com\/index.php?rest_route=\/wp\/v2\/posts\/6853"}],"collection":[{"href":"http:\/\/www.movimientocaamanista.com\/index.php?rest_route=\/wp\/v2\/posts"}],"about":[{"href":"http:\/\/www.movimientocaamanista.com\/index.php?rest_route=\/wp\/v2\/types\/post"}],"author":[{"embeddable":true,"href":"http:\/\/www.movimientocaamanista.com\/index.php?rest_route=\/wp\/v2\/users\/1"}],"replies":[{"embeddable":true,"href":"http:\/\/www.movimientocaamanista.com\/index.php?rest_route=%2Fwp%2Fv2%2Fcomments&post=6853"}],"version-history":[{"count":1,"href":"http:\/\/www.movimientocaamanista.com\/index.php?rest_route=\/wp\/v2\/posts\/6853\/revisions"}],"predecessor-version":[{"id":6855,"href":"http:\/\/www.movimientocaamanista.com\/index.php?rest_route=\/wp\/v2\/posts\/6853\/revisions\/6855"}],"wp:featuredmedia":[{"embeddable":true,"href":"http:\/\/www.movimientocaamanista.com\/index.php?rest_route=\/wp\/v2\/media\/6854"}],"wp:attachment":[{"href":"http:\/\/www.movimientocaamanista.com\/index.php?rest_route=%2Fwp%2Fv2%2Fmedia&parent=6853"}],"wp:term":[{"taxonomy":"category","embeddable":true,"href":"http:\/\/www.movimientocaamanista.com\/index.php?rest_route=%2Fwp%2Fv2%2Fcategories&post=6853"},{"taxonomy":"post_tag","embeddable":true,"href":"http:\/\/www.movimientocaamanista.com\/index.php?rest_route=%2Fwp%2Fv2%2Ftags&post=6853"}],"curies":[{"name":"wp","href":"https:\/\/api.w.org\/{rel}","templated":true}]}}