{"id":6856,"date":"2022-06-24T11:09:24","date_gmt":"2022-06-24T11:09:24","guid":{"rendered":"http:\/\/www.movimientocaamanista.com\/?p=6856"},"modified":"2022-06-24T11:09:26","modified_gmt":"2022-06-24T11:09:26","slug":"pugna-entre-evo-morales-y-luis-arce-por-las-elecciones-de-2025","status":"publish","type":"post","link":"http:\/\/www.movimientocaamanista.com\/?p=6856","title":{"rendered":"Pugna entre Evo Morales y Luis Arce \u00bfpor las elecciones de 2025?"},"content":{"rendered":"\n<p>Boris Acosta Reyes<\/p>\n\n\n\n<p>Fuente: <a href=\"https:\/\/rebelion.org\/pugna-entre-evo-morales-y-luis-arce-por-las-elecciones-de-2025\/\">Rebeli\u00f3n<\/a><\/p>\n\n\n\n<p>Tras su regreso al poder, el gobierno del Movimiento al Socialismo (MAS) boliviano mantiene una popularidad significativa y una fuerte capacidad de movilizaci\u00f3n social, pero est\u00e1 lejos de la hegemon\u00eda del pasado.<\/p>\n\n\n\n<p>A las idas y vueltas de los proyectos presidenciales se suman las tensiones entre \u00abarcistas\u00bb y \u00abevistas\u00bb y la persistente polarizaci\u00f3n del pa\u00eds.<\/p>\n\n\n\n<p>El expresidente Evo Morales, respaldado por el principal sindicato de cocaleros del que es titular, decidi\u00f3 pasar a la ofensiva contra el gobierno de su heredero pol\u00edtico Luis Arce y le reclam\u00f3 p\u00fablicamente por la falta de obras y la permanencia en el cargo del ministro de Gobierno, Eduardo del Castillo, a quien ha cuestionado duramente.<\/p>\n\n\n\n<p>Evo Morales es l\u00edder del gobernante Movimiento al Socialismo (MAS) que controla la mayor\u00eda en la Asamblea Legislativa, pero la semana pasada perdi\u00f3 una batalla pol\u00edtica al no lograr que los legisladores censuraran a del Castillo. Arce respald\u00f3 la gesti\u00f3n de su ministro durante una ceremonia p\u00fablica y evit\u00f3 hacer comentarios sobre las discrepancias en su gobierno.<\/p>\n\n\n\n<p>Para la minoritaria y dividida oposici\u00f3n pol\u00edtica las disputas est\u00e1n motivadas por pugnas de poder y por el liderazgo del partido oficialista con miras a las elecciones presidenciales de 2025. Arce est\u00e1 habilitado a postularse a una reelecci\u00f3n consecutiva. Todos saben que Arce fue el cerebro del modelo econ\u00f3mico de Morales que dio al pa\u00eds estabilidad y crecimiento durante el auge de las materias primas y como mandatario ha seguido la pol\u00edtica de su mentor con una econom\u00eda estatista.<\/p>\n\n\n\n<p>Tras m\u00e1s de una d\u00e9cada en el poder (2006-2019) Morales fue obligado a dejar el poder en 2019 en medio de un golpe que cost\u00f3 la vida de 37 personas, tras falaces acusaciones de la Organizaic\u00f3n de Estados Americanos (OEA) de fraude electoral en los comicios de ese a\u00f1o en los que buscaba un cuarto mandato consecutivo. A su regreso del exilio retom\u00f3 el liderazgo del principal sindicato cocalero y del MAS.<\/p>\n\n\n\n<p>Morales est\u00e1 presente entre las primeras tres noticias m\u00e1s importantes del pa\u00eds cada d\u00eda, por distintos motivos. Sin embargo, ins\u00f3litamente, a principios de abril denunci\u00f3 un presunto ncubrimniento de narcotr\u00e1fico en el entorno presidencial, pues un supuesto coronel habr\u00eda instruido a un subalterno que abandonara un lugar donde habr\u00eda encontrado al menos&nbsp;<strong>cuatro f\u00e1bricas de coca\u00edna<\/strong><strong>.<\/strong><\/p>\n\n\n\n<p><strong>\u00bfUn pa\u00eds dividido?<\/strong><\/p>\n\n\n\n<p>Seg\u00fan medios hegem\u00f3nicos,&nbsp;<strong>se han registrado varias pruebas de divisi\u00f3n en el Movimiento al Socialismo (MAS)<\/strong>que han derivado incluso en la expulsi\u00f3n de Rolando Cu\u00e9llar, un diputado cruce\u00f1o que ha criticado severamente a Morales y que se ha pronunciado en numerosas oportunidades en favor del gobierno de Arce y de un nuevo liderazgo en el partido.<\/p>\n\n\n\n<p>Algunos de los clivajes que dividen al pa\u00eds son campo versus ciudades; ind\u00edgenas versus no ind\u00edgenas; comit\u00e9s c\u00edvicos versus sindicatos; Santa Cruz, Beni, Potos\u00ed y Tarija, en el oriente y el sur del pa\u00eds, versus las regiones del occidente y el norte (donde est\u00e1 La Paz).<\/p>\n\n\n\n<p>&nbsp;Y, por supuesto, la divisi\u00f3n en torno a las dos opiniones sobre el derrocamiento de Evo Morales y sobre el car\u00e1cter del gobierno dictatorial de Jeanine \u00c1\u00f1ez, si fue un ataque a la democracia boliviana o un intento fallido de salvarla de una \u00abdictadura\u00bb previa.&nbsp;<\/p>\n\n\n\n<p>El presidente Luis Arce, con ideolog\u00eda fuertemente estatista y antielitista con cierta tendencia tecnocr\u00e1tica, &nbsp;no ha logrado encaminar las acciones judiciales para establecer la responsabilidad de la clase pol\u00edtica en los dram\u00e1ticos sucesos que antecedieron y sucedieron a la renuncia de Evo Morales el 10 de noviembre de 2019 y el golpe de Estado.<\/p>\n\n\n\n<p>Arce es un reconocido economista y lleva por buen camino al pa\u00eds, pero carece del brillo pol\u00edtico de su antecesor, Evo Morales, a quien no le gusta que le peleen liderazgo. La indefinici\u00f3n respecto al juzgamiento de los responsables del golpe ha llevado a algunos analistas a pronosticar que la polarizaci\u00f3n se transformar\u00e1 en un mal cr\u00f3nico.<\/p>\n\n\n\n<p>La supuesta debilidad del gobierno de Arce es en gran parte un efecto del aislamiento del MAS en el campo comunicacional y cultural, lo que no es culpa del presidente y tiene muchos a\u00f1os de historia. Poco despu\u00e9s del paro, Evo Morales, en su condici\u00f3n de presidente del partido, organiz\u00f3 una caminata de 180 kil\u00f3metros desde Caracollo (Oruro) hasta La Paz en apoyo al presidente. La marcha comenz\u00f3 siendo menospreciada por los principales medios de prensa y termin\u00f3 movilizando a decenas de miles de campesinos, vecinos pobres y trabajadores.<\/p>\n\n\n\n<p>Mostr\u00f3 dos cosas a la vez: la gran fortaleza del MAS entre los sectores plebeyos y su alejamiento de la clase media urbana, de donde provienen los operadores period\u00edsticos e intelectuales. Aunque el oficialismo cuenta con algunos medios estatales y privados, la inferioridad de su fuerza comunicacional ha sido evidente, en especial por el fuerte antagonismo en contra suya de los principales peri\u00f3dicos, televisoras y radios del pa\u00eds.&nbsp;<\/p>\n\n\n\n<p>Los memoriosos se\u00f1alan que a lo largo la historia boliviana, la desaparici\u00f3n pol\u00edtica de un caudillo importante ha generado coyunturas de dispersi\u00f3n del poder, fragmentaci\u00f3n social y disputas ca\u00f3ticas, Pero aqu\u00ed EvoMorales no ha desaparecido del panorama pol\u00edtico, sino sigue siendo uno de los actores principales.<\/p>\n\n\n\n<p>Aunque las encuestas de popularidad lo ponen por detr\u00e1s de Arce y del vicepresidente David Choquehuanca, la masiva marcha que organiz\u00f3, mostr\u00f3 que sigue teniendo una fuerza pol\u00edtica que no se puede menospreciar, adem\u00e1s de controlar el partido de gobierno, lo que puede ser importante cuando se deba definir el candidato para 2025.<\/p>\n\n\n\n<p>Si Arce optara por la reelecci\u00f3n, probablemente el MAS se dividir\u00eda, pues no es un secreto para nadie que Morales quiere volver a candidatear en 2025.&nbsp;Sabe que la \u00fanica forma realista a corto plazo de que la oposici\u00f3n llegue democr\u00e1ticamente al poder pasa por la divisi\u00f3n del MAS en las pr\u00f3ximas elecciones.<\/p>\n\n\n\n<p>Esta comprensi\u00f3n limita sus posibilidades de maniobra, igual que las de Arce. Sin embargo, las diferencias entre ambos, que comienzan a despuntar, podr\u00edan desarrollarse de tal manera que desbordaran el marco de prudencia dentro del que han actuado hasta ahora.<\/p>\n\n\n\n<p><strong>El momento en que Evo retire su apoyo a Arce p\u00fablicamente podr\u00eda estar cada vez m\u00e1s cerca<\/strong><strong>,<\/strong>&nbsp;as\u00ed como un nuevo per\u00edodo de inestabilidad e incertidumbre en el pa\u00eds, desde la iniciativa de un refer\u00e9ndum revocatorio o la obstaculizaci\u00f3n desde la Asamblea Legislativa contra Arce, e incluso la persecuci\u00f3n contra Morales.<\/p>\n\n\n\n<p><strong>Boris Acosta Reyes<\/strong>.&nbsp;<strong>Soci\u00f3logo y periodista bolivano, colaborador del Centro Latinoamericano de An\u00e1lisis Estrat\u00e9gico (CLAE,&nbsp;<a rel=\"noreferrer noopener\" href=\"http:\/\/www.estrategia.la\/\" target=\"_blank\">www.estrategia.la<\/a>)<\/strong><\/p>\n","protected":false},"excerpt":{"rendered":"<p>Boris Acosta Reyes Fuente: Rebeli\u00f3n Tras su regreso al poder, el gobierno del Movimiento al Socialismo (MAS) boliviano mantiene una popularidad significativa y una fuerte capacidad de movilizaci\u00f3n social, pero est\u00e1 lejos de la hegemon\u00eda del pasado. A las idas y vueltas de los proyectos presidenciales se suman las tensiones entre \u00abarcistas\u00bb y \u00abevistas\u00bb y [&hellip;]<\/p>\n","protected":false},"author":1,"featured_media":3149,"comment_status":"open","ping_status":"open","sticky":false,"template":"","format":"standard","meta":{"footnotes":""},"categories":[5,3],"tags":[],"_links":{"self":[{"href":"http:\/\/www.movimientocaamanista.com\/index.php?rest_route=\/wp\/v2\/posts\/6856"}],"collection":[{"href":"http:\/\/www.movimientocaamanista.com\/index.php?rest_route=\/wp\/v2\/posts"}],"about":[{"href":"http:\/\/www.movimientocaamanista.com\/index.php?rest_route=\/wp\/v2\/types\/post"}],"author":[{"embeddable":true,"href":"http:\/\/www.movimientocaamanista.com\/index.php?rest_route=\/wp\/v2\/users\/1"}],"replies":[{"embeddable":true,"href":"http:\/\/www.movimientocaamanista.com\/index.php?rest_route=%2Fwp%2Fv2%2Fcomments&post=6856"}],"version-history":[{"count":1,"href":"http:\/\/www.movimientocaamanista.com\/index.php?rest_route=\/wp\/v2\/posts\/6856\/revisions"}],"predecessor-version":[{"id":6857,"href":"http:\/\/www.movimientocaamanista.com\/index.php?rest_route=\/wp\/v2\/posts\/6856\/revisions\/6857"}],"wp:featuredmedia":[{"embeddable":true,"href":"http:\/\/www.movimientocaamanista.com\/index.php?rest_route=\/wp\/v2\/media\/3149"}],"wp:attachment":[{"href":"http:\/\/www.movimientocaamanista.com\/index.php?rest_route=%2Fwp%2Fv2%2Fmedia&parent=6856"}],"wp:term":[{"taxonomy":"category","embeddable":true,"href":"http:\/\/www.movimientocaamanista.com\/index.php?rest_route=%2Fwp%2Fv2%2Fcategories&post=6856"},{"taxonomy":"post_tag","embeddable":true,"href":"http:\/\/www.movimientocaamanista.com\/index.php?rest_route=%2Fwp%2Fv2%2Ftags&post=6856"}],"curies":[{"name":"wp","href":"https:\/\/api.w.org\/{rel}","templated":true}]}}