{"id":6861,"date":"2022-06-24T11:18:58","date_gmt":"2022-06-24T11:18:58","guid":{"rendered":"http:\/\/www.movimientocaamanista.com\/?p=6861"},"modified":"2022-06-24T11:18:59","modified_gmt":"2022-06-24T11:18:59","slug":"el-interregno-colombiano","status":"publish","type":"post","link":"http:\/\/www.movimientocaamanista.com\/?p=6861","title":{"rendered":"El interregno colombiano"},"content":{"rendered":"\n<p>Alberto Pinz\u00f3n S\u00e1nchez<\/p>\n\n\n\n<p>Fuente: <a href=\"https:\/\/rebelion.org\/el-interregno-colombiano\/\">Rebeli\u00f3n<\/a><\/p>\n\n\n\n<p>Gramsci, en sus cuadernos de c\u00e1rcel y como si estuviera pensando en la Colombia de junio de 2022, escribi\u00f3 el siguiente pensamiento:<br>\u201cSi la clase dominante ha perdido el consenso, o lo que es lo mismo: ya no es m\u00e1s \u201cdirigente\u201d, sino solamente \u201cdominante\u201d, detentadora de la mera fuerza coercitiva, esto significa precisamente que las grandes masas de las ideolog\u00edas tradicionales, no creen m\u00e1s en aquello en lo que antes si cre\u00edan, etc. La crisis consiste espec\u00edficamente en el hecho de que lo viejo muere y lo nuevo no puede nacer: en ese interregno se contemplan los fen\u00f3menos morbosos m\u00e1s variados. (\u2026) El problema es este: una ruptura as\u00ed de grave entere las masas populares y de las ideolog\u00edas dominantes como la que se verifica en la posguerra, \u00bfpuede ser \u201csanada\u201d con el ejercicio de la mera fuerza que impide a las nuevas ideolog\u00edas imponerse? El interregno, la crisis de la que se impide as\u00ed la soluci\u00f3n hist\u00f3ricamente normal, se resolver\u00e1 necesariamente en el sentido de una restauraci\u00f3n de lo viejo?\u201d..<br>Aqu\u00ed queda claro que Gramsci describ\u00eda el interregno teniendo en mente a su pa\u00eds, como una fase (hist\u00f3rica) provisional, que impide una soluci\u00f3n \u201cnormal\u201d de la crisis de legitimidad del \u201corden\u201d establecido, y como la instauraci\u00f3n de un \u201cOrdine Nuovo\u201d o nuevo orden.<br>En Colombia, la crisis de legitimidad y de hegemon\u00eda de ese orden establecido ocurrida en 1948, se resolvi\u00f3 con el magnicidio de J. E. Gait\u00e1n y la coerci\u00f3n ilegitima y brutal desplegada por el Estado (tomado por el bloque de clases en el Poder y sustentado material y pol\u00edticamente por la fuerza imperial de los EE.UU.) a partir de esa luctuosa y nunca olvidada fecha del nueve de abril de 1948, la que parti\u00f3 la historia real de Colombia de manera definitiva, y ha sido un interregno de crisis prolongado, un poco m\u00e1s largo que el provisional pensado por \u201cel Encarcelado\u201d, prolong\u00e1ndose hasta la actualidad en varias fases y gobiernos.<\/p>\n\n\n\n<p>Veamos:<br>Dictaduras conservadoras (1948 a 1957) Mariano Ospina P\u00e9rez, Laureano G\u00f3mez, Rojas Pinilla.<br>Gobiernos bipartidistas liberal-conservador del Frente Nacional y del Estado de sitio permanente (1957- 1991)<br>Constituci\u00f3n del 91 firmada por el jefe conservador \u00c1lvaro G\u00f3mez (hijo de Laureano), por el jefe liberal Horacio Serpa, y por el comandante Navarro Wolf del M19, que instaur\u00f3 el neoliberalismo autoritario a nivel constitucional. Seguida por los gobiernos del bipartidismo liberal-conservador ampliado con el M19, hasta la aceptaci\u00f3n del Plan Colombia por Pastrana en 1997.<\/p>\n\n\n\n<p><strong>Plan Colombia y gobiernos de la \u201cSeguridad democr\u00e1tica\u201d a partir de 2002 hasta la fecha\u2026.<\/strong><\/p>\n\n\n\n<p>Durante este interregno de crisis prolongada, la tradicional alianza \u201colig\u00e1rquica\u201d de clases burgu\u00e9s-terrateniente ligada estrechamente al imperialismo estadounidense, construy\u00f3 un Estado originariamente \u201cplebiscitario\u201d en 1957, que paulatinamente y mediante la guerra anti campesina contrainsurgente y generalizada de larga duraci\u00f3n, se fue trasformando en un complejo Bloque de Poder Contrainsurgente BPCi, coordinado y cementado por un Estado Contrainsurgente Cliente de los EEUU, que transform\u00f3 el original capitalismo mono-exportador de caf\u00e9 heredado de fines del siglo XIX, en un capitalismo neoliberal mafioso, que reemplaz\u00f3 el caf\u00e9 por la exportaci\u00f3n de narc\u00f3ticos de \u201c\u00f3ptima calidad\u201d al mercado global como son reconocidos los productos colombianos en las metr\u00f3polis imperiales.<br>Un complejo, largo y contradictorio proceso de crisis interna de hegemon\u00eda no resuelto, movido por contradicciones internas entre las diferentes clases que forman el bloque de poder y, por contradicciones externas menores con la potencia metropolitana. De guerra contra las masas campesinas gaitanistas, luego guerra contrainsurgente anti campesina generalizada con procesos limitados y parciales o intentos de paz fallidos. Ampliaci\u00f3n de la crisis econ\u00f3mica y pol\u00edtica que de no resolverse o tratar de resolverse con el binomio inseparable de \u201cCapitalismo-Guerra\u201d, finalmente ha devenido en una crisis, que seg\u00fan la descripciones dadas por Gramsci se puede catalogar de \u201ccrisis org\u00e1nica\u201d, que compromete a toda la Sociedad y al modelo de dominaci\u00f3n y explotaci\u00f3n capitalista de 74 a\u00f1os de duraci\u00f3n, evidente en la actual coyuntura electoral colombiana que acaba de pasar.<br>Gustavo Petro, elegido presidente de Colombia este 19 de junio, con 11.281.013 votos, quien se autodenomina como un miembro de la \u201cizquierda progresista\u201d, o tal vez, con m\u00e1s realismo ser\u00eda mejor denominarlo \u201csocialdem\u00f3crata\u00bb a secas, ha logrado encarnar una amplia convergencia pol\u00edtica (incluso con burgueses medios y fichas pol\u00edticas y conocidos tr\u00e1nsfugas de anteriores gobiernos) para su programa presidencial y, unir toda una masa popular de desafectos, descontentos, identitarios y contestatarios del r\u00e9gimen imperante de 74 a\u00f1os de dominaci\u00f3n y explotaci\u00f3n capitalista y guerra contrainsurgente prolongada.<br>Recibir\u00e1 un pa\u00eds en ruinas, masacrado, ensangrentado y pr\u00e1cticamente en la miseria (no creo necesario ponerme a dar la letan\u00eda de cifras sobre la deuda p\u00fablica impagable, desempleo masivo, crisis sanitaria insoluble, desigualdad, miseria, analfabetismo, masacres, terrorismo de Estado, encarcelamientos de j\u00f3venes, criminalizaci\u00f3n de la movilizaci\u00f3n social, violaciones generalizadas de los derechos humanos, perfidia y destrucci\u00f3n del acuerdo de la Habana, guerra contrainsurgente eterna, conflicto social y armado reciclado y ampliado. Conflictos diplom\u00e1ticos enconados con pa\u00edses vecinos fronterizos como Venezuela y Nicaragua, etc.<br>Deber\u00e1 gobernar (como se lo acaba de recordar el actual Fiscal Barbosa) con las reglas de la democracia liberal que ha jurado y rejurado defender y con la inherente divisi\u00f3n de poderes. Tendr\u00e1 que gobernar con un congreso en donde no tiene mayor\u00eda parlamentaria y consensuar o \u201cpeluquear a ras\u201d, sus iniciativas gubernamentales con curtidos y resabiados parlamentarios adversos, que dejar\u00e1 a los ojos de sus cr\u00edticos las sensaci\u00f3n se enjuagues, trapisondas politiqueras, y la misma corrupci\u00f3n parlamentaria que ofert\u00f3 derrotar.<br>O como se lo recuerda de manera sibilinamente sarc\u00e1stica Nanci Patricia Guti\u00e9rrez, la alfil de Uribe V\u00e9lez, hoy convertida en su vocera en su primicia editorial opositora, desde el diario del monopolio Prisa&nbsp;<em>El Tiempo<\/em>, titulada La Gobernabilidad (20.06.22): \u201c Es muy posible que Petro se vaya por la convocatoria a consultas populares referendos, y hasta una asamblea constituyente si no funciona la estrategia en el Congreso\u201d.<br>Sin embargo, no todos los 10.580.000 votos obtenidos por el ingeniero Hern\u00e1ndez, fueron votos movidos por el odio a Petro y su triste pasado flam\u00edgero. Hubo una gran cantidad de personas que s\u00ed creyeron en la demagogia del Ingeniero lavador de dinero, y votaron por su consignas contra la \u201cclase pol\u00edtica gobernante corrupta y ladrona\u201d; su rechazo a pactar con el \u201carremangadito\u201d Fajardo, o al voto del lumpen Fico. \u201cQue Uribe V\u00e9lez estaba muerto pol\u00edticamente y hab\u00eda que enterrarlo bocabajo\u201d (lo que de paso constituy\u00f3 el error garrafal que lo llev\u00f3 a la derrota), es decir, personas que creyeron que el Ingeniero casateniente y empresario, era un cambio del r\u00e9gimen hambreador mafioso y violento. En breve: personas que en su hartazgo (a las que se les puede sumar el medio mill\u00f3n de votos en Blanco y los no marcados) que tambi\u00e9n hab\u00edan perdido su confianza en los mecanismos de dominaci\u00f3n del r\u00e9gimen y estaban en proceso de desafecci\u00f3n, contribuyendo a la crisis de hegemon\u00eda en comento.<br>No hay duda que el intento \u201ctrumpista\u201d en Colombia agenciado por la \u201cmadame\u201d y el argentino, aunque alcanz\u00f3 a preocuparnos no triunf\u00f3 del todo, no es un fen\u00f3meno para subestimar. Hay una gran masa de colombianos todav\u00eda anclados pol\u00edtica y mentalmente en el pasado que sirven de base social amplia a las fuerzas pol\u00edticas y sociales que se oponen a que nazca el orden nuevo, y, que ante el ocaso y declive pol\u00edtico ( y tal vez biol\u00f3gico) de Uribe V\u00e9lez, han quedado sin direcci\u00f3n y sin f\u00fchrer reconocido. La derrota electoral y medi\u00e1tica del burdo ingeniero lavador de dinero ha aumentado el vac\u00edo visible para todos, pero en especial por quienes est\u00e1n detr\u00e1s de los negocios de seguridad y armas del musculoso embajador de Colombia en Washington Juanca Pinz\u00f3n el Bueno, antiguo ministro de defensa de Juanma Santos, y quien, una vez miradas las cifras electorales renunci\u00f3 a su embajada de miel para venir inmediatamente a Colombia a servir a la patriaaaa, y con su figura de hombre duro, llenar el vac\u00edo pol\u00edtico dejado por quienes est\u00e1n abandonando la escena.<br>Como se ve, todo un interregno de crisis prologada muy alejado de la euforia inicial que produce un triunfo tan importante para los desafectos y contestatarios al r\u00e9gimen contrainsurgente imperante, pero que por ahora (sin querer ser un aguafiestas) no alcanza para desestructurar el actual Bloque de Poder Contrainsurgente. Falta mucha m\u00e1s movilizaci\u00f3n social, mucha m\u00e1s, que presiones insistentemente hasta llegar la tan temida Asamblea Constituyente popular y democr\u00e1tica, aquella que el pacto secreto Santos- Timochenko castr\u00f3 en 2016, y que sin ninguna duda ser\u00e1 la \u00fanica soluci\u00f3n al conflicto interno reciclado.<\/p>\n","protected":false},"excerpt":{"rendered":"<p>Alberto Pinz\u00f3n S\u00e1nchez Fuente: Rebeli\u00f3n Gramsci, en sus cuadernos de c\u00e1rcel y como si estuviera pensando en la Colombia de junio de 2022, escribi\u00f3 el siguiente pensamiento:\u201cSi la clase dominante ha perdido el consenso, o lo que es lo mismo: ya no es m\u00e1s \u201cdirigente\u201d, sino solamente \u201cdominante\u201d, detentadora de la mera fuerza coercitiva, esto [&hellip;]<\/p>\n","protected":false},"author":1,"featured_media":6862,"comment_status":"open","ping_status":"open","sticky":false,"template":"","format":"standard","meta":{"footnotes":""},"categories":[5,3],"tags":[],"_links":{"self":[{"href":"http:\/\/www.movimientocaamanista.com\/index.php?rest_route=\/wp\/v2\/posts\/6861"}],"collection":[{"href":"http:\/\/www.movimientocaamanista.com\/index.php?rest_route=\/wp\/v2\/posts"}],"about":[{"href":"http:\/\/www.movimientocaamanista.com\/index.php?rest_route=\/wp\/v2\/types\/post"}],"author":[{"embeddable":true,"href":"http:\/\/www.movimientocaamanista.com\/index.php?rest_route=\/wp\/v2\/users\/1"}],"replies":[{"embeddable":true,"href":"http:\/\/www.movimientocaamanista.com\/index.php?rest_route=%2Fwp%2Fv2%2Fcomments&post=6861"}],"version-history":[{"count":1,"href":"http:\/\/www.movimientocaamanista.com\/index.php?rest_route=\/wp\/v2\/posts\/6861\/revisions"}],"predecessor-version":[{"id":6863,"href":"http:\/\/www.movimientocaamanista.com\/index.php?rest_route=\/wp\/v2\/posts\/6861\/revisions\/6863"}],"wp:featuredmedia":[{"embeddable":true,"href":"http:\/\/www.movimientocaamanista.com\/index.php?rest_route=\/wp\/v2\/media\/6862"}],"wp:attachment":[{"href":"http:\/\/www.movimientocaamanista.com\/index.php?rest_route=%2Fwp%2Fv2%2Fmedia&parent=6861"}],"wp:term":[{"taxonomy":"category","embeddable":true,"href":"http:\/\/www.movimientocaamanista.com\/index.php?rest_route=%2Fwp%2Fv2%2Fcategories&post=6861"},{"taxonomy":"post_tag","embeddable":true,"href":"http:\/\/www.movimientocaamanista.com\/index.php?rest_route=%2Fwp%2Fv2%2Ftags&post=6861"}],"curies":[{"name":"wp","href":"https:\/\/api.w.org\/{rel}","templated":true}]}}