{"id":6885,"date":"2022-06-28T22:11:05","date_gmt":"2022-06-28T22:11:05","guid":{"rendered":"http:\/\/www.movimientocaamanista.com\/?p=6885"},"modified":"2022-06-28T22:11:06","modified_gmt":"2022-06-28T22:11:06","slug":"y-si-el-tiempo-no-existiera","status":"publish","type":"post","link":"http:\/\/www.movimientocaamanista.com\/?p=6885","title":{"rendered":"\u00bfY si el tiempo no existiera?"},"content":{"rendered":"\n<p>Sam Baron<\/p>\n\n\n\n<p>Fuente: <a href=\"https:\/\/theconversation.com\/y-si-el-tiempo-no-existiera-183504\">The Conversation<\/a><\/p>\n\n\n\n<p>\u00bfExiste el tiempo? La respuesta a esta pregunta puede parecer obvia: \u00a1claro que existe! Basta con mirar un calendario o un reloj.<\/p>\n\n\n\n<p>Pero los avances de la f\u00edsica sugieren que la inexistencia del tiempo es una posibilidad abierta que deber\u00edamos tomar en serio.<\/p>\n\n\n\n<p>\u00bfC\u00f3mo puede ser eso y qu\u00e9 significar\u00eda? Nos llevar\u00e1 un rato explicarlo, pero no se preocupe: aunque el tiempo no exista, nuestras vidas seguir\u00e1n como siempre.<\/p>\n\n\n\n<h2 class=\"wp-block-heading\">Una crisis en la f\u00edsica<\/h2>\n\n\n\n<p>La f\u00edsica est\u00e1 en crisis. Durante el \u00faltimo siglo, m\u00e1s o menos, hemos explicado el universo con dos teor\u00edas f\u00edsicas de gran \u00e9xito: la relatividad general y la mec\u00e1nica cu\u00e1ntica.<\/p>\n\n\n\n<p>La mec\u00e1nica cu\u00e1ntica describe c\u00f3mo funcionan las cosas en el mundo incre\u00edblemente diminuto de las part\u00edculas y las interacciones entre ellas.&nbsp;<a href=\"https:\/\/theconversation.com\/how-einsteins-general-theory-of-relativity-killed-off-common-sense-physics-50042\">La relatividad general<\/a>&nbsp;describe el panorama general de la gravedad y el movimiento de los objetos.<\/p>\n\n\n\n<p>Ambas teor\u00edas funcionan muy bien por s\u00ed mismas, pero se cree que entran en conflicto. Aunque la naturaleza exacta del conflicto es controvertida, los cient\u00edficos suelen estar de acuerdo en que ambas teor\u00edas deben ser sustituidas por una nueva, m\u00e1s general.<\/p>\n\n\n\n<p>Los f\u00edsicos quieren elaborar una teor\u00eda de la gravedad cu\u00e1ntica que&nbsp;<em>reemplace<\/em>&nbsp;a la relatividad general y a la mec\u00e1nica cu\u00e1ntica, pero que recoja el extraordinario \u00e9xito de ambas. Dicha teor\u00eda explicar\u00eda c\u00f3mo funciona el panorama general de la gravedad a la escala en miniatura de las part\u00edculas.<\/p>\n\n\n\n<h2 class=\"wp-block-heading\">El tiempo en la gravedad cu\u00e1ntica<\/h2>\n\n\n\n<p>Resulta que elaborar una teor\u00eda de la gravedad cu\u00e1ntica es extraordinariamente dif\u00edcil.<\/p>\n\n\n\n<p>Un intento de superar el conflicto entre ambas teor\u00edas es la&nbsp;<a href=\"https:\/\/theconversation.com\/explainer-string-theory-2983\">teor\u00eda de cuerdas<\/a>. La teor\u00eda de cuerdas sustituye las part\u00edculas por cuerdas que vibran hasta en 11 dimensiones.<\/p>\n\n\n\n<p>Sin embargo, la teor\u00eda de cuerdas se enfrenta a otra dificultad: ofrecen una serie de modelos que describen un universo muy parecido al nuestro, y en realidad no hacen ninguna predicci\u00f3n clara que pueda ponerse a prueba mediante experimentos para averiguar qu\u00e9 modelo es el correcto.<\/p>\n\n\n\n<p>En las d\u00e9cadas de 1980 y 1990, muchos f\u00edsicos quedaron insatisfechos con la teor\u00eda de cuerdas y propusieron una serie de nuevas aproximaciones matem\u00e1ticas a la gravedad cu\u00e1ntica.<\/p>\n\n\n\n<p>Uno de los m\u00e1s destacados es la&nbsp;<a href=\"https:\/\/www.space.com\/loop-quantum-gravity-space-time-quantized\">gravedad cu\u00e1ntica de bucles<\/a>, que propone que el tejido del espacio y el tiempo est\u00e1 formado por una red de trozos discretos extremadamente peque\u00f1os, o&nbsp;<em>bucles<\/em>.<\/p>\n\n\n\n<p>Uno de los aspectos m\u00e1s destacados de la gravedad cu\u00e1ntica de bucles es que parece eliminar el tiempo por completo.<\/p>\n\n\n\n<p>La gravedad cu\u00e1ntica de bucles no es la \u00fanica que suprime el tiempo: otros enfoques tambi\u00e9n parecen eliminar el tiempo como aspecto fundamental de la realidad.<\/p>\n\n\n\n<h2 class=\"wp-block-heading\">Tiempo emergente<\/h2>\n\n\n\n<p>As\u00ed que sabemos que necesitamos una nueva teor\u00eda f\u00edsica para explicar el universo, y que esta teor\u00eda podr\u00eda no incluir el tiempo.<\/p>\n\n\n\n<p>Supongamos que dicha teor\u00eda resulta ser correcta. \u00bfSe deduce que el tiempo&nbsp;<em>no existe<\/em>?<\/p>\n\n\n\n<p>Es complicado, y depende de lo que entendamos por&nbsp;<em>existir<\/em>.<\/p>\n\n\n\n<p>Las teor\u00edas de la f\u00edsica no incluyen mesas, sillas ni personas, y sin embargo seguimos aceptando que las mesas, las sillas y las personas existen.<\/p>\n\n\n\n<figure class=\"wp-block-image\"><img decoding=\"async\" src=\"https:\/\/images.theconversation.com\/files\/458075\/original\/file-20220414-24-y990i8.jpg?ixlib=rb-1.1.0&amp;q=45&amp;auto=format&amp;w=754&amp;fit=clip\" alt=\"Una persona caminando bajo un gran reloj que se balancea de una cuerda.\"\/><figcaption>Si el tiempo no es una propiedad fundamental del universo, a\u00fan puede \u2018emerger\u2019 de algo m\u00e1s b\u00e1sico.&nbsp;<a href=\"https:\/\/www.shutterstock.com\/image-photo\/surreal-view-man-walking-on-pavement-1097947538\">Shutterstock<\/a><\/figcaption><\/figure>\n\n\n\n<p>\u00bfPor qu\u00e9? Porque suponemos que esas cosas existen a un nivel superior al descrito por la f\u00edsica.<\/p>\n\n\n\n<p>Decimos que las mesas, por ejemplo,&nbsp;<em>emergen<\/em>&nbsp;de una f\u00edsica subyacente de part\u00edculas que zumban por el universo.<\/p>\n\n\n\n<p>Pero mientras tenemos una idea bastante clara de c\u00f3mo una mesa puede estar hecha de part\u00edculas fundamentales, no tenemos ni idea de c\u00f3mo el tiempo puede estar&nbsp;<em>hecho de<\/em>&nbsp;algo m\u00e1s fundamental.<\/p>\n\n\n\n<p>As\u00ed que, a menos que podamos encontrar una buena explicaci\u00f3n de&nbsp;<a href=\"https:\/\/www.preposterousuniverse.com\/blog\/2013\/10\/18\/is-time-rea\">c\u00f3mo el tiempo surge<\/a>, no est\u00e1 claro que podamos asumir simplemente que el tiempo existe.<\/p>\n\n\n\n<p>El tiempo podr\u00eda no existir en ning\u00fan nivel.<\/p>\n\n\n\n<h2 class=\"wp-block-heading\">Tiempo y acci\u00f3n<\/h2>\n\n\n\n<p>Decir que el tiempo no existe en ning\u00fan nivel es como decir que no hay mesas en absoluto.<\/p>\n\n\n\n<p>Intentar arregl\u00e1rselas en un mundo sin mesas puede ser dif\u00edcil, pero arregl\u00e1rselas en un mundo sin tiempo parece desastroso.<\/p>\n\n\n\n<p>Toda nuestra vida se construye en torno al tiempo. Planificamos el futuro a la luz de lo que sabemos del pasado. Hacemos que las personas sean moralmente responsables de sus acciones pasadas, con la intenci\u00f3n de reprenderlas m\u00e1s adelante.<\/p>\n\n\n\n<p>Nos creemos&nbsp;<em>agentes<\/em>&nbsp;(entidades que pueden&nbsp;<em>hacer cosas<\/em>) en parte porque podemos planear actuar de forma que se produzcan cambios en el futuro.<\/p>\n\n\n\n<p>Pero \u00bfqu\u00e9 sentido tiene actuar para provocar un cambio en el futuro cuando, en un sentido muy real, no hay futuro para el que actuar?<\/p>\n\n\n\n<p>El descubrimiento de que el tiempo no existe parecer\u00eda detener el mundo entero. No tendr\u00edamos ninguna raz\u00f3n para salir de la cama.<\/p>\n\n\n\n<h2 class=\"wp-block-heading\">C\u00f3mo salir del embrollo<\/h2>\n\n\n\n<p>Hay una forma de salir del embrollo.<\/p>\n\n\n\n<p>Si bien la f\u00edsica puede eliminar el tiempo, parece dejar intacta la&nbsp;<em>causaci\u00f3n<\/em>: el sentido en que una cosa puede provocar otra.<\/p>\n\n\n\n<p>Tal vez lo que la f\u00edsica nos est\u00e1 diciendo, entonces, es que la causalidad y no el tiempo es la caracter\u00edstica b\u00e1sica de nuestro universo.<\/p>\n\n\n\n<p>Si eso es cierto, entonces el cambio a\u00fan puede sobrevivir. Porque es posible reconstruir el sentido del cambio completamente en t\u00e9rminos causales.<\/p>\n\n\n\n<p>Al menos, eso es lo que sostenemos Kristie Miller, Jonathan Tallant y yo en&nbsp;<a href=\"https:\/\/global.oup.com\/academic\/product\/out-of-time-9780192864888?facet_narrowbypubdate_facet=Next%203%20months&amp;lang=en&amp;cc=kw\">nuestro nuevo libro<\/a>. Sugerimos que el descubrimiento de que el tiempo no existe puede no tener un impacto directo en nuestras vidas, aunque impulse a la f\u00edsica hacia una nueva era.<\/p>\n","protected":false},"excerpt":{"rendered":"<p>Sam Baron Fuente: The Conversation \u00bfExiste el tiempo? La respuesta a esta pregunta puede parecer obvia: \u00a1claro que existe! Basta con mirar un calendario o un reloj. Pero los avances de la f\u00edsica sugieren que la inexistencia del tiempo es una posibilidad abierta que deber\u00edamos tomar en serio. \u00bfC\u00f3mo puede ser eso y qu\u00e9 significar\u00eda? [&hellip;]<\/p>\n","protected":false},"author":1,"featured_media":6886,"comment_status":"open","ping_status":"open","sticky":false,"template":"","format":"standard","meta":{"footnotes":""},"categories":[4],"tags":[],"_links":{"self":[{"href":"http:\/\/www.movimientocaamanista.com\/index.php?rest_route=\/wp\/v2\/posts\/6885"}],"collection":[{"href":"http:\/\/www.movimientocaamanista.com\/index.php?rest_route=\/wp\/v2\/posts"}],"about":[{"href":"http:\/\/www.movimientocaamanista.com\/index.php?rest_route=\/wp\/v2\/types\/post"}],"author":[{"embeddable":true,"href":"http:\/\/www.movimientocaamanista.com\/index.php?rest_route=\/wp\/v2\/users\/1"}],"replies":[{"embeddable":true,"href":"http:\/\/www.movimientocaamanista.com\/index.php?rest_route=%2Fwp%2Fv2%2Fcomments&post=6885"}],"version-history":[{"count":1,"href":"http:\/\/www.movimientocaamanista.com\/index.php?rest_route=\/wp\/v2\/posts\/6885\/revisions"}],"predecessor-version":[{"id":6887,"href":"http:\/\/www.movimientocaamanista.com\/index.php?rest_route=\/wp\/v2\/posts\/6885\/revisions\/6887"}],"wp:featuredmedia":[{"embeddable":true,"href":"http:\/\/www.movimientocaamanista.com\/index.php?rest_route=\/wp\/v2\/media\/6886"}],"wp:attachment":[{"href":"http:\/\/www.movimientocaamanista.com\/index.php?rest_route=%2Fwp%2Fv2%2Fmedia&parent=6885"}],"wp:term":[{"taxonomy":"category","embeddable":true,"href":"http:\/\/www.movimientocaamanista.com\/index.php?rest_route=%2Fwp%2Fv2%2Fcategories&post=6885"},{"taxonomy":"post_tag","embeddable":true,"href":"http:\/\/www.movimientocaamanista.com\/index.php?rest_route=%2Fwp%2Fv2%2Ftags&post=6885"}],"curies":[{"name":"wp","href":"https:\/\/api.w.org\/{rel}","templated":true}]}}