{"id":689,"date":"2019-11-09T18:55:07","date_gmt":"2019-11-09T18:55:07","guid":{"rendered":"http:\/\/www.movimientocaamanista.com\/?p=689"},"modified":"2019-11-09T18:55:08","modified_gmt":"2019-11-09T18:55:08","slug":"disciplina","status":"publish","type":"post","link":"http:\/\/www.movimientocaamanista.com\/?p=689","title":{"rendered":"DISCIPLINA"},"content":{"rendered":"\n<p>La disciplina conciente, no impuesta,\nregir\u00e1&nbsp;la conducta individual y colectiva.&nbsp;<\/p>\n\n\n\n<p>Los errores de m\u00e9todos, de incumplimiento de\nresponsabilidades y tareas; las fallas pol\u00edticas y las faltas en las relaciones\nhumanas; ser\u00e1n tratados pol\u00edticamente con el recurso de la cr\u00edtica constructiva\ny&nbsp;la autocr\u00edtica superadora, y con los planteamientos persuasivos sin\nafectaci\u00f3n de la membres\u00eda y los compromisos de lucha contra\u00eddos.&nbsp;<\/p>\n\n\n\n<p>Solo la violaci\u00f3n o negaci\u00f3n de las l\u00edneas\nprogram\u00e1ticas, la negaci\u00f3n de los principios \u00e9ticos de la organizaci\u00f3n, la\ntraici\u00f3n pol\u00edtica, la delaci\u00f3n o contubernio con los enemigos de nuestra causa\ncolectiva; el ejercicio de la violencia en la relaci\u00f3n de familia o&nbsp;contra\ncamaradas y personas del pueblo y los actos graves de corrupci\u00f3n; ser\u00e1n causas\npara separar de la estructura y\/o suspender toda relaci\u00f3n pol\u00edtica con los\/as\ncamaradas que incurran en esas graves faltas.&nbsp;<\/p>\n\n\n\n<p>El c\u00edrculo donde se participa o donde se\nrelaciona la persona que cometa la falta, ser\u00e1 el encargado de tratarla, sin\nnegar el derecho de otros organismos a ofrecer informaci\u00f3n y recomendar su\npuesta en agenda.&nbsp;<\/p>\n\n\n\n<p>En los casos en que por razones excepcionales\nlas faltas graves no se puedan sancionar en los c\u00edrculos al que pertenece quien\no quienes la cometan, la Coordinaci\u00f3n Central tomar\u00e1 la decisi\u00f3n final,\nprevia discusi\u00f3n con las partes afectadas, si fuere necesario. La expulsi\u00f3n\ndefinitiva y sin discusi\u00f3n previa podr\u00eda aplicarse en el&nbsp;caso flagrante de\npasar a las filas de la contra-revoluci\u00f3n y colaborar con el sistema\ncapitalista y sus instrumentos de dominaci\u00f3n.&nbsp;<\/p>\n","protected":false},"excerpt":{"rendered":"<p>La disciplina conciente, no impuesta, regir\u00e1&nbsp;la conducta individual y colectiva.&nbsp; Los errores de m\u00e9todos, de incumplimiento de responsabilidades y tareas; las fallas pol\u00edticas y las faltas en las relaciones humanas; ser\u00e1n tratados pol\u00edticamente con el recurso de la cr\u00edtica constructiva y&nbsp;la autocr\u00edtica superadora, y con los planteamientos persuasivos sin afectaci\u00f3n de la membres\u00eda y los [&hellip;]<\/p>\n","protected":false},"author":1,"featured_media":0,"comment_status":"open","ping_status":"open","sticky":false,"template":"","format":"standard","meta":{"footnotes":""},"categories":[23,21,6],"tags":[],"_links":{"self":[{"href":"http:\/\/www.movimientocaamanista.com\/index.php?rest_route=\/wp\/v2\/posts\/689"}],"collection":[{"href":"http:\/\/www.movimientocaamanista.com\/index.php?rest_route=\/wp\/v2\/posts"}],"about":[{"href":"http:\/\/www.movimientocaamanista.com\/index.php?rest_route=\/wp\/v2\/types\/post"}],"author":[{"embeddable":true,"href":"http:\/\/www.movimientocaamanista.com\/index.php?rest_route=\/wp\/v2\/users\/1"}],"replies":[{"embeddable":true,"href":"http:\/\/www.movimientocaamanista.com\/index.php?rest_route=%2Fwp%2Fv2%2Fcomments&post=689"}],"version-history":[{"count":1,"href":"http:\/\/www.movimientocaamanista.com\/index.php?rest_route=\/wp\/v2\/posts\/689\/revisions"}],"predecessor-version":[{"id":690,"href":"http:\/\/www.movimientocaamanista.com\/index.php?rest_route=\/wp\/v2\/posts\/689\/revisions\/690"}],"wp:attachment":[{"href":"http:\/\/www.movimientocaamanista.com\/index.php?rest_route=%2Fwp%2Fv2%2Fmedia&parent=689"}],"wp:term":[{"taxonomy":"category","embeddable":true,"href":"http:\/\/www.movimientocaamanista.com\/index.php?rest_route=%2Fwp%2Fv2%2Fcategories&post=689"},{"taxonomy":"post_tag","embeddable":true,"href":"http:\/\/www.movimientocaamanista.com\/index.php?rest_route=%2Fwp%2Fv2%2Ftags&post=689"}],"curies":[{"name":"wp","href":"https:\/\/api.w.org\/{rel}","templated":true}]}}