{"id":6909,"date":"2022-06-30T10:51:53","date_gmt":"2022-06-30T10:51:53","guid":{"rendered":"http:\/\/www.movimientocaamanista.com\/?p=6909"},"modified":"2022-06-30T10:51:54","modified_gmt":"2022-06-30T10:51:54","slug":"socialismo-por-via-electoral-un-circulo-cuadrado","status":"publish","type":"post","link":"http:\/\/www.movimientocaamanista.com\/?p=6909","title":{"rendered":"\u00bfSocialismo por v\u00eda electoral? Un c\u00edrculo cuadrado"},"content":{"rendered":"\n<p>Marcelo Colussi<\/p>\n\n\n\n<p>Fuente: <a href=\"https:\/\/rebelion.org\/socialismo-por-via-electoral-un-circulo-cuadrado\/\">Rebeli\u00f3n<\/a><\/p>\n\n\n\n<p>Alguna vez en el 2001 un analista pol\u00edtico europeo dijo sobre el presidente argentino Fernando De la R\u00faa: \u201cAh\u00ed gobierna la izquierda\u201d. Unos pocos meses despu\u00e9s de esa aseveraci\u00f3n (m\u00e1s que incorrecta, por cierto) la poblaci\u00f3n enardecida sacaba a ese mandatario, y a cuatro m\u00e1s: Puerta, Rodr\u00edguez Sa\u00e1, Cama\u00f1o y Duhalde, en el lapso de una quincena, al grito \u2013furioso, asqueado\u2013 de \u201c\u00a1que se vayan todos!\u201d. \u00bfEra De la R\u00faa de izquierda? \u00a1En absoluto! Pero para un conservador de derecha, s\u00ed.<\/p>\n\n\n\n<p>Entonces: \u00bfqu\u00e9 significa ser de izquierda? La respuesta a esta pregunta da para largos desarrollos; simplifiqu\u00e9moslo diciendo que \u201ces la b\u00fasqueda de un horizonte post capitalista\u201d. En otros t\u00e9rminos: se trata de participar de un ideario que, aportando conceptos te\u00f3ricos (lucha de clases, explotaci\u00f3n, plusval\u00eda, acumulaci\u00f3n, Estado) invita\/conlleva a la praxis pol\u00edtico-social transformadora. La gran cuesti\u00f3n es c\u00f3mo lograr operativamente esa transformaci\u00f3n.<\/p>\n\n\n\n<p>Salvo casos psicopatol\u00f3gicos, nadie se declara amante de la violencia. De todos modos \u2013verdad incontrastable\u2013 la misma est\u00e1 eternamente presente en la din\u00e1mica humana. Los grandes cambios sociales, m\u00e1s all\u00e1 de los eternos llamados al pacifismo, se dan a trav\u00e9s de grandes procesos que implican el uso de la fuerza. La m\u00e1xima romana de \u201cSi quieres la paz prep\u00e1rate para la guerra\u201d, mal que nos pese, es una verdad. Entonces: \u00bfse puede ser de izquierda, es decir, se puede buscar el cambio del actual sistema capitalista, sin apelar a un radical golpe de tim\u00f3n? La realidad lo demuestra: no.<\/p>\n\n\n\n<p>Las distintas experiencias de triunfos electorales de candidatos o partidos nombrados \u201cde izquierda\u201d reafirman que cambios reales en la historia no se pueden dar en los marcos de las democracias parlamentarias. Sobran los ejemplos: desde Juan Domingo Per\u00f3n en la Argentina a Getulio Vargas en Brasil, desde Salvador Allende en Chile a Jacobo Arbenz en Guatemala. Los llamados \u201cprogresismos\u201d de estos \u00faltimos a\u00f1os que se dieron en Latinoam\u00e9rica, luego de transcurrido alg\u00fan tiempo, muestran sus resultados. Por cierto, no son los mejores.<\/p>\n\n\n\n<p>Sin dudas en todos ellos hubo cambios en la forma en que se reparti\u00f3 la renta nacional, benefici\u00e1ndose as\u00ed las amplias capas populares. Pero pasado un per\u00edodo de bonanza a principio de siglo, dado el fabuloso desarrollo de China convertida en la gran compradora de recursos naturales de la regi\u00f3n, la pobreza contin\u00faa. Sucede que en los marcos de la institucionalidad capitalista no se puede superar el capitalismo. Eso es un c\u00edrculo cuadrado.<\/p>\n\n\n\n<p>Si la poblaci\u00f3n votante \u2013supuestamente el \u201csoberano\u201d\u2013 gobierna solo a trav\u00e9s de sus representantes y no en un ejercicio de democracia directa real (los consejos populares, las asambleas de base, los soviets), entonces no gobierna. \u00bfQui\u00e9n decide las l\u00edneas b\u00e1sicas de lo que sucede? El capital. Punto. Los pol\u00edticos profesionales solo manejan la administraci\u00f3n del Estado. En tal sentido, desde ese aparato no se puede cambiar una relaci\u00f3n de poder, porque ese aparato \u2013el Estado\u2013 est\u00e1 justamente para mantener esa estructura, no para cambiarla.<\/p>\n\n\n\n<p>Salvando las distancias, es como esperar que estamentos como las fuerzas armadas de una naci\u00f3n, o el clero, puedan ser revolucionarias. Si lo son, deben alejarse de la instituci\u00f3n que les cobija: desertar en el caso de los militares, y quiz\u00e1 enmonta\u00f1arse como guerrilleros alej\u00e1ndose de la Iglesia en el caso de los curas, si no, terminan como Ernesto Cardenal ante el papa Juan Pablo II en Managua, arrodillado pidiendo perd\u00f3n.<\/p>\n\n\n\n<p>Ser de izquierda, en definitiva, significa distanciarse de la l\u00f3gica del capital. Caso contrario, no hay cambio posible: hay modificaci\u00f3n cosm\u00e9tica. No m\u00e1s que eso.<\/p>\n\n\n\n<p>\u00bfQu\u00e9 pudieron hacer los gobiernos de \u201cizquierda\u201d que se han venido dando \u00faltimamente? Hablar con un lenguaje pretendidamente anticapitalista, pero defendiendo el orden constituido en \u00faltimo t\u00e9rmino, tal como sucede en la actual Nicaragua orteguista. \u201cVean lo que hago, no lo que digo\u201d, expres\u00f3 alguna vez el argentino N\u00e9stor Kirchner ante empresarios espa\u00f1oles. \u00bfUn enga\u00f1o para la poblaci\u00f3n? \u201cCapitalismo serio\u201d pidi\u00f3 su sucesora, Cristina Fern\u00e1ndez. \u201cPerd\u00f3n social\u201d demanda el candidato presidencial colombiano Gustavo Petro. Eso \u201ces una expresi\u00f3n de la sociedad en busca de reconciliaci\u00f3n. Tiene un motor: acabar con un conflicto en Colombia. Y por tanto la c\u00e1rcel no es la pieza fundamental, (lo) es el coraz\u00f3n del ser humano\u201d, explicitaba. \u00bfSignifica olvido?<\/p>\n\n\n\n<p>En Chile Gabriel Boric finalmente mand\u00f3 a las fuerzas armadas a controlar la regi\u00f3n de la Araucan\u00eda y dos provincias de la regi\u00f3n del Biob\u00edo buscando reprimir la resistencia popular en la zona mapuche. \u00bfLa derecha gan\u00f3 la pulseada? \u201cRechazo rotundamente que vamos a traer modelos de otros pa\u00edses. No somos chavistas, no somos comunistas, no somos extremistas, menos somos terroristas\u201d, dijo Pedro Castillo al asumir la presidencia de Per\u00fa. \u00bfQu\u00e9 podr\u00e1 cambiar entonces en favor de los oprimidos?<\/p>\n\n\n\n<p>Pepe Mujica, en Uruguay, fue un presidente honesto, como lo es L\u00f3pez Obrador en M\u00e9xico, no robando recursos p\u00fablicos: \u00bfesos son los cambios que verdaderamente necesitan las masas para levantar cabeza?<\/p>\n\n\n\n<p>Como dijera Marx, sin cortapisas, dando paso al pensamiento revolucionario: \u201cNo se trata de reformar la propiedad privada, sino de abolirla; no se trata de paliar los antagonismos de clase, sino de abolir las clases; no se trata de mejorar la sociedad existente, sino de establecer una nueva\u201d.<\/p>\n","protected":false},"excerpt":{"rendered":"<p>Marcelo Colussi Fuente: Rebeli\u00f3n Alguna vez en el 2001 un analista pol\u00edtico europeo dijo sobre el presidente argentino Fernando De la R\u00faa: \u201cAh\u00ed gobierna la izquierda\u201d. Unos pocos meses despu\u00e9s de esa aseveraci\u00f3n (m\u00e1s que incorrecta, por cierto) la poblaci\u00f3n enardecida sacaba a ese mandatario, y a cuatro m\u00e1s: Puerta, Rodr\u00edguez Sa\u00e1, Cama\u00f1o y Duhalde, [&hellip;]<\/p>\n","protected":false},"author":1,"featured_media":4554,"comment_status":"open","ping_status":"open","sticky":false,"template":"","format":"standard","meta":{"footnotes":""},"categories":[5,3],"tags":[],"_links":{"self":[{"href":"http:\/\/www.movimientocaamanista.com\/index.php?rest_route=\/wp\/v2\/posts\/6909"}],"collection":[{"href":"http:\/\/www.movimientocaamanista.com\/index.php?rest_route=\/wp\/v2\/posts"}],"about":[{"href":"http:\/\/www.movimientocaamanista.com\/index.php?rest_route=\/wp\/v2\/types\/post"}],"author":[{"embeddable":true,"href":"http:\/\/www.movimientocaamanista.com\/index.php?rest_route=\/wp\/v2\/users\/1"}],"replies":[{"embeddable":true,"href":"http:\/\/www.movimientocaamanista.com\/index.php?rest_route=%2Fwp%2Fv2%2Fcomments&post=6909"}],"version-history":[{"count":1,"href":"http:\/\/www.movimientocaamanista.com\/index.php?rest_route=\/wp\/v2\/posts\/6909\/revisions"}],"predecessor-version":[{"id":6910,"href":"http:\/\/www.movimientocaamanista.com\/index.php?rest_route=\/wp\/v2\/posts\/6909\/revisions\/6910"}],"wp:featuredmedia":[{"embeddable":true,"href":"http:\/\/www.movimientocaamanista.com\/index.php?rest_route=\/wp\/v2\/media\/4554"}],"wp:attachment":[{"href":"http:\/\/www.movimientocaamanista.com\/index.php?rest_route=%2Fwp%2Fv2%2Fmedia&parent=6909"}],"wp:term":[{"taxonomy":"category","embeddable":true,"href":"http:\/\/www.movimientocaamanista.com\/index.php?rest_route=%2Fwp%2Fv2%2Fcategories&post=6909"},{"taxonomy":"post_tag","embeddable":true,"href":"http:\/\/www.movimientocaamanista.com\/index.php?rest_route=%2Fwp%2Fv2%2Ftags&post=6909"}],"curies":[{"name":"wp","href":"https:\/\/api.w.org\/{rel}","templated":true}]}}