{"id":6932,"date":"2022-07-02T10:22:52","date_gmt":"2022-07-02T10:22:52","guid":{"rendered":"http:\/\/www.movimientocaamanista.com\/?p=6932"},"modified":"2022-07-02T10:22:54","modified_gmt":"2022-07-02T10:22:54","slug":"deberiamos-retrasar-la-edad-legal-para-beber-alcohol","status":"publish","type":"post","link":"http:\/\/www.movimientocaamanista.com\/?p=6932","title":{"rendered":"\u00bfDeber\u00edamos retrasar la edad legal para beber alcohol?"},"content":{"rendered":"\n<p>Adriana Castro Zavala<\/p>\n\n\n\n<p>Fuente: <a href=\"https:\/\/theconversation.com\/deberiamos-retrasar-la-edad-legal-para-beber-alcohol-182707\">The Conversation<\/a><\/p>\n\n\n\n<p>La edad adulta es un periodo de la vida del ser humano que viene condicionada principalmente por factores sociales y, por tanto, estos par\u00e1metros cambian dependiendo de la sociedad. En la mayor\u00eda de los pa\u00edses occidentales se considera adulta a una persona que ha alcanzado la \u201cmayor\u00eda de edad\u201d, que suele ser al cumplir los 18 a\u00f1os.<\/p>\n\n\n\n<p>En Espa\u00f1a, se estableci\u00f3 que la mayor\u00eda de edad fuera a los 18 a\u00f1os en el&nbsp;<a href=\"https:\/\/www.boe.es\/buscar\/doc.php?id=BOE-A-1978-28627\">Real Decreto-ley 33\/1978<\/a>. Es decir, hace ya 44 a\u00f1os.<\/p>\n\n\n\n<p>Alcanzar la mayor\u00eda de edad tambi\u00e9n significa poder realizar muchas actividades como casarse, ponerse un tatuaje, consumir drogas legales, votar o conducir un autom\u00f3vil, entre otras. Adem\u00e1s, en&nbsp;<a href=\"https:\/\/en.wikipedia.org\/wiki\/Legal_drinking_age\">muchos pa\u00edses del mundo<\/a>, los 18 a\u00f1os es el momento de la vida en el que coinciden la mayor\u00eda de edad y la posibilidad de consumir alcohol legalmente.<\/p>\n\n\n\n<h2 class=\"wp-block-heading\">Biolog\u00eda vs. legalidad<\/h2>\n\n\n\n<p>Si por edad adulta entendemos \u201cestado o condici\u00f3n de pleno desarrollo y madurez\u201d, se infiere que a los 18 a\u00f1os una persona ya habr\u00e1 alcanzado esta madurez. Sin embargo, a nivel neurobiol\u00f3gico esto no es cierto.<\/p>\n\n\n\n<p>El cerebro alcanza su m\u00e1xima madurez entre los veinticinco y los treinta a\u00f1os de edad seg\u00fan las \u00faltimas investigaciones, como veremos a continuaci\u00f3n. Por tanto, las \u00e1reas cerebrales encargadas de diversas funciones cognitivas sofisticadas contin\u00faan en desarrollo hasta casi la treintena.<\/p>\n\n\n\n<p>Por ejemplo, la corteza prefrontal, el \u00e1rea encargada de la toma de decisiones, razonamiento, resoluci\u00f3n de problemas, evaluaci\u00f3n del riesgo y autocontrol, es una de las&nbsp;<a href=\"https:\/\/www.pnas.org\/doi\/10.1073\/pnas.0402680101\">\u00faltimas \u00e1reas en desarrollarse<\/a>. De igual forma, la am\u00edgdala, el \u00e1rea relacionada con la evaluaci\u00f3n de riesgos, tambi\u00e9n se encuentra en desarrollo hasta bien entrada la edad adulta.<\/p>\n\n\n\n<p>Si estas \u00e1reas no se encuentran completamente desarrolladas, la toma de decisiones se basa m\u00e1s en la parte emocional que en la racional. En consecuencia, aumenta la probabilidad de tomar decisiones arriesgadas e impulsivas, como ocurre en la adolescencia.<\/p>\n\n\n\n<h2 class=\"wp-block-heading\">Vulnerabilidad y modificaci\u00f3n del cerebro<\/h2>\n\n\n\n<p>El hecho de que el cerebro contin\u00fae en desarrollo indica que es altamente vulnerable a ciertos factores ambientales. Entre ellos, los&nbsp;<a href=\"https:\/\/pubmed.ncbi.nlm.nih.gov\/23245341\/\">efectos delet\u00e9reos<\/a>&nbsp;del alcohol en el neurodesarrollo.<\/p>\n\n\n\n<p><a href=\"https:\/\/pubmed.ncbi.nlm.nih.gov\/32179028\/#:%7E:text=Findings%20from%20human%20adolescent%20studies,%2C%20executive%20functioning%2C%20and%20impulsivity.\">Se ha observado<\/a>&nbsp;que el consumo de alcohol durante la adolescencia genera alteraciones en la integridad del cerebro, tanto en la materia gris como en la materia blanca. Eso ocasiona un funcionamiento deficiente en diversas tareas, tales como aprendizaje, memoria, toma de decisiones, funci\u00f3n visual\/espacial, funci\u00f3n ejecutiva, lectura e impulsividad.<\/p>\n\n\n\n<p>Adem\u00e1s, el consumo de alcohol durante la adolescencia puede modificar ciertas sustancias qu\u00edmicas que regulan la funci\u00f3n cerebral, llamadas neurotransmisores.<\/p>\n\n\n\n<h2 class=\"wp-block-heading\">Dopamina y riesgo<\/h2>\n\n\n\n<p>En un&nbsp;<a href=\"https:\/\/pubmed.ncbi.nlm.nih.gov\/27030756\/\">estudio<\/a>&nbsp;reciente, neurocient\u00edficos observaron que en los ratones que consum\u00edan alcohol durante la adolescencia disminu\u00eda la funci\u00f3n de un neurotransmisor (GABA) que act\u00faa como modulador de la liberaci\u00f3n de dopamina. La dopamina est\u00e1 directamente relacionada con el sistema de recompensa y motivaci\u00f3n. Por eso los ratones adolescentes del estudio tomaban decisiones m\u00e1s arriesgadas, con mayor frecuencia, tras el consumo de alcohol.<\/p>\n\n\n\n<p>Por otra parte, el alcohol tambi\u00e9n&nbsp;<a href=\"https:\/\/pubmed.ncbi.nlm.nih.gov\/28210782\/\">modifica los niveles<\/a>&nbsp;de otro neurotransmisor clave para el aprendizaje y la memoria: la acetilcolina. Adem\u00e1s, el alcohol durante la adolescencia provoca un estado de \u201cinflamaci\u00f3n\u201d en el cerebro, lo que da\u00f1a la&nbsp;<a href=\"https:\/\/www.ncbi.nlm.nih.gov\/pmc\/articles\/PMC3098669\/\">comunicaci\u00f3n entre las neuronas<\/a>, o bien hace que mueran. Todas estas alteraciones suelen ser efectos duraderos que se mantienen hasta la edad adulta.<\/p>\n\n\n\n<h2 class=\"wp-block-heading\">La trascendencia de la edad legal<\/h2>\n\n\n\n<p>El consumo de alcohol durante la adolescencia puede tener un efecto de por vida en el desarrollo cerebral de la persona. Adem\u00e1s, las personas que est\u00e1n consumiendo alcohol a esa edad est\u00e1n tomando decisiones m\u00e1s arriesgadas y menos pensadas.<\/p>\n\n\n\n<p>Extrapolando esto a las actividades que previamente hemos mencionado, que dependen de alcanzar una edad legal (consumir otras drogas, conducir, etc.), queda claro que existen unas actividades que son trascendentales, y afectan incluso a terceras personas.<\/p>\n\n\n\n<h2 class=\"wp-block-heading\">\u00bfInfluye el precio?<\/h2>\n\n\n\n<p>Una de las v\u00edas m\u00e1s pr\u00e1cticas para reducir el consumo de alcohol ha sido el aumento del precio a esta sustancia. Algunos&nbsp;<a href=\"https:\/\/www.ncbi.nlm.nih.gov\/pmc\/articles\/PMC3860576\/#:%7E:text=Effects%20of%20Prices%20on%20Consequences,from%20alcohol%20use%20and%20abuse.\">estudios<\/a>&nbsp;de los a\u00f1os 90&nbsp;<a href=\"https:\/\/www.ncbi.nlm.nih.gov\/pmc\/articles\/PMC6876520\/\">mostraban<\/a>&nbsp;que aumentar los precios o los impuestos disminu\u00eda el consumo de alcohol especialmente en j\u00f3venes.<\/p>\n\n\n\n<p>Sin embargo, cuando los&nbsp;<a href=\"https:\/\/pubmed.ncbi.nlm.nih.gov\/33215195\/\">estudios<\/a>&nbsp;se centran en edades o sociedades espec\u00edficas, los resultados indican que el precio del alcohol no afecta los niveles de consumo entre los adolescentes, aunque s\u00ed a la&nbsp;<a href=\"https:\/\/pubmed.ncbi.nlm.nih.gov\/33197097\/\">reducci\u00f3n<\/a>&nbsp;tanto de enfermedades como muertes relacionadas con el consumo de esta sustancia.<\/p>\n\n\n\n<h2 class=\"wp-block-heading\">\u00bfSe deber\u00eda retrasar la edad legal?<\/h2>\n\n\n\n<p>Varios pa\u00edses&nbsp;<a href=\"https:\/\/fra.europa.eu\/en\/publication\/2017\/mapping-minimum-age-requirements-concerning-rights-child-eu\/purchasing-and-consuming-alcohol\">han respondido que s\u00ed<\/a>&nbsp;a esta cuesti\u00f3n, por lo que ya han aumentado la edad legal de consumo de alcohol. Es el caso Estados Unidos (21 a\u00f1os), Canad\u00e1 (19 a\u00f1os), Paraguay (20 a\u00f1os) y Suecia (20 a\u00f1os para bebidas con m\u00e1s de 3.5&nbsp;% de alcohol).<\/p>\n\n\n\n<p>El incremento de la edad legal es una de las intervenciones m\u00e1s exitosas para reducir el consumo, as\u00ed como para la&nbsp;<a href=\"https:\/\/pubs.niaaa.nih.gov\/publications\/AA67\/AA67.htm\">disminuci\u00f3n de los accidentes<\/a>&nbsp;automovil\u00edsticos relacionados con el alcohol en j\u00f3venes menores de 21 a\u00f1os.<\/p>\n\n\n\n<p>En el camino contrario est\u00e1 Nueva Zelanda, que en el a\u00f1o de 1999 redujo la edad legal para el consumo de alcohol de 20 a\u00f1os a 18 a\u00f1os. La decisi\u00f3n hizo que&nbsp;<a href=\"https:\/\/pubmed.ncbi.nlm.nih.gov\/16317197\/\">aumentaran un 26&nbsp;%<\/a>&nbsp;los accidentes ocasionados por j\u00f3venes conductores.<\/p>\n\n\n\n<figure class=\"wp-block-image\"><a href=\"https:\/\/images.theconversation.com\/files\/463683\/original\/file-20220517-26-fbcro4.jpg?ixlib=rb-1.1.0&amp;q=45&amp;auto=format&amp;w=1000&amp;fit=clip\"><img decoding=\"async\" src=\"https:\/\/images.theconversation.com\/files\/463683\/original\/file-20220517-26-fbcro4.jpg?ixlib=rb-1.1.0&amp;q=45&amp;auto=format&amp;w=237&amp;fit=clip\" alt=\"\"\/><\/a><figcaption>Porcentaje de adolescentes que consumieron alcohol en al menos uno de los 30 d\u00edas previos a la aplicaci\u00f3n de la encuesta europea ESPAD 2019.<\/figcaption><\/figure>\n\n\n\n<h2 class=\"wp-block-heading\">Correlaci\u00f3n legalidad &#8211; consumo<\/h2>\n\n\n\n<p>En Europa, la&nbsp;<a href=\"https:\/\/europa.eu\/!Xy37DU\">ESPAD<\/a>&nbsp;(encuesta entre j\u00f3venes de 16 a\u00f1os referente al consumo de alcohol u otras drogas) ofrece datos que muestran una correlaci\u00f3n entre el aumento de la edad legal para consumo de alcohol y el porcentaje de adolescentes que consumen dicha sustancia respecto a los pa\u00edses que tienen una edad legal menor.<\/p>\n\n\n\n<p>Sus datos muestran tambi\u00e9n que pa\u00edses que tienen una ley menos restrictiva respecto a la edad de consumo de alcohol (Dinamarca y Alemania, 16 a\u00f1os como edad legal para bebidas de menos de 1.2&nbsp;% de alcohol) tienen un porcentaje m\u00e1s alto de adolescentes que consumen alcohol respecto a los otros pa\u00edses.<\/p>\n\n\n\n<p>En definitiva, la edad legal para el consumo de alcohol deber\u00eda ser reevaluada, ya que el consumo de esta sustancia conlleva diversos problemas tanto de salud como sociales.<\/p>\n\n\n\n<p>Adem\u00e1s, modificar la edad legal para consumir alcohol parece ser una herramienta clave para reducir los efectos negativos que podr\u00eda traer el consumo de alcohol entre los adolescentes. Y, por tanto, disminuir las consecuencias negativas que se asocian al abuso de esta sustancia.<\/p>\n","protected":false},"excerpt":{"rendered":"<p>Adriana Castro Zavala Fuente: The Conversation La edad adulta es un periodo de la vida del ser humano que viene condicionada principalmente por factores sociales y, por tanto, estos par\u00e1metros cambian dependiendo de la sociedad. En la mayor\u00eda de los pa\u00edses occidentales se considera adulta a una persona que ha alcanzado la \u201cmayor\u00eda de edad\u201d, [&hellip;]<\/p>\n","protected":false},"author":1,"featured_media":6933,"comment_status":"open","ping_status":"open","sticky":false,"template":"","format":"standard","meta":{"footnotes":""},"categories":[4],"tags":[],"_links":{"self":[{"href":"http:\/\/www.movimientocaamanista.com\/index.php?rest_route=\/wp\/v2\/posts\/6932"}],"collection":[{"href":"http:\/\/www.movimientocaamanista.com\/index.php?rest_route=\/wp\/v2\/posts"}],"about":[{"href":"http:\/\/www.movimientocaamanista.com\/index.php?rest_route=\/wp\/v2\/types\/post"}],"author":[{"embeddable":true,"href":"http:\/\/www.movimientocaamanista.com\/index.php?rest_route=\/wp\/v2\/users\/1"}],"replies":[{"embeddable":true,"href":"http:\/\/www.movimientocaamanista.com\/index.php?rest_route=%2Fwp%2Fv2%2Fcomments&post=6932"}],"version-history":[{"count":1,"href":"http:\/\/www.movimientocaamanista.com\/index.php?rest_route=\/wp\/v2\/posts\/6932\/revisions"}],"predecessor-version":[{"id":6934,"href":"http:\/\/www.movimientocaamanista.com\/index.php?rest_route=\/wp\/v2\/posts\/6932\/revisions\/6934"}],"wp:featuredmedia":[{"embeddable":true,"href":"http:\/\/www.movimientocaamanista.com\/index.php?rest_route=\/wp\/v2\/media\/6933"}],"wp:attachment":[{"href":"http:\/\/www.movimientocaamanista.com\/index.php?rest_route=%2Fwp%2Fv2%2Fmedia&parent=6932"}],"wp:term":[{"taxonomy":"category","embeddable":true,"href":"http:\/\/www.movimientocaamanista.com\/index.php?rest_route=%2Fwp%2Fv2%2Fcategories&post=6932"},{"taxonomy":"post_tag","embeddable":true,"href":"http:\/\/www.movimientocaamanista.com\/index.php?rest_route=%2Fwp%2Fv2%2Ftags&post=6932"}],"curies":[{"name":"wp","href":"https:\/\/api.w.org\/{rel}","templated":true}]}}