{"id":6972,"date":"2022-07-07T10:51:10","date_gmt":"2022-07-07T10:51:10","guid":{"rendered":"http:\/\/www.movimientocaamanista.com\/?p=6972"},"modified":"2022-07-07T10:51:12","modified_gmt":"2022-07-07T10:51:12","slug":"la-educacion-al-banquillo","status":"publish","type":"post","link":"http:\/\/www.movimientocaamanista.com\/?p=6972","title":{"rendered":"La educaci\u00f3n, al banquillo"},"content":{"rendered":"\n<p>Patrocinio Navarro Valero<\/p>\n\n\n\n<p>Fuente: <a href=\"https:\/\/kaosenlared.net\/la-educacion-al-banquillo\/\">Kaos en la Red<\/a><\/p>\n\n\n\n<p><strong>\u00bfA qui\u00e9n le importa la educaci\u00f3n?<\/strong><\/p>\n\n\n\n<p>Frecuentemente saltan a la prensa&nbsp; alarmantes comportamientos inc\u00edvicos, violentos, machistas y xen\u00f3fobos de adolescentes casi ni\u00f1os. Este fen\u00f3meno alcanza dimensiones&nbsp; tr\u00e1gicas en pa\u00edses como EEUU, con sus frecuentes episodios de asesinatos a escolares y profesores en sus colegios, &nbsp;precisamente por antiguos alumnos de esos mismos centros.<\/p>\n\n\n\n<p>Esto deber\u00eda dar que pensar. No solo en la facilidad con que cualquiera puede conseguir un arma en ese pa\u00eds, o en la estupidez policial incapaz de evitar que se use en los colegios, custodiados por polic\u00edas en todos los casos, &nbsp;sino lo m\u00e1s importante:&nbsp;<strong>\u00bfPor qu\u00e9?<\/strong><\/p>\n\n\n\n<p>Tales episodios parecen no tener fecha de caducidad en ese pa\u00eds con tantos pistoleros y desequilibrados, pero ya comienzan a ser alarmantes&nbsp; algunos de ellos en pa\u00edses europeos como Espa\u00f1a. Aqu\u00ed son&nbsp;<em>a\u00fan<\/em>&nbsp;problemas de acoso entre alumnos, indisciplina, falta de respeto a los profesores, y de vez en cuando alguna agresi\u00f3n a los docentes &nbsp;con el apoyo y hasta con la intervenci\u00f3n directa &nbsp;de padres violentos. \u00bfEs se\u00f1al de algo todo esto?<\/p>\n\n\n\n<p><strong>\u00bfExiste alg\u00fan mal de fondo com\u00fan?<\/strong><\/p>\n\n\n\n<p>Sin duda, estos comportamientos eran impensables no hace tanto, cuando la autoridad de los maestros-as era indiscutible y aceptado por los estudiantes y sus familias. \u00bfQu\u00e9 ha cambiado y por qu\u00e9?<\/p>\n\n\n\n<p>Abusos intolerables de autoridad en las aulas, represi\u00f3n y frustraci\u00f3n estudiantil, falta de motivaci\u00f3n por el aprendizaje, desapego emocional al profesorado, abandono escolar, mala calidad de los contenidos y otras calamidades, son males end\u00e9micos que apenas alcanzan a escucharse p\u00fablicamente. Sin embargo, hubo un tiempo, all\u00e1 por los setenta del pasado siglo, en que todos estos asuntos, tan ligados al fascismo reinante, fueron ampliamente denunciados por la izquierda. \u00bfPor qu\u00e9 no se sigue poniendo la mirada en estos temas a la vista de lo que sucede hoy &nbsp;y ante el peligro de un nuevo fascismo en el horizonte?<\/p>\n\n\n\n<p><strong>\u00bf Cu\u00e1ntos maestros y maestras ve un ciudadano en la tv?<\/strong><\/p>\n\n\n\n<p>La gente lee poco, pero ve mucha tele. Y es justo en este medio donde se promociona lo que cada gobierno interesa, y se oculta lo&nbsp; que no, as\u00ed que los maestros son invisibles, excepto cuando son agredidos. Y para poner &nbsp;&nbsp;remedio a este mal, se les nombra autoridad p\u00fablica, a ver si as\u00ed se les respeta. Qu\u00e9 diferencia con aquellos maestros y maestras mimados por &nbsp;la Rep\u00fablica y amados por los trabajadores, que lucharon por terminar con la incultura y terminaron en c\u00e1rceles o fusilados. Franco no amaba a los maestros: no se fiaba de ellos. Pero los gobiernos posteriores tampoco aman a los maestros. Por eso son invisibles, y en consecuencia, unos desconocidos con mala prensa: demasiadas vacaciones y otros privilegios. Pero no se hace hincapi\u00e9 &nbsp;en las dif\u00edciles condiciones en que tienen que trabajar,&nbsp; y en las grandes carencias en su formaci\u00f3n profesional.<\/p>\n\n\n\n<p><strong>De esto no se habla<\/strong><\/p>\n\n\n\n<p>Aunque nadie habla de ello, existe una profunda crisis educativa provocada, entre otras causas, por la politizaci\u00f3n de los programas escolares, la ausencia casi total de una educaci\u00f3n emocional correcta, la &nbsp;falta de recursos econ\u00f3micos y la &nbsp;ausencia de profesores familias y estudiantes a la hora de elaborar los planes de estudio. \u00bf O es que no tienen derecho?<\/p>\n\n\n\n<p>Esto &nbsp;\u00faltimo es de vital importancia en una democracia. Como estas que padecemos son falsas, no es casual que todo funcione como funciona.<\/p>\n\n\n\n<p>\u00bfDe cu\u00e1ndo ac\u00e1 le importa a los gobiernos que la gente disponga de una cultura amplia, creativa y cr\u00edtica, o &nbsp;de una esmerada educaci\u00f3n emocional o &nbsp;de unos valores \u00e9ticos saludables m\u00e1s all\u00e1 de la palabrer\u00eda de los libros de texto y de los entrometidos profesores de religi\u00f3n en las aulas?<\/p>\n\n\n\n<p>Por otro lado, \u00bf qu\u00e9 familia normal- y esto aumenta la gravedad del asunto- se interesa por participar en el control de los planes de educaci\u00f3n para sus hijos, m\u00e1s all\u00e1 de ese remedo de la participaci\u00f3n reglada de padres y madres en los Centros?<\/p>\n\n\n\n<p><strong>\u00bf D\u00f3nde est\u00e1 la izquierda?<\/strong><\/p>\n\n\n\n<p>Como profesional de la ense\u00f1anza me resulta particularmente llamativa la escasa &nbsp;atenci\u00f3n que en la izquierda &nbsp;se presta &nbsp;al tema de la educaci\u00f3n. No hay m\u00e1s que echar una mirada a cualquier medio alternativo para observar que en el mundo de las opiniones, cr\u00edticas y propuestas de cambio al mundo en que vivimos, la educaci\u00f3n es la gran ausente. \u00bfPor qu\u00e9? \u00bfAcaso es algo secundario en nuestras vidas aquello que recibimos en la infancia y adolescencia? \u00bfAcaso no tiene trascendencia?<\/p>\n\n\n\n<p>Estalla ante nuestros ojos el fracaso de la educaci\u00f3n mundial cuando vemos con qu\u00e9 facilidad se recluta a la inmensa mayor\u00eda de los j\u00f3venes para la guerra, como sucede ahora mismo en medio mundo y en Ucrania. De haber&nbsp; recibido cultura cr\u00edtica, educaci\u00f3n correcta \u00e9tica y emocional,&nbsp; a cualquier joven le ser\u00eda impensable empu\u00f1ar un arma y&nbsp; acudir a&nbsp; matar a un semejante por orden de cualquier gobierno criminal. As\u00ed que estamos ante un asunto pol\u00edtico de primer nivel, y extra\u00f1a que no se encuentre en los foros alternativos. Tal vez tampoco &nbsp;los profesionales de la educaci\u00f3n damos la voz de alarma con insistencia para que la sociedad toda comprenda que hay que cambiar muchas cosas en este terreno, y se ponga manos a la obra, comenzando por dar protagonismo bien visibles a los verdaderos protagonistas:&nbsp; familias, estudiantes y profesores. Lo dem\u00e1s, no sirve: bien a la vista est\u00e1.<\/p>\n","protected":false},"excerpt":{"rendered":"<p>Patrocinio Navarro Valero Fuente: Kaos en la Red \u00bfA qui\u00e9n le importa la educaci\u00f3n? Frecuentemente saltan a la prensa&nbsp; alarmantes comportamientos inc\u00edvicos, violentos, machistas y xen\u00f3fobos de adolescentes casi ni\u00f1os. Este fen\u00f3meno alcanza dimensiones&nbsp; tr\u00e1gicas en pa\u00edses como EEUU, con sus frecuentes episodios de asesinatos a escolares y profesores en sus colegios, &nbsp;precisamente por antiguos [&hellip;]<\/p>\n","protected":false},"author":1,"featured_media":6973,"comment_status":"open","ping_status":"open","sticky":false,"template":"","format":"standard","meta":{"footnotes":""},"categories":[5,3],"tags":[],"_links":{"self":[{"href":"http:\/\/www.movimientocaamanista.com\/index.php?rest_route=\/wp\/v2\/posts\/6972"}],"collection":[{"href":"http:\/\/www.movimientocaamanista.com\/index.php?rest_route=\/wp\/v2\/posts"}],"about":[{"href":"http:\/\/www.movimientocaamanista.com\/index.php?rest_route=\/wp\/v2\/types\/post"}],"author":[{"embeddable":true,"href":"http:\/\/www.movimientocaamanista.com\/index.php?rest_route=\/wp\/v2\/users\/1"}],"replies":[{"embeddable":true,"href":"http:\/\/www.movimientocaamanista.com\/index.php?rest_route=%2Fwp%2Fv2%2Fcomments&post=6972"}],"version-history":[{"count":1,"href":"http:\/\/www.movimientocaamanista.com\/index.php?rest_route=\/wp\/v2\/posts\/6972\/revisions"}],"predecessor-version":[{"id":6974,"href":"http:\/\/www.movimientocaamanista.com\/index.php?rest_route=\/wp\/v2\/posts\/6972\/revisions\/6974"}],"wp:featuredmedia":[{"embeddable":true,"href":"http:\/\/www.movimientocaamanista.com\/index.php?rest_route=\/wp\/v2\/media\/6973"}],"wp:attachment":[{"href":"http:\/\/www.movimientocaamanista.com\/index.php?rest_route=%2Fwp%2Fv2%2Fmedia&parent=6972"}],"wp:term":[{"taxonomy":"category","embeddable":true,"href":"http:\/\/www.movimientocaamanista.com\/index.php?rest_route=%2Fwp%2Fv2%2Fcategories&post=6972"},{"taxonomy":"post_tag","embeddable":true,"href":"http:\/\/www.movimientocaamanista.com\/index.php?rest_route=%2Fwp%2Fv2%2Ftags&post=6972"}],"curies":[{"name":"wp","href":"https:\/\/api.w.org\/{rel}","templated":true}]}}