{"id":6977,"date":"2022-07-07T10:58:38","date_gmt":"2022-07-07T10:58:38","guid":{"rendered":"http:\/\/www.movimientocaamanista.com\/?p=6977"},"modified":"2022-07-07T10:58:40","modified_gmt":"2022-07-07T10:58:40","slug":"la-desglobalizacion-caotica-solo-una-consecuencia-de-la-guerra","status":"publish","type":"post","link":"http:\/\/www.movimientocaamanista.com\/?p=6977","title":{"rendered":"La desglobalizaci\u00f3n ca\u00f3tica: \u00bfS\u00f3lo una consecuencia de la guerra?"},"content":{"rendered":"\n<p>Jos\u00e9 Luis Carretero Miramar<\/p>\n\n\n\n<p>Fuente: <a href=\"https:\/\/kaosenlared.net\/la-desglobalizacion-caotica-solo-una-consecuencia-de-la-guerra\/\">Kaos en la Red<\/a><\/p>\n\n\n\n<p>La semana pasada, la \u00e9lite global se reuni\u00f3 en el Foro de Davos, en Suiza. Dentro de las lujosas instalaciones en las que se produjo esta reuni\u00f3n entre los empresarios, pol\u00edticos y propietarios de medios de comunicaci\u00f3n sist\u00e9micos, una palabra se convirti\u00f3 en el eje de todos los debates: \u201cdesglobalizaci\u00f3n\u201d.<\/p>\n\n\n\n<p>El comienzo de la guerra en Ucrania, junto a los enormes da\u00f1os provocados por la pandemia a las cadenas globales de suministros y la creciente tensi\u00f3n militar y econ\u00f3mica entre los dos grandes bloques geopol\u00edticos de nuestro tiempo (el agrupado entorno a la potencia declinante, los Estados Unidos, y su alianza militar, la OTAN; y el que empiezan a vislumbrar las potencias emergentes, como Rusia y China) ha puesto en peligro el proceso de globalizaci\u00f3n de la econom\u00eda vivido por el sistema capitalista desde los a\u00f1os setenta.<\/p>\n\n\n\n<p>La globalizaci\u00f3n fue el marco fundamental en el que se desarroll\u00f3 la econom\u00eda planetaria de las \u00faltimas d\u00e9cadas. Se articul\u00f3 entorno a un pu\u00f1ado de organizaciones supranacionales de \u00edndole econ\u00f3mico (como el Fondo Monetario Internacional, la Organizaci\u00f3n Mundial de Comercio y el Banco Mundial), pero tambi\u00e9n alrededor de la funci\u00f3n de gendarmer\u00eda y seguridad atribuida al omnipresente Ej\u00e9rcito norteamericano y a sus fuerzas auxiliares (la OTAN). Ha sido un ensayo de mercado global hegemonizado por las grandes transnacionales de los pa\u00edses de Occidente y los fondos de inversi\u00f3n. La libertad irrestricta para los flujos de capitales y de mercanc\u00edas, corr\u00eda paralela a un aumento sostenido del comercio internacional y una creciente acumulaci\u00f3n por desposesi\u00f3n, por la v\u00eda de la mercantilizaci\u00f3n de los bienes comunes y la privatizaci\u00f3n de los servicios p\u00fablicos, junto a la deslocalizaci\u00f3n de las actividades productivas y la generalizaci\u00f3n del discurso neoliberal en la totalidad de las instituciones pol\u00edticas y acad\u00e9micas.<\/p>\n\n\n\n<p>Quiz\u00e1s sea a\u00fan pronto para hablar del fin de la globalizaci\u00f3n. Pero lo cierto es que sus presupuestos pol\u00edticos y econ\u00f3micos parecen haber saltado por los aires desde el fin de la brutal sacudida provocada por la pandemia de Covid-19. Un informe de Accenture, publicado en el marco del Foro de Davos, y basado en una investigaci\u00f3n en la que tambi\u00e9n colabora Oxford Economics, avisa de que el colapso presente de las cadenas de suministros globales puede llegar a provocar p\u00e9rdidas de hasta 920.000 millones de euros en el PIB de la zona euro, con un impacto potencial de hasta el 7,7 % del PIB potencial europeo para 2023. En 2021, las p\u00e9rdidas atribuibles a los cortes de las cadenas de suministros ya alcanzaron los 112.700 millones para Europa.<\/p>\n\n\n\n<p>Ya antes de la guerra la escasez de materiales clave para la econom\u00eda global, como los semiconductores, unida al bloqueo del sector log\u00edstico y al inicio del proceso inflacionario, provocaron fuertes tensiones al comercio mundial. La guerra ha venido a significar la puntilla para el paradigma globalizador: un horizonte de grandes bloques pol\u00edticos y econ\u00f3micos enfrentados durante varias d\u00e9cadas impone la necesidad de la relocalizaci\u00f3n de la producci\u00f3n estrat\u00e9gica y de nuevas exigencias para la sostenibilidad y seguridad de las cadenas de suministro internacionales.<\/p>\n\n\n\n<p>Las empresas ya se lo est\u00e1n planteando. En el Foro de Davos se han sucedido las presentaciones de proyectos empresariales que mencionan la repatriaci\u00f3n de actividades econ\u00f3micas para salvaguardar la seguridad de los suministros y la consonancia con los proyectos geopol\u00edticos de los gobiernos concernidos. Seg\u00fan declaraciones de Christophe Weber, consejero delegado del grupo japon\u00e9s Takeda, al diario econ\u00f3mico Expansi\u00f3n, \u201cse trata de eliminar el riesgo en cadena de suministro (\u2026) decir que la globalizaci\u00f3n ha terminado ser\u00eda simplificar mucho, pero la globalizaci\u00f3n que la gente tiene en mente ya no existe (\u2026) la globalizaci\u00f3n que exist\u00eda hace unos a\u00f1os, el comercio sin restricciones y la idea de que el mundo es plano, se ha terminado.\u201d<\/p>\n\n\n\n<p>Sin embargo, cerca del 30 % del valor a\u00f1adido total de la econom\u00eda europea depende de las cadenas internacionales de suministro, ya sea porque permiten el acceso a fuentes de materias primas baratas o porque facilitan vender la producci\u00f3n en otros mercados. La desglobalizaci\u00f3n es un problema. La crisis de oferta provocada por la guerra y el colapso comercial impulsan la inflaci\u00f3n muy por encima de lo esperado y la previsible reacci\u00f3n \u201causteritaria\u201d de los halcones neoliberales amenaza con provocar una fuerte recesi\u00f3n global. El alza de los precios de la energ\u00eda estrangula el crecimiento europeo y las sanciones contra Rusia, unidas a la situaci\u00f3n b\u00e9lica en Ucrania, bloquean el suministro de alimentos a los pa\u00edses del Sur.<\/p>\n\n\n\n<p>Las sanciones desplegadas por la guerra de Ucrania han provocado un frenazo en seco de las econom\u00edas occidentales, agravado por los problemas con el Covid 19 en la Rep\u00fablica Popular China. El PIB de los pa\u00edses de la Organizaci\u00f3n para la Cooperaci\u00f3n y el Desarrollo econ\u00f3mico (OCDE), que representan cerca del 60 % de la econom\u00eda mundial, se fren\u00f3 al 0,1 % entre enero y marzo. El PIB norteamericano cay\u00f3 un -0,4 %, Italia cae otro -0,2% y la d\u00e9bil subida de Alemania (0,2 %) es insuficiente para compensar el terreno perdido (un -0,3 %) durante el avance de la variable \u00d3micron, en diciembre pasado.<\/p>\n\n\n\n<p>Las noticias de empresas que se plantean la relocalizaci\u00f3n de actividades o la b\u00fasqueda de suministros alternativos en pa\u00edses ahora aliados y considerados seguros, aunque sus costes sean mayores, empiezan a hacerse comunes en los medios. Lo mismo ocurre con las preocupantes declaraciones pol\u00edticas que parecen alimentar un escenario global de gran pugna, caliente o fr\u00eda, entre Occidente y los pa\u00edses emergentes. Biden afirma que defender\u00e1 militarmente Taiw\u00e1n y la Uni\u00f3n Europea se plantea enviar barcos a Odessa para exportar el grano ucraniano, pese a la creciente posibilidad de incidentes descontrolados que hagan escalar la situaci\u00f3n hasta un punto de confrontaci\u00f3n b\u00e9lica abierta. Es dif\u00edcil imaginar un escenario en el que la sucesi\u00f3n de guerras y tensiones, quebrando la comunidad internacional en dos grandes bloques antag\u00f3nicos, pueda ser compatible con la econom\u00eda global abierta y la expansi\u00f3n ilimitada del comercio mundial que vimos desplegarse en las d\u00e9cadas pasadas.<\/p>\n\n\n\n<p>Algunos nunca fuimos adeptos al paradigma globalizador y neoliberal. Pero haremos mal en interpretar lo que est\u00e1 sucediendo como una reafirmaci\u00f3n de las tesis basadas en la soberan\u00eda productiva o la recuperaci\u00f3n de un keynesianismo a escala nacional. La desglobalizaci\u00f3n presente corre paralela al momento m\u00e1s dulce para los grandes fondos de inversi\u00f3n transnacionales. Los fondos de capital riesgo viven un tremendo auge en todo el mundo. Ahora acumulan cerca de 10 billones de d\u00f3lares en activos (sumando infraestructuras, deuda, energ\u00eda, inmuebles y participaciones en empresas) y se espera que en 2026 lleguen a los cerca de 18 billones. Las grandes fortunas aprovechan la crisis para crecer y acumular, en econom\u00edas que viven una desglobalizaci\u00f3n limitada y ca\u00f3tica que no toma la forma de una recuperaci\u00f3n de las soberan\u00edas nacionales ni de la pujanza de las fuerzas populares, sino de una reordenaci\u00f3n de las fuerzas econ\u00f3micas en dos grandes bloques en crisis y sometidos a una sucesi\u00f3n de tensiones tempestuosas.<\/p>\n\n\n\n<p>Otra globalizaci\u00f3n es posible, dec\u00edamos en los movimientos sociales de los a\u00f1os 90. No fue as\u00ed, y ahora nos toca parar la gran guerra que ya ha comenzado, respetando la soberan\u00eda y la seguridad de los pueblos, y construyendo puentes de solidaridad y cooperaci\u00f3n que permitan enfrentar los grandes problemas compartidos, como la pobreza, la desigualdad, la explotaci\u00f3n o la crisis ecol\u00f3gica.<br><\/p>\n","protected":false},"excerpt":{"rendered":"<p>Jos\u00e9 Luis Carretero Miramar Fuente: Kaos en la Red La semana pasada, la \u00e9lite global se reuni\u00f3 en el Foro de Davos, en Suiza. Dentro de las lujosas instalaciones en las que se produjo esta reuni\u00f3n entre los empresarios, pol\u00edticos y propietarios de medios de comunicaci\u00f3n sist\u00e9micos, una palabra se convirti\u00f3 en el eje de [&hellip;]<\/p>\n","protected":false},"author":1,"featured_media":4721,"comment_status":"open","ping_status":"open","sticky":false,"template":"","format":"standard","meta":{"footnotes":""},"categories":[5,3],"tags":[],"_links":{"self":[{"href":"http:\/\/www.movimientocaamanista.com\/index.php?rest_route=\/wp\/v2\/posts\/6977"}],"collection":[{"href":"http:\/\/www.movimientocaamanista.com\/index.php?rest_route=\/wp\/v2\/posts"}],"about":[{"href":"http:\/\/www.movimientocaamanista.com\/index.php?rest_route=\/wp\/v2\/types\/post"}],"author":[{"embeddable":true,"href":"http:\/\/www.movimientocaamanista.com\/index.php?rest_route=\/wp\/v2\/users\/1"}],"replies":[{"embeddable":true,"href":"http:\/\/www.movimientocaamanista.com\/index.php?rest_route=%2Fwp%2Fv2%2Fcomments&post=6977"}],"version-history":[{"count":1,"href":"http:\/\/www.movimientocaamanista.com\/index.php?rest_route=\/wp\/v2\/posts\/6977\/revisions"}],"predecessor-version":[{"id":6978,"href":"http:\/\/www.movimientocaamanista.com\/index.php?rest_route=\/wp\/v2\/posts\/6977\/revisions\/6978"}],"wp:featuredmedia":[{"embeddable":true,"href":"http:\/\/www.movimientocaamanista.com\/index.php?rest_route=\/wp\/v2\/media\/4721"}],"wp:attachment":[{"href":"http:\/\/www.movimientocaamanista.com\/index.php?rest_route=%2Fwp%2Fv2%2Fmedia&parent=6977"}],"wp:term":[{"taxonomy":"category","embeddable":true,"href":"http:\/\/www.movimientocaamanista.com\/index.php?rest_route=%2Fwp%2Fv2%2Fcategories&post=6977"},{"taxonomy":"post_tag","embeddable":true,"href":"http:\/\/www.movimientocaamanista.com\/index.php?rest_route=%2Fwp%2Fv2%2Ftags&post=6977"}],"curies":[{"name":"wp","href":"https:\/\/api.w.org\/{rel}","templated":true}]}}