{"id":6991,"date":"2022-07-08T11:10:27","date_gmt":"2022-07-08T11:10:27","guid":{"rendered":"http:\/\/www.movimientocaamanista.com\/?p=6991"},"modified":"2022-07-08T11:10:29","modified_gmt":"2022-07-08T11:10:29","slug":"la-otan-contra-la-vida-y-la-autodeterminacion-de-los-pueblos","status":"publish","type":"post","link":"http:\/\/www.movimientocaamanista.com\/?p=6991","title":{"rendered":"LA OTAN CONTRA LA VIDA Y LA AUTODETERMINACI\u00d3N DE LOS PUEBLOS"},"content":{"rendered":"\n<p>Narciso Isa Conde<\/p>\n\n\n\n<p><em>\u201cEs una guerra que ha sido desplegada para recuperar territorios y riquezas en procura de detener y revertir la decadencia de un  sistema de dominaci\u00f3n gravemente afectado por su crisis de decadencia\u2026\u201d<\/em><\/p>\n\n\n\n<p>La guerra global infinita o permanente -declarada por EEUU en el 2001- arranc\u00f3 en el primer tramo  de la prologada  multi-crisis que ha estremecido el sistema imperialista occidental, que tiene como centro a EE.UU, y al inicio del declive de la hegemon\u00eda de esa superpotencia capitalista.<\/p>\n\n\n\n<p>Ella, impulsada y moldeada por el Pent\u00e1gono, ha devenido en suma y combinaci\u00f3n de m\u00faltiples guerras: pol\u00edticas, econ\u00f3micas, biol\u00f3gicas, cibern\u00e9ticas y militares;  con variadas intensidades destructivas y variados grados de complementariedad, secuencias y articulaci\u00f3n.<\/p>\n\n\n\n<p>La supremac\u00eda de EEUU, de su PENT\u00c1GONO y su enorme poder\u00edo medi\u00e1tico dentro del sistema imperialista occidental, le posibilit\u00f3  subordinar e involucrar en esa ruta a las potencias capitalistas europeas y  controlar con esos fines la Organizaci\u00f3n del Tratado del Atl\u00e1ntico Norte (OTAN).<\/p>\n\n\n\n<p><strong>\u2022 GUERRA PROPIA  DE UNA CRISIS DE DECADENCIA.<\/strong><\/p>\n\n\n\n<p>Esa guerra global e integral ha sido empleada para tratar de apuntalar la nefasta modalidad neoconservadora (mal denominada neoliberal) del capitalismo de estos tiempos, com\u00fan a todo el sistema de dominaci\u00f3n e impuesta en las \u00faltimas dos d\u00e9cadas del siglo XX.<\/p>\n\n\n\n<p>Es una guerra que ha sido desplegada para recuperar territorios y riquezas en procura de detener y revertir la decadencia de un  sistema de dominaci\u00f3n gravemente afectado por su crisis de decadencia; sin efectivamente alcanzar los resultados esperados; pese a obtener logros parciales, muy temporales, a base de destruir, controlar el caos desatado y ocupar pa\u00edses soberanos.<\/p>\n\n\n\n<p><strong>\u2022 EL DECLIVE DE EE.UU NO SE HA DETENIDO, M\u00c1S BIEN SE HA AGRAVADO.<\/strong><\/p>\n\n\n\n<p>En verdad, la decadencia EEUU, y de la civilizaci\u00f3n occidental en su conjunto, se ha seguido profundizando y extendiendo; mientras crecen cinco factores adversos a sus pretensiones de detenerla y superarla v\u00eda su guerra global infinita: <br> 1.-El fortalecimiento del poder global y la firme alianza de las superpotencias emergentes, China y Rusia.<br> 2.-La tendencia a la autodeterminaci\u00f3n de potencias y bloques de mediano desarrollo (Ir\u00e1n, BRIC\u2026)<br> 3.-La reconquista de soberan\u00edas y alianzas soberanas bilaterales o multilaterales en una parte de los pa\u00edses autodeterminados, ubicados en la periferia (tradicionalmente dependiente) latinoamericana, asi\u00e1tica, africana y euro-oriental; con expresiones regionales e interregionales (ALBA \/ alianzas China, Rusia, Ir\u00e1n con pa\u00edses del Alba y el ejercicio de soberan\u00eda en otros Estados de Regi\u00f3n y del Sur \u201ctercermundista\u201d, destac\u00e1ndose el impactante rol del M\u00e9xico de L\u00f3pez Obrador, en contraste con el descenso de las ultraderechas.<br> 4.-Las ejemplares resistencias de las civilizaciones despreciada por occidente, oprimidas, discriminadas y agredidas por los integrantes de un imperialismo racista y xen\u00f3fobo, impregnado del supremacismo blanco y de una cultura cristiano-occidental-colonialista<br> 5.-Las recurrentes rebeld\u00edas anti-neoliberales y crecientes resistencias populares a los modelos derivados de la estrategia neoconservadora impuesta a la fuerza por la \u00e9lites capitalistas transnacionales y locales.<\/p>\n\n\n\n<p>Esto, a su vez -en tantos procesos o fen\u00f3menos independientes que agravan la crisis del sistema imperialista occidental y debilitan la ya maltrecha hegemon\u00eda de EEU y aliados- son los blancos de ataques de su guerra global y causas esenciales de su creciente y cada vez m\u00e1s demencial agresividad. <\/p>\n\n\n\n<p><strong>\u2022 CAR\u00c1CTER, PROP\u00d3SITO DE LA GUERRA, REMODELACI\u00d3N Y NUEVO ROL DE LA OTAN.<\/strong><\/p>\n\n\n\n<p>Es un   imperialismo enfermo, desplegando sus odios en su loco af\u00e1n por extender su existencia y recuperar supremac\u00eda absoluta.<\/p>\n\n\n\n<p>No es la cl\u00e1sica guerra de rapi\u00f1a o inter-imperialista por conquista de mercados, con culpas repartidas por mercados.<\/p>\n\n\n\n<p>Es una guerra permanente contra los avances de la autodeterminaci\u00f3n y los procesos soberanos que erosionan su supremac\u00eda y amenazan su existencia, en la que la combinaci\u00f3n del prop\u00f3sito imposible de recuperar su reinado unipolar con el gran negocio de las armas de su complejo militar-industrial financiero, con la voracidad y el af\u00e1n de opulencia de los mega-capitalistas de la industria de las armas y la miner\u00eda extractiva, la ha convertido en una guerra contra la humanidad y la vida misma.<\/p>\n\n\n\n<p>Eso explica el ascenso en volumen e intensidad destructiva de la reciente apertura del peligroso cap\u00edtulo de preparaci\u00f3n y ejecuci\u00f3n sistem\u00e1tica de la guerra de la OTAN contra la Federaci\u00f3n Rusa, iniciada en territorio ucraniano. <\/p>\n\n\n\n<p>Guerra, que escenificada en esa productiva zona y sumada a efectos devastadores de COVID 19  -ambos factores manejados para engordar en grande las elites capitalistas y empobrecer los pueblos- es fuente de m\u00e1s penurias y sufrimientos; seguida ahora de las nefastas resoluciones de la CUMBRE DE LA OTAN-Madrid, que se traducen en:<\/p>\n\n\n\n<ul><li>Conversi\u00f3n en grande de la OTAN de Alianza Militar Atl\u00e1ntica a una ALIANZA POL\u00cfTICO-MILITAR GLOBAL.<\/li><li> -Ampliaci\u00f3n su membres\u00eda en los pa\u00edses del B\u00e1ltico y \u00c1rtico  y expansi\u00f3n de sus fuerzas terrestres y bases militares en Europa Oriental para cercar m\u00e1s a Rusia. <\/li><li> -Pactar militarmente con Jap\u00f3n, Corea del Norte, Nueva Zelandia y Australia, e incrementar sus fuerzas navales en el Indo-pacifico, apuntando agresivamente contra China hacia el Indo-pacifico.<\/li><li> Mayor presencia de sus flotas navales en el Mediterr\u00e1neo y  en el Atl\u00e1ntico Norte,  y de su implantaci\u00f3n en Colombia y  colonias holandesas del Caribe; mayor control militar de Mauritania (\u00c1frica) para fortalecer sus planes intervencionistas en ambos continentes y su ofensiva contra todas las se\u00f1ales de autodeterminaci\u00f3n.<\/li><li> Declarar temerariamente a Rusia y China como potencias a derrotar.<\/li><li> Asumir la militarizaci\u00f3n de la pol\u00edtica en una fase de mayor confrontaci\u00f3n con quienes adversan l\u00ednea guerrerista<\/li><li> Aumentar considerablemente su presupuesto y su equipamiento militar, obligando a sus pa\u00edses miembros a aportar el 2% de su PBI.<\/li><li> Darle permanencia y fortalecer su grupo de guerra nuclear, contemplando ataques t\u00e1cticos- \u201cquir\u00fargicos\u201d puntuales.<\/li><li>Reestructurarse y constituirse en maquinaria ofensiva de la guerra integral o multi-guerra del capitalismo imperialista occidental y del orden neoliberal endurecido contra todo lo que no controla.<\/li><li>Imponer, en fin de cuentas, un r\u00e9gimen de fuerza a escala mundial <\/li><\/ul>\n\n\n\n<ul><li><strong>IMPLICACIONES Y  URGENTE CONFLUENCIA ALTERNATIVA.<\/strong><\/li><\/ul>\n\n\n\n<p>Las implicaciones de todo esto indican que OTAN y las potencias y c\u00fapulas capitalistas que la sustentan, est\u00e1n decididas a intensificar una guerra global que en definitiva es una guerra contra la autodeterminaci\u00f3n, la vida y la existencia de la humanidad.<\/p>\n\n\n\n<p>Tales crueles designios s\u00f3lo pueden ser contrarrestados, y finalmente derrotados, con una gran confluencia mundial del abanico de Estados, gobiernos, movimientos pol\u00edticos y sociales, y pueblos en lucha; cada uno con sus roles y sus particularidades, todos unidos respetando la diversidad multicultural e ideol\u00f3gica. Una confluencia multicolor, destinada a defender la autodeterminaci\u00f3n, la vida, la libertad y los derechos de la humanidad y de la Madre Tierra.<\/p>\n\n\n\n<p>As\u00ed lo exige el tipo de crisis y de dominaci\u00f3n, para una vez consumada la victoria, pasar a luchar por metas superiores: por un mundo solidario y sociedades justas, sembrando persistentemente m\u00e1s socialismo.<\/p>\n","protected":false},"excerpt":{"rendered":"<p>Narciso Isa Conde \u201cEs una guerra que ha sido desplegada para recuperar territorios y riquezas en procura de detener y revertir la decadencia de un sistema de dominaci\u00f3n gravemente afectado por su crisis de decadencia\u2026\u201d La guerra global infinita o permanente -declarada por EEUU en el 2001- arranc\u00f3 en el primer tramo de la prologada [&hellip;]<\/p>\n","protected":false},"author":1,"featured_media":6992,"comment_status":"open","ping_status":"open","sticky":false,"template":"","format":"standard","meta":{"footnotes":""},"categories":[5,16],"tags":[],"_links":{"self":[{"href":"http:\/\/www.movimientocaamanista.com\/index.php?rest_route=\/wp\/v2\/posts\/6991"}],"collection":[{"href":"http:\/\/www.movimientocaamanista.com\/index.php?rest_route=\/wp\/v2\/posts"}],"about":[{"href":"http:\/\/www.movimientocaamanista.com\/index.php?rest_route=\/wp\/v2\/types\/post"}],"author":[{"embeddable":true,"href":"http:\/\/www.movimientocaamanista.com\/index.php?rest_route=\/wp\/v2\/users\/1"}],"replies":[{"embeddable":true,"href":"http:\/\/www.movimientocaamanista.com\/index.php?rest_route=%2Fwp%2Fv2%2Fcomments&post=6991"}],"version-history":[{"count":1,"href":"http:\/\/www.movimientocaamanista.com\/index.php?rest_route=\/wp\/v2\/posts\/6991\/revisions"}],"predecessor-version":[{"id":6993,"href":"http:\/\/www.movimientocaamanista.com\/index.php?rest_route=\/wp\/v2\/posts\/6991\/revisions\/6993"}],"wp:featuredmedia":[{"embeddable":true,"href":"http:\/\/www.movimientocaamanista.com\/index.php?rest_route=\/wp\/v2\/media\/6992"}],"wp:attachment":[{"href":"http:\/\/www.movimientocaamanista.com\/index.php?rest_route=%2Fwp%2Fv2%2Fmedia&parent=6991"}],"wp:term":[{"taxonomy":"category","embeddable":true,"href":"http:\/\/www.movimientocaamanista.com\/index.php?rest_route=%2Fwp%2Fv2%2Fcategories&post=6991"},{"taxonomy":"post_tag","embeddable":true,"href":"http:\/\/www.movimientocaamanista.com\/index.php?rest_route=%2Fwp%2Fv2%2Ftags&post=6991"}],"curies":[{"name":"wp","href":"https:\/\/api.w.org\/{rel}","templated":true}]}}