{"id":7017,"date":"2022-07-11T10:58:02","date_gmt":"2022-07-11T10:58:02","guid":{"rendered":"http:\/\/www.movimientocaamanista.com\/?p=7017"},"modified":"2022-07-11T10:58:04","modified_gmt":"2022-07-11T10:58:04","slug":"de-la-berraquera-al-poder","status":"publish","type":"post","link":"http:\/\/www.movimientocaamanista.com\/?p=7017","title":{"rendered":"De la berraquera al poder"},"content":{"rendered":"\n<p>Lautaro Rivara<\/p>\n\n\n\n<p>Fuente: <a href=\"https:\/\/rebelion.org\/de-la-berraquera-al-poder\/\">Rebeli\u00f3n<\/a><\/p>\n\n\n\n<p>Tras un inconcluso acuerdo de paz, y como consecuencia de un estallido social sin precedentes, Colombia ser\u00e1 gobernada ahora por una coalici\u00f3n progresista. \u00bfPodr\u00e1 un pa\u00eds con 70 a\u00f1os de guerra a cuestas convertirse en una potencia mundial de la vida?<\/p>\n\n\n\n<p>Treinta a\u00f1os. Setenta a\u00f1os. Doscientos a\u00f1os. Cada quien cifra donde quiere, o hasta donde la memoria le alcanza, el origen de las frustraciones colombianas. Lo cierto es que la trayectoria nacional de la rep\u00fablica sudamericana ha sido de todo menos t\u00edpica en el escenario latinoamericano y caribe\u00f1o, al menos desde los tiempos de la disoluci\u00f3n de la Gran Colombia y de la derrota tentativa del proyecto bolivariano a comienzos del siglo XIX. Ser\u00eda de hecho en Barranquilla, en el Caribe colombiano, en donde Sim\u00f3n Bol\u00edvar acu\u00f1ar\u00eda su c\u00e9lebre met\u00e1fora derrotista: \u201cel que sirve una revoluci\u00f3n ara en el mar\u201d, augurando ya por 1830 que el pa\u00eds caer\u00eda en manos de \u201ctiranuelos casi imperceptibles\u201d.<\/p>\n\n\n\n<p><strong>Colombia lo ha intentado todo para transformarse a si misma:<\/strong>&nbsp;sublevaciones de esclavos, rebeliones criollas, guerras civiles, huelgas obreras, frentes populares, guerrillas, coordinadoras insurgentes, acuerdos de paz, paros agrarios, mingas ind\u00edgenas, procesos constituyentes, estallidos sociales y un largo etc\u00e9tera.&nbsp;<em>Gente muy rebelde&nbsp;<\/em>fue, de hecho, el sugestivo t\u00edtulo elegido por el profesor Ren\u00e1n Vega Cantor para narrar, en cuatro grandes vol\u00famenes, algunas de las peripecias de un pa\u00eds abollado pero ind\u00f3mito.<\/p>\n\n\n\n<p>\u201cEn casi todos los \u00edndices del horror que uno pueda relevar, Colombia pica en punta, en general en el mismo escalaf\u00f3n que las naciones que atraviesan guerras civiles o guerras internacionales declaradas\u201d<\/p>\n\n\n\n<p>Hasta el d\u00eda de ayer, el resultado era todav\u00eda un fruto amargo. La criminal intransigencia de unas de las&nbsp;<em>\u00e9lites m\u00e1s&nbsp;<\/em><em>elitistas<\/em>&nbsp;de la regi\u00f3n y el inestimable valor geopol\u00edtico del pa\u00eds -aut\u00e9ntica bisagra que conecta Sudam\u00e9rica, el Caribe y Centroam\u00e9rica- parec\u00edan haberla condenado a mucho m\u00e1s de 100 a\u00f1os de soledad latinoamericana.<\/p>\n\n\n\n<h4 class=\"wp-block-heading\">En las tierras de Ca\u00edn y Abel<\/h4>\n\n\n\n<p>\u201cEn Colombia, yo no he podido saber quien es Ca\u00edn y quien es Abel\u201d, supo decir el fotoperiodista colombiano Jes\u00fas Abad Colorado, quien desde hace d\u00e9cadas se dedica a fotografiar y narrar el conflicto interno armado. Sus fotos, como aquella mundialmente c\u00e9lebre del \u201cCristo mutilado\u201d de Bojay\u00e1, han sensibilizado a miles y miles de personas sobre las consecuencias m\u00e1s atroces de la guerra. Un conflicto que lleva ya m\u00e1s de 70 a\u00f1os y que,&nbsp;<a href=\"https:\/\/www.unidadvictimas.gov.co\/es\/victimas-en-el-exterior\/mas-de-un-millon-y-medio-de-victimas-de-desplazamiento-en-colombia-han\">seg\u00fan el Registro \u00danico de V\u00edctimas<\/a>&nbsp;del propio Estado colombiano (parte beligerante de un&nbsp;<em>m\u00e9nage \u00e0 trois<\/em>&nbsp;que desde hace d\u00e9cadas involucra a las Fuerzas Armadas, a las insurgencias guerrilleras y a los actores paramilitares), tiene un acumulado hist\u00f3rico de 8,1 millones de v\u00edctimas, tan s\u00f3lo desde al a\u00f1o 1985 a la fecha.<\/p>\n\n\n\n<p><strong>En casi todos los \u00edndices del horror que uno pueda relevar, Colombia pica en punta, en general en el mismo escalaf\u00f3n que las naciones que atraviesan guerras civiles o guerras internacionales declaradas:<\/strong>&nbsp;<a href=\"https:\/\/indepaz.org.co\/lideres-sociales-defensores-de-dd-hh-y-firmantes-de-acuerdo-asesinados-en-2022\/\">asesinato de l\u00edderes sociales, defensores ambientales y opositores pol\u00edticos<\/a>; cifras de&nbsp;<a href=\"https:\/\/www.datosmundial.com\/america\/colombia\/refugiados.php#:~:text=38%2C925%20Personas%20procedentes%20de%20Colombia,0.076%25%20de%20todos%20los%20habitantes.\">desplazados y refugiados<\/a>; incluso&nbsp;<a href=\"https:\/\/www.elespectador.com\/salud\/colombia-esta-entre-los-20-paises-en-riesgo-de-enfrentar-hambre-aguda-en-2022-fao\/\">en el mapa del hambre<\/a>, elaborado por la FAO, en donde Colombia aparece en la misma categor\u00eda que Hait\u00ed y Honduras con 7,3 millones de ciudadanos que sufren de inseguridad alimentaria, hecho grotesco en una naci\u00f3n tradicionalmente agr\u00edcola y campesina.<\/p>\n\n\n\n<p>En una Am\u00e9rica Latina consolidada como territorio de paz -al menos en comparaci\u00f3n con otras regiones del planeta-<strong>&nbsp;Colombia permanece detenida en el&nbsp;<em>loop<\/em>&nbsp;eterno de una guerra pr\u00e1cticamente naturalizada<\/strong>, pero sobre todo silenciada por sus m\u00e1s ardientes promotores, tanto locales como internacionales. En particular desde la \u201crevoluci\u00f3n conservadora\u201d encabezada por el ex presidente<strong>&nbsp;\u00c1lvaro Uribe V\u00e9lez<\/strong>, que a comienzos de este siglo, con una hegemon\u00eda sin fisuras, parec\u00eda haber clausurado para siempre las expectativas populares.<\/p>\n\n\n\n<p>Pero&nbsp;<strong>Colombia<\/strong>&nbsp;tambi\u00e9n destaca en relaci\u00f3n a una serie de hechos&nbsp;<em>sui generis<\/em>, modalidades espec\u00edficamente colombianas de las doctrinas contrainsurgentes, inventadas por Francia en sus territorios coloniales y difundidas globalmente por los Estados Unidos, como el caso de los llamados<strong>&nbsp;\u201cfalsos positivos\u201d,<\/strong>&nbsp;ejecuciones extrajudiciales por las que campesinos y otras v\u00edctimas son asesinados de forma sumaria y presentados como \u201cbajas guerrilleras\u201d a cambio de un sistema de premios y est\u00edmulos. Seg\u00fan la Jurisdicci\u00f3n Especial para la Paz (JEP), construida tras los acuerdos de La Habana entre el Estado colombiano y las FARC-EP,&nbsp;<a href=\"https:\/\/www.jep.gov.co\/especiales1\/macrocasos\/03.html\">6.402 habr\u00edan sido las v\u00edctimas de este procedimiento<\/a>&nbsp;entre el a\u00f1o 2002 y 2008, aunque diferentes analistas y los familiares de las v\u00edctimas estiman que la cifra real podr\u00eda duplicar este n\u00famero.<\/p>\n\n\n\n<p><em>La naci\u00f3n cafetera<\/em>&nbsp;es la forma coloquial de referirse a Colombia en las competencias deportivas. Pero&nbsp;<strong>el caf\u00e9, producto estrella de la econom\u00eda colombiana durante d\u00e9cadas y poderoso elemento de identidad nacional, hace tiempo fue desplazado por las econom\u00edas il\u00edcitas de la amapola, la marihuana y sobre todo, de la hoja de coca.<\/strong><\/p>\n\n\n\n<p>La exportaci\u00f3n de coca\u00edna hacia los Estados Unidos, en particular, produjo en 2018&nbsp;<a href=\"https:\/\/repositorio.uniandes.edu.co\/handle\/1992\/41108\">un 1.88 por ciento del PBI<\/a>, m\u00e1s del doble de la riqueza producida ese mismo a\u00f1o por el grano de caf\u00e9. Y as\u00ed como el boom del caf\u00e9 produjo una \u00e9lite cafetera,&nbsp;<strong>el crecimiento incesante de las econom\u00edas il\u00edcitas produjeron una poderosa \u00e9lite narcotraficante y tambi\u00e9n una subcultura: la cultura \u201ctraqueta\u201d,<\/strong>&nbsp;caracterizada por la banalidad, la ostentaci\u00f3n, la violencia y la muerte. Las llamadas&nbsp;<em>narconovelas<\/em>, responsables de glorificar a criminales de la talla de Pablo Escobar, son uno de sus productos m\u00e1s conocidos y estigmatizantes.<\/p>\n\n\n\n<p>Tuvimos, hace pocos d\u00edas, la oportunidad de recorrer las zonas rurales del departamento del Cauca, en el Suroccidente colombiano. De pasar por la vereda Yolomb\u00f3, la misma de la que es originaria Francia M\u00e1rquez, en el municipio de Su\u00e1rez. All\u00ed, la coca, tan visible como il\u00edcita, extiende su uniforme manto verde en las laderas de valles y monta\u00f1as hasta donde la vista alcanza. Y no por una predisposici\u00f3n criminal de parte de campesinos y cultivadores, sino porque la&nbsp;<strong>l\u00f3gica de la guerra perpetua<\/strong>&nbsp;-la localidad fue bombardeada al d\u00eda siguiente de nuestra visita-, el control territorial de actores armados y la completa ausencia estatal, han imposibilitado hace d\u00e9cadas que la subsistencia de los sujetos rurales se reproduzca en base a sus cultivos tradicionales, como ha documentado en sus innumerables cr\u00f3nicas Alfredo Molano.<\/p>\n\n\n\n<p>El elevad\u00edsimo precio de la hoja de coca -m\u00e1s elevado mientras m\u00e1s perseguida y criminalizada resulta-, pero sobre todo sus facilidades para la conservaci\u00f3n y transporte, han hecho de este peque\u00f1o arbusto le\u00f1oso la imagen dominante en regiones enteras del pa\u00eds, en una geograf\u00eda tan singular como la colombiana, enmarcada por dos oc\u00e9anos y partida por tres cordilleras.<\/p>\n\n\n\n<h4 class=\"wp-block-heading\">La rebeli\u00f3n de los berracos<\/h4>\n\n\n\n<p>El cinismo es la superestructura psicol\u00f3gica de la guerra. Una especie de coraza que blinda a las subjetividades asediadas por el desgarro, el dolor y la muerte cotidiana. Es por eso que el c\u00ednico humor de los colombianos puede resultar agreste y hasta indigerible para los visitantes desprevenidos.<\/p>\n\n\n\n<p>Uno de los m\u00e1s notables intelectuales de la historia colombiana, el soci\u00f3logo Orlando Fals Borda, supo referirse en la \u00faltima edici\u00f3n de uno de sus libros m\u00e1s c\u00e9lebres,<em>&nbsp;La subversi\u00f3n en Colombia<\/em>, a que el pa\u00eds hab\u00eda llegado a un punto de saturaci\u00f3n hist\u00f3rica que ya no resist\u00eda la acumulaci\u00f3n de mayores niveles de violencia.&nbsp;<strong>La violencia ha sido un problema tan importante para la comprensi\u00f3n de la realidad nacional que una nueva rama del saber surgi\u00f3 precisamente para intentar desentra\u00f1ar sus causas y consecuencias: \u201cla violentolog\u00eda\u201d.<\/strong><\/p>\n\n\n\n<p>Pero si de un lado encontramos a violentos, violentistas y violent\u00f3logos, del otro encontramos a&nbsp;<strong>la berraquera y a los berracos.<\/strong>&nbsp;Una expresi\u00f3n, de origen castizo, que podr\u00edamos traducir como&nbsp;<strong>una conjunci\u00f3n de valent\u00eda, bravura y fortaleza.<\/strong>&nbsp;Berraca es la dificultad, pero tambi\u00e9n su superaci\u00f3n. Berraca es la guerra, y berracos son quienes sobreviven a ella. No casualmente esta fue una de<strong>&nbsp;las palabras m\u00e1s altisonantes del estallido social que conmovi\u00f3 al pa\u00eds en abril del a\u00f1o 2021.<\/strong><\/p>\n\n\n\n<p>\u201cEl estallido [\u2026] &nbsp;tuvo un indudable efecto pedag\u00f3gico sobre la poblaci\u00f3n colombiana, al producir el desplazamiento de la guerra desde las zonas rurales hasta el centro de los grandes conglomerados urbanos\u201d<\/p>\n\n\n\n<p>Cientos de miles de personas se movilizaron en aquellas jornadas, jalonadas por un impopular decreto de reforma tributaria firmado por el presidente Iv\u00e1n Duque, que pretend\u00eda gravar sobre las espaldas de las clases trabajadoras los costos onerosos de la crisis econ\u00f3mica. Muchas cosas cambiaron en abril, como punto de coronaci\u00f3n de un proceso que se ven\u00eda sedimentando desde la constituci\u00f3n de nuevos y masivos movimientos sociales en el 2010, hasta una serie de paros agrarios y mingas ind\u00edgenas desarrollados de forma casi incesante en los \u00faltimos a\u00f1os.<\/p>\n\n\n\n<p><strong>El estallido<\/strong>, pero sobre todo la retaliaci\u00f3n de los factores de poder, tuvo un&nbsp;<strong>indudable efecto pedag\u00f3gico sobre la poblaci\u00f3n colombiana,<\/strong>&nbsp;al producir el desplazamiento de la guerra desde las zonas rurales hasta el centro de los grandes conglomerados urbanos. Polic\u00edas, militares, pero sobre todo paramilitares, intentaron la retoma violenta de localidades que hab\u00edan sido ocupadas por las protestas.<\/p>\n\n\n\n<p>Algunos patrones fueron calcados a los de los estallidos de otros pa\u00edses, como Chile y Ecuador: las detenciones arbitrarias, la p\u00e9rdida de globos oculares por disparos al rostro, la violencia sexual contra las manifestantes. Pero incluyeron tambi\u00e9n aqu\u00ed el uso de artefactos militares sofisticados como la<a href=\"https:\/\/www.cric-colombia.org\/portal\/venom-el-dispositivo-con-el-que-el-esmad-estaria-atacando-manifestantes\/\">&nbsp;tanqueta Venom<\/a>&nbsp;e incluso, se sospecha, de inhibidores de se\u00f1ales que causaron un apag\u00f3n digital en barrios perif\u00e9ricos de Cali y otras ciudades para encubrir el accionar represivo estatal y paraestatal que dej\u00f3 numerosos desaparecidos.<\/p>\n\n\n\n<p><strong>Sus protagonistas claros fueron las juventudes, el campesinado, las negritudes y los pueblos ind\u00edgenas.<\/strong>&nbsp;Y sus principales epicentros la capital Bogot\u00e1 y los departamentos de C\u00f3rdoba, Cauca y Valle del Cauca. Por eso, quien intente explicar algo de lo sucedido en t\u00e9rminos electorales sin aquella referencia fracasar\u00e1 de forma inmisericorde, como lo constata la casi perfecta superposici\u00f3n de la geograf\u00eda de las protestas y del mapa electoral de estos comicios.<\/p>\n\n\n\n<p>En algunas de estas regiones, notablemente en el Suroccidente, el<strong>&nbsp;Pacto Hist\u00f3rico<\/strong>&nbsp;alcanz\u00f3 votaciones del orden del 60, el 70 y hasta el 80 por ciento que, junto a las de la capital, fueron determinantes para explicar el triunfo, por primera vez en toda la historia nacional, de una fuerza social y pol\u00edtica alternativa, progresista y de corte popular. Quiz\u00e1s el mayor s\u00edmbolo de la conexi\u00f3n virtuosa entre protestas y elecciones sean los c\u00e1nticos, o\u00eddos ayer en todo el pa\u00eds, de \u201cEl baile de los que sobran\u201d, la canci\u00f3n del grupo Los Prisioneros que recorri\u00f3 toda la regi\u00f3n, entonada por las juventudes descontentas en los diferentes estallidos sociales que atravesaron Am\u00e9rica Latina y el Caribe desde el a\u00f1o 2019. La ecuaci\u00f3n menos miedo y mayor participaci\u00f3n electoral fue, entonces, la gran responsable de la llegada a la Casa de Nari\u00f1o de Gustavo Petro Urrego y Francia M\u00e1rquez Mina.<\/p>\n\n\n\n<h4 class=\"wp-block-heading\">Una potencia mundial de la vida<\/h4>\n\n\n\n<p>En las \u00faltimas semanas volvi\u00f3 a circular por redes sociales un mensaje an\u00f3nimo muy significativo: \u201cmis abuelos lo intentaron con Gait\u00e1n, mis padres lo intentaron con Gal\u00e1n, y yo lo intentar\u00e9 con Petro\u201d en relaci\u00f3n a los magnicidios respectivos de Jorge Eli\u00e9cer Gait\u00e1n en 1948 y de Luis Carlos Gal\u00e1n en 1989 (a los que hay que sumar los asesinatos de los candidatos de izquierda Jaime Pardo Leal, Bernardo Jaramillo y Carlos Pizarro Leong\u00f3mez). De ah\u00ed que no pueda exagerarse la<strong>&nbsp;importancia hist\u00f3rica de la victoria electoral de Gustavo Petro<\/strong>: tras 70 a\u00f1os de frustraciones democr\u00e1ticas, frente a una \u00e9lite excluyente y magnicida, por primera vez las aspiraciones populares encuentran -por ahora- un cauce fecundo que no sea el de las armas.<\/p>\n\n\n\n<p>La&nbsp;<strong>consigna principal del Pacto Hist\u00f3rico revela las aspiraciones m\u00ednimas<\/strong>, y sin embargo tan esquivas de este variopinto mosaico de partidos pol\u00edticos, movimientos sociales y personalidades que quieren hacer de&nbsp;<strong>Colombia<\/strong>&nbsp;<strong>una \u201cpotencia mundial de la vida\u201d<\/strong>, en un pa\u00eds que se ha convertido en un exportador de paramilitarismo (los sicarios colombianos, tan bien ponderados a nivel internacional, han actuado de forma probada desde Venezuela hasta Hait\u00ed, desde Europa hasta Medio Oriente).<\/p>\n\n\n\n<p>De ah\u00ed derivan algunas de&nbsp;<strong>las principales prioridades<\/strong>&nbsp;pol\u00edticas subrayadas por Petro en su primera locuci\u00f3n como presidente electo, en el Movistar Arena de Bogot\u00e1:&nbsp;<strong>una integraci\u00f3n regional \u201csin exclusiones\u201d<\/strong>&nbsp;(con una clara alusi\u00f3n a la fracasada Cumbre de las Am\u00e9ricas convocada por Joe Biden en Los \u00c1ngeles);&nbsp;<strong>el cumplimiento de los Acuerdos de Paz<\/strong>&nbsp;y la convocatoria a una mesa de di\u00e1logo con las insurgencias a\u00fan en armas (de hecho el Ej\u00e9rcito de Liberaci\u00f3n Nacional manifest\u00f3 ya su disposici\u00f3n de sentarse a negociar); una&nbsp;<strong>pol\u00edtica de desarrollo no extractiva<\/strong>&nbsp;que coloqu\u00e9 a Colombia en la vanguardia de la lucha contra el cambio clim\u00e1tico; y la m\u00e1s amplia&nbsp;<strong>libertad y garant\u00edas para el ejercicio pol\u00edtico<\/strong>, por lo que exigi\u00f3 a las autoridades judiciales de la naci\u00f3n la liberaci\u00f3n de los presos pol\u00edticos del estallido, y tambi\u00e9n de los j\u00f3venes encarcelados en los \u00faltimos d\u00edas en el marco del Plan Democracia 2022.<\/p>\n\n\n\n<p>\u201cVamos de la resistencia al poder\u201d, suele decir Francia M\u00e1rquez frente a las multitudes envalentonadas de&nbsp;<em>los nadies<\/em>, que acaso hoy hayan comenzado a adquirir rostro, voz y presencia para el Estado colombiano. O m\u00e1s bien,&nbsp;<em>de la berraquera al poder<\/em>, porque ha sido ese instinto at\u00e1vico, esa aut\u00e9ntica pulsi\u00f3n de vida, la que ha mantenido en pie a un pueblo que ha seguido andando cuando muchos otros ya se hubieran doblegado. En la c\u00e9lebre novela La Vor\u00e1gine, Jos\u00e9 Eustasio Rivera puso en boca de su protagonista las siguientes palabras: \u201cAntes que me hubiera apasionado por mujer alguna, jugu\u00e9 mi coraz\u00f3n al azar y me lo gan\u00f3 la Violencia\u201d.<strong>&nbsp;Falta mucho todav\u00eda, pero Colombia tiene hoy la oportunidad de jugar con nuevos mazos y tirar las cartas de nuevo.<\/strong><\/p>\n","protected":false},"excerpt":{"rendered":"<p>Lautaro Rivara Fuente: Rebeli\u00f3n Tras un inconcluso acuerdo de paz, y como consecuencia de un estallido social sin precedentes, Colombia ser\u00e1 gobernada ahora por una coalici\u00f3n progresista. \u00bfPodr\u00e1 un pa\u00eds con 70 a\u00f1os de guerra a cuestas convertirse en una potencia mundial de la vida? Treinta a\u00f1os. Setenta a\u00f1os. Doscientos a\u00f1os. Cada quien cifra donde [&hellip;]<\/p>\n","protected":false},"author":1,"featured_media":7018,"comment_status":"open","ping_status":"open","sticky":false,"template":"","format":"standard","meta":{"footnotes":""},"categories":[5,3],"tags":[],"_links":{"self":[{"href":"http:\/\/www.movimientocaamanista.com\/index.php?rest_route=\/wp\/v2\/posts\/7017"}],"collection":[{"href":"http:\/\/www.movimientocaamanista.com\/index.php?rest_route=\/wp\/v2\/posts"}],"about":[{"href":"http:\/\/www.movimientocaamanista.com\/index.php?rest_route=\/wp\/v2\/types\/post"}],"author":[{"embeddable":true,"href":"http:\/\/www.movimientocaamanista.com\/index.php?rest_route=\/wp\/v2\/users\/1"}],"replies":[{"embeddable":true,"href":"http:\/\/www.movimientocaamanista.com\/index.php?rest_route=%2Fwp%2Fv2%2Fcomments&post=7017"}],"version-history":[{"count":1,"href":"http:\/\/www.movimientocaamanista.com\/index.php?rest_route=\/wp\/v2\/posts\/7017\/revisions"}],"predecessor-version":[{"id":7019,"href":"http:\/\/www.movimientocaamanista.com\/index.php?rest_route=\/wp\/v2\/posts\/7017\/revisions\/7019"}],"wp:featuredmedia":[{"embeddable":true,"href":"http:\/\/www.movimientocaamanista.com\/index.php?rest_route=\/wp\/v2\/media\/7018"}],"wp:attachment":[{"href":"http:\/\/www.movimientocaamanista.com\/index.php?rest_route=%2Fwp%2Fv2%2Fmedia&parent=7017"}],"wp:term":[{"taxonomy":"category","embeddable":true,"href":"http:\/\/www.movimientocaamanista.com\/index.php?rest_route=%2Fwp%2Fv2%2Fcategories&post=7017"},{"taxonomy":"post_tag","embeddable":true,"href":"http:\/\/www.movimientocaamanista.com\/index.php?rest_route=%2Fwp%2Fv2%2Ftags&post=7017"}],"curies":[{"name":"wp","href":"https:\/\/api.w.org\/{rel}","templated":true}]}}