{"id":7044,"date":"2022-07-14T23:47:02","date_gmt":"2022-07-14T23:47:02","guid":{"rendered":"http:\/\/www.movimientocaamanista.com\/?p=7044"},"modified":"2022-07-14T23:47:03","modified_gmt":"2022-07-14T23:47:03","slug":"chile-popular-ni-apruebo-ni-rechazo-abstencion-activa","status":"publish","type":"post","link":"http:\/\/www.movimientocaamanista.com\/?p=7044","title":{"rendered":"Chile popular. Ni apruebo ni rechazo, abstenci\u00f3n activa"},"content":{"rendered":"\n<p>Referente Pol\u00edtico Social (RPS)<\/p>\n\n\n\n<p>Fuente: <a href=\"https:\/\/rebelion.org\/chile-popular-ni-apruebo-ni-rechazo-abstencion-activa\/\">Rebeli\u00f3n<\/a><\/p>\n\n\n\n<p>Porque no les creemos, no participamos en su farsa.<\/p>\n\n\n\n<p>El 15 de noviembre del 2019, en plena revuelta, se firm\u00f3 el \u00abAcuerdo por la paz\u00bb. Todos los sectores del poder superando por un momento sus rencillas, legitimaron este acuerdo entre gallos y media noche para&nbsp;<strong>salvar la presidencia y el parlamento que controlan ya por m\u00e1s de 30 a\u00f1os<\/strong>. Con este acuerdo, buscaron anular la posibilidad cierta que desde abajo potenci\u00e1ramos la constituci\u00f3n de una fuerza popular aut\u00f3noma que creciera hasta derribar toda su institucionalidad. Instalaron la farsa. La derecha, la ex Concertaci\u00f3n, el Frente Amplio y el Partido Comunista, repet\u00edan una y otra vez el mismo guion: todas las demandas populares ser\u00edan resueltas en una nueva constituci\u00f3n. \u00a1Gran mentira! De las demandas manifestadas en la revuelta poco y nada ha quedado, la nueva constituci\u00f3n ha sido redactada bajo sus propias reglas y ajustada a sus intereses.<\/p>\n\n\n\n<p>Asimismo, mientras los socialdem\u00f3cratas y progresistas hablaban de esca\u00f1os reservados y paridad, los sectores antes contestarios encandilados por esas concesiones, apostaron por el camino de los de \u2018arriba\u2019, asegur\u00e1ndonos que&nbsp;<strong>no dejar\u00edan empezar el proceso convencional<\/strong>&nbsp;-y menos a\u00fan se escribir\u00eda una nueva constituci\u00f3n-&nbsp;<strong>mientras no se liberara a lxs presxs pol\u00edticxs<\/strong>. Pero a la vuelta de dos o tres semanas, olvidaron esas exigencias y cual funcionarios estatales se pusieron a laborar codo a codo con la elite, mientras los presxs pol\u00edticxs segu\u00edan poblando las c\u00e1rceles o castigados con diversas medidas cautelares; siguieron a pesar de los cr\u00edmenes de Estado; de la impunidad de Pi\u00f1era y la permanencia de Y\u00e1\u00f1ez como director general de Carabineros; con una represi\u00f3n desatada en las ciudades por parte de Fuerzas Especiales y con la militarizaci\u00f3n del Wallmapu. Incluso hoy, dichos sectores son parte de un&nbsp;<strong>negacionismo vergonzoso,&nbsp;<\/strong>por cuanto la propuesta de nueva constituci\u00f3n ni siquiera mencionar\u00e1&nbsp;<strong>el contexto de movilizaci\u00f3n popular<\/strong>&nbsp;que, seg\u00fan muchos y muchas convencionales, la hab\u00eda posibilitado.<\/p>\n\n\n\n<p>Durante el funcionamiento de esta convenci\u00f3n constitucional qued\u00f3 claro que las demandas m\u00e1s sentidas por la poblaci\u00f3n no ser\u00edan seriamente consideradas, pues&nbsp;<strong>los derechos fundamentales sin financiamiento ser\u00e1n letra muerta.<\/strong>&nbsp;Los grandes cambios constitucionales difundidos por la convenci\u00f3n, no permitir\u00e1n un mejor vivir para las mayor\u00edas, sino m\u00e1s bien, lo que har\u00e1n es mantener el actual orden social y econ\u00f3mico dando&nbsp;<strong>continuidad al modelo neoliberal,&nbsp;<\/strong>fortaleciendo las instituciones y blindando los intereses de la clase pol\u00edtica y del empresariado.<\/p>\n\n\n\n<p>Por m\u00e1s que nos digan que&nbsp;<strong>esta es una constituci\u00f3n feminista, no lo es<\/strong>. No entendemos el feminismo como un mecanismo para alcanzar cupos de poder,&nbsp;<strong>no entendemos que la lucha contra el patriarcado sea una cuesti\u00f3n de paridad,<\/strong>&nbsp;tampoco es suficiente que reconozcan el derecho a decidir sobre si se quiere o no ser madres cuando en paralelo se mantiene un sistema de salud y educacional mercantil, cuando en paralelo se legitima el saqueo de los bienes naturales y en definitiva se mantienen relaciones de poder. La hist\u00f3rica lucha de las mujeres no es moneda de cambio.<\/p>\n\n\n\n<p>Asimismo, por m\u00e1s que releven como algo positivo&nbsp;<strong>la plurinacionalidad,&nbsp;<\/strong>sabemos bien que ese supuesto logro&nbsp;<strong>se aleja de las luchas por la autodeterminaci\u00f3n&nbsp;<\/strong>que llevan a cabo cientos de organizaciones y comunidades ind\u00edgenas<strong>,<\/strong>&nbsp;particularmente en el Wallmapu, que de manera directa han enfrentado y enfrentan al capital extractivista.<\/p>\n\n\n\n<p>Por m\u00e1s que proclamen el t\u00e9rmino del Senado, es evidente que solo hay cambios nominales porque se mantienen en gran medida las funciones y la l\u00f3gica de la actual institucionalidad pol\u00edtica, adem\u00e1s permanecen<strong>&nbsp;las formas de participaci\u00f3n representativas y delegativas que se han mostrado como mecanismos in\u00fatiles para garantizar la soberan\u00eda popular.<\/strong>&nbsp;Seamos claros y claras, la participaci\u00f3n que hoy se promueve por la propuesta constitucional, es el mismo disfraz de la democracia de los pocos, de los poderosos, de los grupos econ\u00f3micos que desde hace d\u00e9cadas han comprado la voz y el voto de aquellos que se ufanan de haber sido elegidos democr\u00e1ticamente.&nbsp;<\/p>\n\n\n\n<p>As\u00ed como somos cr\u00edticxs de esta propuesta de nueva constituci\u00f3n, tambi\u00e9n lo somos&nbsp; con la vigente, remozada por Lagos. Y con claridad planteamos que el legado del pinochetismo no se tumbar\u00e1 con esta nueva constituci\u00f3n por cuanto, en lo esencial, esta&nbsp;<strong>mantiene el modelo neoliberal<\/strong>&nbsp;que se apoya en la propiedad monop\u00f3lica de las finanzas, la tecnolog\u00eda, los recursos naturales, los medios de comunicaci\u00f3n y de las otras formas del capital.<\/p>\n\n\n\n<p>Este posicionamiento colectivo no es una cuesti\u00f3n antojadiza. Este se construye bajo el argumento que solo desde la organizaci\u00f3n popular, aut\u00f3noma, colectiva y rebelde podremos conseguir lo que queremos: una vida digna y libre para todxs, sin burocracias ni intermediarixs, con justicia y sin impunidad.<\/p>\n\n\n\n<p>Por ello, como Referente Pol\u00edtico Social, RPS, no participaremos de esta farsa y de&nbsp; sus tramposas opciones.&nbsp;<strong>No aprobaremos ni rechazaremos la propuesta constitucional. Nuestra opci\u00f3n es la abstenci\u00f3n activa o el voto nulo,<\/strong>&nbsp;e invitamos a todxs quienes se sientan identificadxs con esta mirada a que se sumen a este peque\u00f1o gesto rebelde y se dispongan a<strong>&nbsp;impulsar la articulaci\u00f3n de lxs de abajo para mantener la llama de la lucha que contin\u00faa viva.<\/strong><\/p>\n\n\n\n<p>Pero no s\u00f3lo eso.&nbsp;<strong>Proponemos y convocamos a desarrollar y sostener la autonom\u00eda popular mediante todas las formas de organizaci\u00f3n<\/strong>&nbsp;que podamos crear en nuestros barrios, en nuestros lugares de trabajo, entre mujeres, entre disidencias, con las infancias, en comit\u00e9s de vivienda, en agrupaciones de DDHH, en grupos de apoyo a lxs presxs, en comedores populares, en redes de abastecimiento,&nbsp; o en tantas otras formas que los pueblos han construido para avanzar hacia la emancipaci\u00f3n de todas las opresiones.<\/p>\n\n\n\n<p>Proponemos tambi\u00e9n recoger el aprendizaje popular adquirido de las luchas anteriores y actuales, retomar procesos formativos y cr\u00edticos que nos permitan seguir construyendo nuestra liberaci\u00f3n. Asumamos colectivamente, que&nbsp;<strong>es necesario reinstalar al pueblo como sujeto pol\u00edtico revolucionario;<\/strong>&nbsp;que solo desde la rebeld\u00eda, lucha, autogesti\u00f3n y autonom\u00eda podremos aspirar al buen vivir. En esta l\u00ednea, ponemos a disposici\u00f3n el documento&nbsp;<strong>\u201c<a href=\"https:\/\/issuu.com\/referente_rps\/docs\/plata\" target=\"_blank\" rel=\"noreferrer noopener\">Propuesta de Plataforma de Lucha para el debate popular<\/a>\u201d,<\/strong>&nbsp;que contempla algunos de los problemas urgentes que tenemos como pueblo, con el fin de pensar, planificar y actuar de manera colectiva, aut\u00f3noma y soberana ante nuestras realidades. Junto a esto, invitamos a que otros y otras tambi\u00e9n escriban y compartan sus ideas, para socializarlas y discutirlas en encuentros, congresos y espacios comunes que permitan impulsar una organizaci\u00f3n popular amplia dispuesta a asumir el desafi\u00f3 de la emancipaci\u00f3n de los pueblos.<\/p>\n\n\n\n<p><strong>NUESTROS SUE\u00d1OS NO CABEN EN SUS URNAS.<\/strong><\/p>\n\n\n\n<p><strong>CON AUTONOM\u00cdA Y ORGANIZACI\u00d3N, AVANZAMOS HACIA LA LIBERACI\u00d3N.<\/strong><\/p>\n\n\n\n<p>Nota:&nbsp;<strong>Propuesta de Plataforma de Lucha para el debate popular\u00bb<\/strong>, \u00faltima versi\u00f3n editada del documento, disponible en:&nbsp;<a href=\"https:\/\/issuu.com\/referente_rps\/docs\/plata\" target=\"_blank\" rel=\"noreferrer noopener\">https:\/\/issuu.com\/referente_rps\/docs\/plata<\/a><\/p>\n","protected":false},"excerpt":{"rendered":"<p>Referente Pol\u00edtico Social (RPS) Fuente: Rebeli\u00f3n Porque no les creemos, no participamos en su farsa. El 15 de noviembre del 2019, en plena revuelta, se firm\u00f3 el \u00abAcuerdo por la paz\u00bb. Todos los sectores del poder superando por un momento sus rencillas, legitimaron este acuerdo entre gallos y media noche para&nbsp;salvar la presidencia y el [&hellip;]<\/p>\n","protected":false},"author":1,"featured_media":7045,"comment_status":"open","ping_status":"open","sticky":false,"template":"","format":"standard","meta":{"footnotes":""},"categories":[5,3],"tags":[],"_links":{"self":[{"href":"http:\/\/www.movimientocaamanista.com\/index.php?rest_route=\/wp\/v2\/posts\/7044"}],"collection":[{"href":"http:\/\/www.movimientocaamanista.com\/index.php?rest_route=\/wp\/v2\/posts"}],"about":[{"href":"http:\/\/www.movimientocaamanista.com\/index.php?rest_route=\/wp\/v2\/types\/post"}],"author":[{"embeddable":true,"href":"http:\/\/www.movimientocaamanista.com\/index.php?rest_route=\/wp\/v2\/users\/1"}],"replies":[{"embeddable":true,"href":"http:\/\/www.movimientocaamanista.com\/index.php?rest_route=%2Fwp%2Fv2%2Fcomments&post=7044"}],"version-history":[{"count":1,"href":"http:\/\/www.movimientocaamanista.com\/index.php?rest_route=\/wp\/v2\/posts\/7044\/revisions"}],"predecessor-version":[{"id":7046,"href":"http:\/\/www.movimientocaamanista.com\/index.php?rest_route=\/wp\/v2\/posts\/7044\/revisions\/7046"}],"wp:featuredmedia":[{"embeddable":true,"href":"http:\/\/www.movimientocaamanista.com\/index.php?rest_route=\/wp\/v2\/media\/7045"}],"wp:attachment":[{"href":"http:\/\/www.movimientocaamanista.com\/index.php?rest_route=%2Fwp%2Fv2%2Fmedia&parent=7044"}],"wp:term":[{"taxonomy":"category","embeddable":true,"href":"http:\/\/www.movimientocaamanista.com\/index.php?rest_route=%2Fwp%2Fv2%2Fcategories&post=7044"},{"taxonomy":"post_tag","embeddable":true,"href":"http:\/\/www.movimientocaamanista.com\/index.php?rest_route=%2Fwp%2Fv2%2Ftags&post=7044"}],"curies":[{"name":"wp","href":"https:\/\/api.w.org\/{rel}","templated":true}]}}