{"id":7049,"date":"2022-07-14T23:57:38","date_gmt":"2022-07-14T23:57:38","guid":{"rendered":"http:\/\/www.movimientocaamanista.com\/?p=7049"},"modified":"2022-08-24T01:28:03","modified_gmt":"2022-08-24T01:28:03","slug":"petro-no-abre-un-periodo-historico-lo-cierra","status":"publish","type":"post","link":"http:\/\/www.movimientocaamanista.com\/?p=7049","title":{"rendered":"Petro no abre un per\u00edodo hist\u00f3rico, lo cierra"},"content":{"rendered":"\n<p>Alberto Pinz\u00f3n S\u00e1nchez<\/p>\n\n\n\n<p>Fuente: <a href=\"https:\/\/rebelion.org\/petro-no-abre-un-periodo-historico-lo-cierra\/\">Rebeli\u00f3n<\/a><\/p>\n\n\n\n<p>Aclaraci\u00f3n innecesaria: Ciertamente, la elecci\u00f3n de Gustavo Petro como presidente de Colombia es un hecho positivo en la ensangrentada historia de Colombia, pero las esperanzas que su gobierno ha generado en la poblaci\u00f3n trabajadora, no implica que se deba renunciar al REALISMO que cualquier an\u00e1lisis cr\u00edtico, dial\u00e9ctico e independiente haga de la actual realidad colombiana.<\/p>\n\n\n\n<p>La elecci\u00f3n de Gustavo Petro cierra el per\u00edodo hist\u00f3rico pol\u00edtico colombiano caracterizado por dos tendencias de larga duraci\u00f3n:&nbsp;<strong>Una,<\/strong>&nbsp;la tradicional e hist\u00f3rica \u201ccoacci\u00f3n\u201d armada y guerrera del Estado colombiano para dominar explotar al pueblo trabajador y producir plusval\u00eda (tanto plusval\u00eda absoluta o social, como plusval\u00eda relativa o individual) que evolucion\u00f3 y se fue perfeccionando con la ayuda del gobierno estadounidense desde la \u201ccontraguerrilla antigaitanista\u201d o \u201ccontrachusma\u201d de los a\u00f1os 50, hasta la actual \u201ccontrainsurgencia\u201d tecnol\u00f3gica global asistida por la OTAN. Y la respuesta popular en espejo, que fue evolucionando cualitativamente de una simple autodefensa campesina de masas, a la seria consideraci\u00f3n de que la lucha armada popular y la construcci\u00f3n de un ej\u00e9rcito popular combinada con la pol\u00edtica (como en otras experiencias ) era LA v\u00eda para llegar a la revoluci\u00f3n social en Colombia.<br><\/p>\n\n\n\n<p><strong>Y otra&nbsp;<\/strong>el PACTISMO en las alturas, ejercido tradicionalmente por el bloque de clases burgu\u00e9s- terrateniente inicial, ligado al gobierno de los EEUU y conocido conocido popularmente como \u201coligarqu\u00eda cipaya\u201d, que seg\u00fan el conocido investigador Fernando Guill\u00e9n Mart\u00ednez en su cl\u00e1sico libro \u201c El Poder Pol\u00edtico en Colombia\u201d (1973). p\u00e1g.&nbsp;363, muestra c\u00f3mo durante los siglos 19 y 20, despu\u00e9s de cada guerra civil entre los dos partidos pol\u00edticos que que se disputaron el control del Estado y el erario p\u00fablico, cada una de ellas acababa con un pacto en las alturas y una coalici\u00f3n para redactar una nueva Constituci\u00f3n que, incubaba una nueva guerra civil bipartidista, un nuevo pacto y una nueva Constituci\u00f3n bipartidista del Estado. Un verdadero ciclo infernal de guerra civil bipartidista, pacto en las alturas, nueva Constituci\u00f3n pol\u00edtica del Estado, nueva guerra civil y, nueva Constituci\u00f3n\u2026.<br><\/p>\n\n\n\n<p>El texto de Guill\u00e9n Mart\u00ednez llega hasta el monstruoso pacto Lleras Camargo-Laureano G\u00f3mez (1957) y el gobierno bipartidista del Frente Nacional (1962). Pero es precisamente con este primer gobierno frentenacionalista de Lleras Camargo, cuando se inicia en Colombia la modernizaci\u00f3n de la Fuerzas Armadas seg\u00fan el modelo estadounidense y, se ejecuta la recomendaci\u00f3n contrainsurgente \u201cclandestina\u201d del General USA William P. Yarborough. As\u00ed se contin\u00faa la coacci\u00f3n militar y guerrera como medio de desarrollar el capitalismo y llevarlo hasta el \u00faltimo rinc\u00f3n de la geograf\u00eda colombiana con el fin de destruir los \u00faltimos vestigios de \u201cfeudalismo\u201d y pre capitalismo existentes, y conformar lo que se llam\u00f3 en su \u00e9poca el exitoso \u201cmercado Nacional \u00fanico \u201d. Pero tambi\u00e9n se contin\u00faa con el \u201c<em>pactismo\u201d por lo alto,<\/em>&nbsp;como estrategia de gobernanza (llamada DDR) y de reincorporaci\u00f3n de los pobres del campo, campesinos medios y otras capas subalternas del complejo Rural-urbano, de comunidades ind\u00edgenas y negras y otros \u201cresistentes\u201d a la avalancha capitalista hasta incluirlos en el gobierno (\u00bfcooptarlos?) y redactar un nueva Constituci\u00f3n.<br><\/p>\n\n\n\n<p>Precisamente, esto fue lo que sucedi\u00f3 en la crisis del bipartidismo y la amenaza al Estado por los poderosos carteles de la coca\u00edna a fines de los a\u00f1os 90; cuando el movimiento armado \u201cindigenista\u201d Quint\u00edn Lame, el M19, y un sector amplio del llamado EPL&nbsp;<em>pactaron por lo alto&nbsp;<\/em>un acuerdo de paz con el gobierno liberal de Cesar Gaviria, el partido Conservador y los reinsertados representados por el elocuente Navarro Wolf, pacto que qued\u00f3 signado como constituci\u00f3n neoliberal de 1991. Vigente todav\u00eda, a pesar de todas las modificaciones que se le han hecho, como factor fundamental&nbsp;para continuar desarrollando mediante la guerra el capitalismo en Colombia y, para que el neoliberalismo guerrero prosiga su marcha imparable hasta privatizar el aire, el agua y el Estado. Para volver a todos los colombianos, incluidos los pobres y los reinsertados que sobrevivan en consumidores plenos del \u201cfree market\u201d y en microempresarios, seg\u00fan se ha prometido en la actual campa\u00f1a electoral .<br><\/p>\n\n\n\n<p>Tambi\u00e9n eso fue lo que sucedi\u00f3 25 a\u00f1os despu\u00e9s, cuando el Estado colombiano armado con la Constituci\u00f3n del 91 y esa espantosa&nbsp;tenaza de hierro Ejercito- Fiscal\u00eda&nbsp;&nbsp;(warfare-lawfare) no pudieron resolver la crisis y el conflicto interno continu\u00f3 propag\u00e1ndose hasta llegar en el 2016&nbsp;al PACTO de c\u00fapulas Santos-Timochenko (uno a nombre del Estado colombiano y el otro a nombre de las Farc), pacto oscuro hecho con el fin de evitar que los m\u00faltiples \u00edtems&nbsp;alcanzados&nbsp;en las conversaciones en la Habana (que contienen importantes avances sociales y pol\u00edticos)&nbsp;no se incluyeran en la Constituci\u00f3n&nbsp;del 91, para no \u201cmodificarla\u201d y as\u00ed dar paso a la perfidia del gobierno siguiente (de Duque) y la c\u00fapula del Estado contrainsurgente pudiera volver trizas ese maldito papel con todo su listado.<br><\/p>\n\n\n\n<p>Finalmente, para julio de 2022, la coyuntura&nbsp;colombiana ha puesto en evidencia muchas de las contradicciones profundas que ven\u00edan dinamiz\u00e1ndola. Veamos:<br><\/p>\n\n\n\n<p>1- En la contradicci\u00f3n&nbsp;&nbsp;base\/ sobrestructura, es de destacar la RUINA en la que queda la sociedad despu\u00e9s&nbsp;del gobierno saliente de Duque, algunos de cuyos aspectos describ\u00ed en el art\u00edculo&nbsp;<a rel=\"noreferrer noopener\" href=\"https:\/\/rebelion.org\/el-interregno-colombiano\/\" target=\"_blank\">https:\/\/rebelion.org\/el-interregno-colombiano\/<\/a>&nbsp;. Y en la correspondiente sobrestructura&nbsp;pol\u00edtico&nbsp;ideol\u00f3gica, es para mirar el deterioro de la imagen del&nbsp;expresidente Uribe V\u00e9lez, en los videos del \u201cmatarife\u201d repartidos profusamente&nbsp;por las redes sociales y que sin duda han contribuido a profundizar la \u201ccrisis de hegemon\u00eda\u201d y de dominio del Bloque de clases dominante sobre las clases subalternas, que esta mostrando serias dificultades para encontrar otro minif\u00fchrer de reemplazo pol\u00edtico-militar, cre\u00edble.<br><\/p>\n\n\n\n<p>Las cifras de la elecci\u00f3n presidencial muestran no solo la polarizaci\u00f3n de los electores colombianos, sino algo m\u00e1s destacable: una correlaci\u00f3n de fuerzas pr\u00e1cticamente&nbsp;equilibrada, sin que sea evidente una definici\u00f3n clara en el poder.<br><\/p>\n\n\n\n<p>2-En la contradicci\u00f3n dirigente\/ dirigidos, se evidencia un presidente electo sin partido pol\u00edtico&nbsp;estructurado con alcance nacional, apoyado en un movimiento pol\u00edtico polimorfo, variado y policlasista. Y en la otra cara de la medalla, un movimiento social de masas din\u00e1mico&nbsp;cada vez m\u00e1s consiente y sobre todo EXPECTANTE, con un acumulado&nbsp;hist\u00f3rico&nbsp;de luchas armadas en el campo, lucha de masas callejera, paros, huelgas, asonadas, estallidos sociales, etc, &nbsp;que ha hecho decir al presidente electo en una entrevista apocal\u00edptica&nbsp;con el grupo multinacional de la informaci\u00f3n&nbsp;Prisa, lo siguiente:&nbsp;<em>\u201cSi fracaso, las tinieblas arrasar\u00e1n con todo.<\/em>&nbsp;Ver \u201c<a rel=\"noreferrer noopener\" href=\"https:\/\/elpais.com\/america-colombia\/elecciones-presidenciales\/2022-06-28\/gustavo-petro-si-fracaso-las-tinieblas-arrasaran-con-todo.html\" target=\"_blank\">https:\/\/elpais.com\/america-colombia\/elecciones-presidenciales\/2022-06-28\/gustavo-petro-si-fracaso-las-tinieblas-arrasaran-con-todo.html<\/a>.<\/p>\n\n\n\n<p>El apocalipsis es una bella y escalofriante ficci\u00f3n b\u00edblica. Pero en la actual Colombia lo que se ve es, una fuerte pulsi\u00f3n en casi todos los l\u00edderes pol\u00edticos y sociales de las fuerzas en contradicci\u00f3n (en especial al Presidente Petro) a&nbsp;recurrir a la vieja tecnolog\u00eda pol\u00edtica colombiana del PACTISMO por lo alto, a fin de evitar las Tinieblas que anuncia en el diario del grupo Prisa,&nbsp;y conseguir la gobernanza que contin\u00fae sosteniendo el \u201cStatu Quo\u201d, mediante \u00abel pacto sobre lo fundamental\u00bb reducido a unas \u00abl\u00edneas rojas infranqueables\u00bb, como son: Respeto absoluto por la propiedad privada. No a las expropiaciones de ning\u00fan bien. Continuidad de la Justicia del lawfare, y de la Constituci\u00f3n neoliberal del 91 como bandera irrenunciable de todos los candidatos presidenciales votados, pero sobre todo (echando mano a un marxismo de pacotilla y degradado) confundir pre-modernidad con feudalismo, dizque para&nbsp;<em>desarrollar a\u00fan m\u00e1s<\/em>&nbsp;<em>el capitalismo en Colombia\u201d,&nbsp;<\/em>y de paso, meter de contrabando dentro de la Izquierda colombiana una discusi\u00f3n extempor\u00e1nea y un debate superado en la d\u00e9cada de los 60 del siglo pasado, cuando la practica social junto con una infinidad de estudios muy bien documentados, concluyeron que en Colombia no hab\u00eda ninguna \u00abburgues\u00eda nacional\u00bb y menos para desarrollar, y que si bien algunos de los grandes terratenientes ten\u00edan restos de una mentalidad colonial atrasada y gamonalista, no por eso dejaban de ser capitalistas trasnacionalizados. !Ay del chal\u00e1n empresario, due\u00f1o del gigantesco latifundio del Ub\u00e9rrimo, exportador al globo terr\u00e1queo de embriones mejorados con tecnolog\u00eda&nbsp;gen\u00e9tica&nbsp;de ganado caballar y vacuno.<br><\/p>\n\n\n\n<p>3 Entonces podemos ver con frialdad y sin sobresaltos, que, bajo el ropaje l\u00edrico de una supuesta \u00abreconciliaci\u00f3n&nbsp;nacional\u201d, se realizan animadas reuniones y acuerdos (antes impensados) para armar un Consenso de Estado y una gobernanza para el presidente que viene, entre antiguos rivales y adversarios de improperios&nbsp;y verbosidades: Petro abrazado con \u201cel ingeniero\u201d Hern\u00e1ndez. Petro departiendo con Uribe V\u00e9lez. Petro recibiendo apoyos de Ciro Ram\u00edrez&nbsp;y la nata de los parapol\u00edticos&nbsp;Conservadores; de parapol\u00edticos, tr\u00e1nsfugas y p\u00edcaros&nbsp;Liberales, de rudos adversarios del partido Verdeamarillo, de los curas del Opus Dei que no lo bajaban de satan\u00e1s infernal, etc, entre los m\u00e1s publicitados.<\/p>\n\n\n\n<p>&nbsp;Pero no solo&nbsp;<em>pactos con la descompuesta&nbsp;<\/em>casta<em>&nbsp;politiquera dominante.&nbsp;<\/em>El recien presidente electo ha tenido que hacer PACTOS con cada una de las 9 ruedas dentadas restantes que conforman el Bloque de Poder Contrainsurgente (BPCI) y con el Estado que las relaciona,&nbsp;las cohesiona, las pega y les da la legitimidad y la legalidad formal. Veamos:<\/p>\n\n\n\n<p>4 Pacto con el eje de dicho Bloque constituido por la Embajada de los EEUU sobre: a) -El papel de la empresa colombo venezolana Mon\u00f3meros&nbsp;de Colombia&nbsp;<a href=\"https:\/\/www.monomeros.com.co\/\" target=\"_blank\" rel=\"noreferrer noopener\">https:\/\/www.monomeros.com.co\/<\/a>&nbsp;(actualmente en manos del impostor Guaid\u00f3 por orden del gobierno de los EEUU). b) La Situaci\u00f3n de la conflictiva situaci\u00f3n militar, econ\u00f3mica&nbsp;y social en los m\u00e1s de 2.000 Km de frontera colombo-venezolana, que no se resolver\u00e1&nbsp;con la simple reanudaci\u00f3n de las relaciones diplom\u00e1ticas&nbsp;y la apertura del comercio bilateral y las trochas de los \u00abbachaqueros\u00bb. c) La politica estadounidense de sanciones a Nicaragua, Cuba y Venezuela. d) Sobre la continuidad de la guerra antinarc\u00f3ticos.<br><\/p>\n\n\n\n<p>5 Pacto con el llamado \u201cempresariado\u201d o cacaos, due\u00f1os financieros&nbsp;del pa\u00eds, que por boca de Sarmiento Angulo han dicho una cosa tan practica como esta: \u201c<em>El problema no es Petro a quien acepto sin reserva si cumple el mandato constitucional, sino la trepada del d\u00f3lar\u201d .&nbsp;<\/em>Ver&nbsp;entrevista<a href=\"https:\/\/www.semana.com\/economia\/inversionistas\/articulo\/que-va-a-pasar-con-el-dolar-tras-el-triunfo-de-petro-esto-piensa-luis-carlos-sarmiento\/202253\/\" target=\"_blank\" rel=\"noreferrer noopener\">https:\/\/www.semana.com\/economia\/inversionistas\/articulo\/que-va-a-pasar-con-el-dolar-tras-el-triunfo-de-petro-esto-piensa-luis-carlos-sarmiento\/202253\/<\/a><br><\/p>\n\n\n\n<p><em>6&nbsp;<\/em>Pacto con los llamados gremios de la producci\u00f3n sobre la no expropiaci\u00f3n del \u00abse\u00f1or capital y la se\u00f1ora tierra\u00bb. Sobre el desarrollo del capitalismo trasnacionalizado dominante, y sobre la reforma tributaria&nbsp;<em>invertida&nbsp;<\/em>tipo Robin Hood del siglo XXI (quitarle a los pobres para seguir d\u00e1ndolo a los ricos). Y con el gremio financiero, pacto sobre el futuro de las ultra poderosas (EPS) Empresas Promotoras de Salud, que muy seguramente quedar\u00e1 como un corcho en el remolino en las discusiones del parlamento venidero.<br><\/p>\n\n\n\n<p>7 Acuerdos con la Fiscal\u00eda y el poder judicial del \u201clawfare\u201d para continuar con lo tra\u00eddo hasta el momento.<br><\/p>\n\n\n\n<p>8 Acuerdos de \u00abconvivencia\u00bb con el oligopolio medi\u00e1tico. Te doy pauta publicitaria del Estado a cambio de buena prensa. Algo as\u00ed como el chiste obsceno del&nbsp; \u201chag\u00e1monos pasito\u201d .<br><\/p>\n\n\n\n<p>Quedan los acuerdos y pactos con las dos ruedas restantes del BPCi : 9) la Fuerza P\u00fablica descrita en la Constituci\u00f3n del 91. Y 10) la Econom\u00eda Subterr\u00e1nea y el Narco, sobre lo cual solo se tienen las promesas de campa\u00f1a y la oscuridad de lo que&nbsp; se puede estar acordando entre telones, que por ahora solo dejan preguntas:<br><\/p>\n\n\n\n<p>\u00bfQu\u00e9&nbsp;pasar\u00e1 con las Fuerzas Militares y de Polic\u00eda? \u00bfSe disolver\u00e1 el ESMAD? \u00bfPasar\u00e1 la polic\u00eda al ministerio civil? \u00bfDejar\u00e1 la Fuerza P\u00fablica la doctrina contrainsurgente? \u00bfSe disolver\u00e1 la \u00absexta divisi\u00f3n del ejercito colombiano\u00bb, que seg\u00fan Human Right Watch (HRW) son los Narco- Paramilitares?&nbsp; \u00bfRenunciar\u00e1&nbsp;la heroica Fuerza Publica a la tajada del le\u00f3n de recibir el 6% del Producto Interno Bruto,&nbsp; cuando hay 20 millones millones de pobres absolutos en Colombia?<\/p>\n\n\n\n<p>Pero a pesar de todo esto, no podemos olvidar&nbsp;el otro aspecto de la contradicci\u00f3n social colombiana: la Soluci\u00f3n Pol\u00edtica del conflicto interno, que se ha reciclado e incluso se ha expandido en toda su complejidad y dolor, y sobre lo cual, tambi\u00e9n, solo se tienen preguntas y expectativas que esperan ser resueltas en la realidad real.<br><\/p>\n\n\n\n<p>Queda pues un \u201cInterregno\u201d de esperanzas y expectativas, en el cual el Movimiento Social y Popular Independiente y Alternativo en todas sus expresiones, manifestaciones y din\u00e1micas tanto nacionales como regionales y locales, sigue con atenci\u00f3n cr\u00edtica y REALISTA los acontecimientos y hechos sociales y pol\u00edticos del nuevo gobierno por venir que se define como \u201cprogresista y latinoamericanista\u201d, y,&nbsp; aunque suene duro decirlo, ateni\u00e9ndose a aquella m\u00e1xima del sentido com\u00fan humano ha establecido, de que \u201c<em>los hombres se miden por lo que hacen, no por lo que dicen\u201d.&nbsp;<\/em><\/p>\n","protected":false},"excerpt":{"rendered":"<p>Alberto Pinz\u00f3n S\u00e1nchez Fuente: Rebeli\u00f3n Aclaraci\u00f3n innecesaria: Ciertamente, la elecci\u00f3n de Gustavo Petro como presidente de Colombia es un hecho positivo en la ensangrentada historia de Colombia, pero las esperanzas que su gobierno ha generado en la poblaci\u00f3n trabajadora, no implica que se deba renunciar al REALISMO que cualquier an\u00e1lisis cr\u00edtico, dial\u00e9ctico e independiente haga [&hellip;]<\/p>\n","protected":false},"author":1,"featured_media":7050,"comment_status":"open","ping_status":"open","sticky":false,"template":"","format":"standard","meta":{"footnotes":""},"categories":[5,3],"tags":[],"_links":{"self":[{"href":"http:\/\/www.movimientocaamanista.com\/index.php?rest_route=\/wp\/v2\/posts\/7049"}],"collection":[{"href":"http:\/\/www.movimientocaamanista.com\/index.php?rest_route=\/wp\/v2\/posts"}],"about":[{"href":"http:\/\/www.movimientocaamanista.com\/index.php?rest_route=\/wp\/v2\/types\/post"}],"author":[{"embeddable":true,"href":"http:\/\/www.movimientocaamanista.com\/index.php?rest_route=\/wp\/v2\/users\/1"}],"replies":[{"embeddable":true,"href":"http:\/\/www.movimientocaamanista.com\/index.php?rest_route=%2Fwp%2Fv2%2Fcomments&post=7049"}],"version-history":[{"count":1,"href":"http:\/\/www.movimientocaamanista.com\/index.php?rest_route=\/wp\/v2\/posts\/7049\/revisions"}],"predecessor-version":[{"id":7051,"href":"http:\/\/www.movimientocaamanista.com\/index.php?rest_route=\/wp\/v2\/posts\/7049\/revisions\/7051"}],"wp:featuredmedia":[{"embeddable":true,"href":"http:\/\/www.movimientocaamanista.com\/index.php?rest_route=\/wp\/v2\/media\/7050"}],"wp:attachment":[{"href":"http:\/\/www.movimientocaamanista.com\/index.php?rest_route=%2Fwp%2Fv2%2Fmedia&parent=7049"}],"wp:term":[{"taxonomy":"category","embeddable":true,"href":"http:\/\/www.movimientocaamanista.com\/index.php?rest_route=%2Fwp%2Fv2%2Fcategories&post=7049"},{"taxonomy":"post_tag","embeddable":true,"href":"http:\/\/www.movimientocaamanista.com\/index.php?rest_route=%2Fwp%2Fv2%2Ftags&post=7049"}],"curies":[{"name":"wp","href":"https:\/\/api.w.org\/{rel}","templated":true}]}}