{"id":7079,"date":"2022-07-19T23:27:06","date_gmt":"2022-07-19T23:27:06","guid":{"rendered":"http:\/\/www.movimientocaamanista.com\/?p=7079"},"modified":"2022-07-19T23:27:07","modified_gmt":"2022-07-19T23:27:07","slug":"campana-por-la-libertad-de-la-revolucionaria-paraguaya-carmen-villalba","status":"publish","type":"post","link":"http:\/\/www.movimientocaamanista.com\/?p=7079","title":{"rendered":"CAMPA\u00d1A  POR LA LIBERTAD DE LA REVOLUCIONARIA PARAGUAYA CARMEN VILLALBA"},"content":{"rendered":"\n<p><strong>CARMEN VILLALBA<\/strong>, revolucionaria paraguaya cumpli\u00f3 condena de 18 a\u00f1os por ser parte de un movimiento insurgente contra la dictadura paraguaya.<\/p>\n\n\n\n<p>El pr\u00f3ximo 26 de julio cumplir\u00e1 un a\u00f1o m\u00e1s de prisi\u00f3n ilegal de otros 14 a\u00f1os adicionales que le impusieron arbitrariamente, por lo que estar\u00e1 en marcha del 20 al 26 de julio una semana de CAMPA\u00d1A GLOBAL por su libertad.<\/p>\n\n\n\n<p>Sugerimos de inmediato enviar mensajes por su libertad al correo electr\u00f3nico de la Embajada Paraguaya en nuestro pa\u00eds: <\/p>\n\n\n\n<p><strong>embapardominicana@mre.gov.py<br>Con  copia: #LibertadCarmenVillalba<\/strong><\/p>\n\n\n\n<p>Direcci\u00f3n de Empajada del Paraguay en Rep. Dominicana:<\/p>\n\n\n\n<p>Ave. Pedro Henr\u00edquez Ure\u00f1a 133 &#8211;<br>\n5to Piso Edificio Empresarial Reyna I<br>\nSector la Esperilla &#8211; Sto Domimgo, telf. 809-5400855<\/p>\n\n\n\n<p>Todas las organizaciones y personas solidarias debemos adoptar esa y otras iniciativas a tono con la campa\u00f1a global a desplegar esta semana.<\/p>\n\n\n\n<p><strong>\u2022 ALGUNAS INFORMACIONES IMPORTANTES.<\/strong><\/p>\n\n\n\n<p>Ella es la madre de la Carmen Elizabeth Oviedo Villalba (Lichita)<br> LICHITA es el apodo de Carmen Elizabeth Oviedo Villalba, de nacionalidad paraguaya, que est\u00e1 desaparecida desde hace veinte meses, cuando apenas hab\u00eda cumplido 15 a\u00f1os.<\/p>\n\n\n\n<p>La \u00faltima vez fue vista por su t\u00eda Laura Villalba en Cerro de Guaz\u00fa,  zona altamente militarizada por las denominadas Fuerza de Tareas Conjuntas-TAC del Ej\u00e9rcito del Paraguay. <\/p>\n\n\n\n<p>Luego no se ha sabido de su paradero. Sigue desaparecida y el Gobierno que preside Mario Abdo Ben\u00edtez no ha hecho el menor esfuerzo por encontrarla}; despu\u00e9s de haber proclamado con indgnante orgullo \u201cel \u00e9xito\u201d del operativo militar; y deso\u00eddos, adem\u00e1s, todos los reclamos derivados de hechos de tanta gravedad, e intensificado la represi\u00f3n contra la familia Villalba.<\/p>\n\n\n\n<p>Su t\u00eda Laura fue apresada posteriormente y su madre, Carmen Villalba,  guarda prisi\u00f3n hace ya 19 a\u00f1os, pr\u00e1cticamente secuestrada, dado que la condena judicial est\u00e1 vencida hace un a\u00f1o. Est\u00e1 en marcha una campa\u00f1a internacional por su libertad.<\/p>\n\n\n\n<p>Las dos primitas de Lichita, Lilliam Mariana y  Mar\u00eda Carmen Villalba, una de 11 y otra de 12 a\u00f1os, fueron  previamente asesinadas por unidades especiales de la TAC, felicitadas por el mandatario paraguayo. <\/p>\n\n\n\n<p>Los infanticidios, la desaparici\u00f3n de Lichita y el secuestro carcelario de su madre tienen la cruel caracter\u00edstica de una represalia bestial contra una familia de larga e insobornable militancia revolucionaria; represalia s\u00e1dicamente ejecutada por fuerzas militares practicantes de  los tristemente famosos \u201cfalsos positivos\u201d, desapariciones y torturas al estilo del neofascismo colombiano.<\/p>\n\n\n\n<p>Estos son cr\u00edmenes de Estado, incluso contra criaturas inocentes, propio de bestias armadas y entrenadas para sembrar terror. <\/p>\n\n\n\n<p>Narciso Isa Conde, Movimiento Caama\u00f1ista-MC<\/p>\n","protected":false},"excerpt":{"rendered":"<p>CARMEN VILLALBA, revolucionaria paraguaya cumpli\u00f3 condena de 18 a\u00f1os por ser parte de un movimiento insurgente contra la dictadura paraguaya. El pr\u00f3ximo 26 de julio cumplir\u00e1 un a\u00f1o m\u00e1s de prisi\u00f3n ilegal de otros 14 a\u00f1os adicionales que le impusieron arbitrariamente, por lo que estar\u00e1 en marcha del 20 al 26 de julio una semana [&hellip;]<\/p>\n","protected":false},"author":1,"featured_media":7078,"comment_status":"open","ping_status":"open","sticky":false,"template":"","format":"standard","meta":{"footnotes":""},"categories":[5,16],"tags":[],"_links":{"self":[{"href":"http:\/\/www.movimientocaamanista.com\/index.php?rest_route=\/wp\/v2\/posts\/7079"}],"collection":[{"href":"http:\/\/www.movimientocaamanista.com\/index.php?rest_route=\/wp\/v2\/posts"}],"about":[{"href":"http:\/\/www.movimientocaamanista.com\/index.php?rest_route=\/wp\/v2\/types\/post"}],"author":[{"embeddable":true,"href":"http:\/\/www.movimientocaamanista.com\/index.php?rest_route=\/wp\/v2\/users\/1"}],"replies":[{"embeddable":true,"href":"http:\/\/www.movimientocaamanista.com\/index.php?rest_route=%2Fwp%2Fv2%2Fcomments&post=7079"}],"version-history":[{"count":1,"href":"http:\/\/www.movimientocaamanista.com\/index.php?rest_route=\/wp\/v2\/posts\/7079\/revisions"}],"predecessor-version":[{"id":7080,"href":"http:\/\/www.movimientocaamanista.com\/index.php?rest_route=\/wp\/v2\/posts\/7079\/revisions\/7080"}],"wp:featuredmedia":[{"embeddable":true,"href":"http:\/\/www.movimientocaamanista.com\/index.php?rest_route=\/wp\/v2\/media\/7078"}],"wp:attachment":[{"href":"http:\/\/www.movimientocaamanista.com\/index.php?rest_route=%2Fwp%2Fv2%2Fmedia&parent=7079"}],"wp:term":[{"taxonomy":"category","embeddable":true,"href":"http:\/\/www.movimientocaamanista.com\/index.php?rest_route=%2Fwp%2Fv2%2Fcategories&post=7079"},{"taxonomy":"post_tag","embeddable":true,"href":"http:\/\/www.movimientocaamanista.com\/index.php?rest_route=%2Fwp%2Fv2%2Ftags&post=7079"}],"curies":[{"name":"wp","href":"https:\/\/api.w.org\/{rel}","templated":true}]}}