{"id":7099,"date":"2022-07-24T13:25:06","date_gmt":"2022-07-24T13:25:06","guid":{"rendered":"http:\/\/www.movimientocaamanista.com\/?p=7099"},"modified":"2022-07-24T13:25:08","modified_gmt":"2022-07-24T13:25:08","slug":"cronica-del-caos","status":"publish","type":"post","link":"http:\/\/www.movimientocaamanista.com\/?p=7099","title":{"rendered":"Cr\u00f3nica del caos"},"content":{"rendered":"\n<p>Antonio M. Turiel<\/p>\n\n\n\n<p>Fuente: <a href=\"https:\/\/kaosenlared.net\/cronica-del-caos-junio-de-2022\/\">Kaos en la Red<\/a><\/p>\n\n\n\n<p>Queridos lectores:<\/p>\n\n\n\n<p>He pasado unas semanas excepcionalmente ajetreadas, con mucho trabajo y una cantidad desmesurada de charlas y actos (44 de momento en este 2022), aparte de multitud de entrevistas en diversos medios (creo que salgo a una media de 3 por semana, m\u00e1s o menos). En a\u00f1adidura, he escrito algunos art\u00edculos para revistas m\u00e1s convencionales. Eso ha hecho que haya tenido que descuidar bastante este&nbsp;<em>blog<\/em>, hasta el punto de que hace un mes que no publico nada. Creo que ya va siendo hora de corregir esta tendencia, y al tiempo dar paso al numeroso material acumulado que tengo de otros autores.<\/p>\n\n\n\n<p>Antes de empezar a dar salida a los&nbsp;<em>posts<\/em>&nbsp;acumulados, me gustar\u00eda comenzar con un&nbsp;<em>post<\/em>&nbsp;de resumen de cu\u00e1l es la situaci\u00f3n que nos encontramos en este primer semestre de 2022. A\u00f1o que por lo que parece ya ha sido bastante agitado, y bastante m\u00e1s que lo va ser. Por eso mismo, preveo que tendr\u00e9 que escribir con cierta periodicidad este tipo de&nbsp;<em>posts<\/em>, \u201cCr\u00f3nica del caos\u201d. Ojal\u00e1 me equivoque.<\/p>\n\n\n\n<p>No hay ninguna duda que el evento que m\u00e1s ha marcado este semestre es la invasi\u00f3n de Ucrania por parte de Rusia que comenz\u00f3 el 24 de febrero. No voy a entrar en el an\u00e1lisis de las causas de esta agresi\u00f3n, ni c\u00f3mo est\u00e1 evolucionando la guerra: el lector interesado seguramente encontrar\u00e1 muchos textos que le resultar\u00e1n mucho m\u00e1s adecuados en otros lugares. La parte que a mi me interesa es la de las consecuencias de esta guerra. Al margen del coste de sufrimiento humano que ha supuesto y que va a suponer, sobre todo en Ucrania pero tambi\u00e9n fuera de ella, una consecuencia importante es que ha servido para disimular las tendencias en las que ya est\u00e1bamos embarcados desde mediados del a\u00f1o pasado. Efectivamente, ahora parece que todo lo que est\u00e1 pasando es culpa de Vladimir Putin y de la guerra, y aunque es innegable que la guerra en Ucrania est\u00e1 complicando, y mucho, la situaci\u00f3n, sobre todo por lo que se refiere al abastecimiento energ\u00e9tico de Europa y de cereal en amplias zonas del globo, no lo es menos que muchos de los problemas actuales comenzaron unos meses antes del 24 de febrero de 2022. Por lo tanto, creo que es importante poner en un contexto m\u00e1s amplio y general todo lo que est\u00e1 pasando y evidenciar que los problemas vienen de lejos.<\/p>\n\n\n\n<p>Y es que otro de los motivos para escribir este&nbsp;<em>post<\/em>&nbsp;es para intentar desmontar la ficci\u00f3n de normalidad que est\u00e1 bastante instalada en Europa y particularmente en Espa\u00f1a. Como a Espa\u00f1a a\u00fan no han llegado los peores efectos de la crisis energ\u00e9tica global en la que estamos inmersos, no es para mi extra\u00f1o encontrarme con gente que, altanera, se burla de mis preocupaciones sobre el&nbsp;<em>peak oil<\/em>&nbsp;y el&nbsp;<a href=\"https:\/\/crashoil.blogspot.com\/2010\/06\/la-gran-escasez.html\" target=\"_blank\" rel=\"noreferrer noopener\"><em>peak everything<\/em><\/a>, a pesar de la fuerza con la que ambos fen\u00f3menos se est\u00e1n manifestando. Querr\u00eda que toda esa gente que dice \u201c\u00bfd\u00f3nde est\u00e1 esa escasez de di\u00e9sel de la que hablabas hace un par de meses?\u201d sepa d\u00f3nde, efectivamente, se est\u00e1 produciendo esa escasez de di\u00e9sel y que vea que no tardando mucho podr\u00eda llegar a producirse aqu\u00ed, en Espa\u00f1a (y para mis lectores de otros pa\u00edses puede, por desgracia, ser ya evidente d\u00f3nde se est\u00e1 produciendo la escasez de di\u00e9sel).<\/p>\n\n\n\n<p>Y es que una de las tendencias m\u00e1s preocupantes de nuestra sociedad es que, como dice el aforismo, se mueve sin soluci\u00f3n de continuidad y sin paradas intermedias entre la autocomplacencia y el p\u00e1nico. Pasamos de considerar que no hay ning\u00fan problema y que no tiene sentido tomar medidas preparatorias, tachando de alarmista a quien avisa de los peligros, a la histeria m\u00e1s absoluta, en la que todo el mundo quiere hacer cosas r\u00e1pidamente para reaccionar, aunque se no sabe muy bien el qu\u00e9 y si realmente las cosas propuestas sirven para su fin declarado.<\/p>\n\n\n\n<p>Se a\u00f1ade a esto que los prejuicios, tambi\u00e9n ideol\u00f3gicos, no permiten ver la magnitud del problema: ya hace alg\u00fan tiempo que me encuentro con excesiva frecuencia quien pretende desmontar mi argumentaci\u00f3n sobre la base de mis presuntas predicciones fallidas&nbsp; cuando pocas hay en este&nbsp;<em>blog<\/em>, no porque yo no me equivoque, sino porque hago pocas predicciones concretas. En vez de centrarse en la discusi\u00f3n t\u00e9cnica de las cosas que se presentan, en vez de intentar la imposible tarea de refutar que se est\u00e1 produciendo un pico en la oferta de petr\u00f3leo o en la de di\u00e9sel, se eluden las discusiones t\u00e9cnicas y se ataca a la persona, usando frases completamente fuera de contexto (ejemplo perfecto son los ataques basado en extractos de mis&nbsp;<em>posts<\/em>&nbsp;de finales de a\u00f1os sobre las previsiones para el a\u00f1o que entra, a pesar de que el p\u00e1rrafo inicial de descargo deja claro que no se puede acertar lo que va a pasar en tan breve plazo y que lo que se hace es un mejor ejercicio de prospectiva especulativa). Pero quien est\u00e1 contaminado por los prejuicios no quiere saber nada de eso, y busca a posteriori los motivos que justifiquen su toma de posici\u00f3n a priori, y nada de lo que se le diga le har\u00e1 cambiar de opini\u00f3n, por m\u00e1s evidencia que se le presente. A estas personas que tienen tales anteojeras de prejuicios, sobre todo los ideol\u00f3gicos, recomiendo dejarlas aparte, porque discutir con ellas no sirve para nada y porque solo ellas mismas podr\u00e1n salir del agujero en el que han ca\u00eddo, si es que as\u00ed lo desean alguna vez.<\/p>\n\n\n\n<p>Hechas todas esas aclaraciones iniciales, centr\u00e9monos en la descripci\u00f3n de la actual situaci\u00f3n de creciente caos y desconcierto en la escena internacional,&nbsp; los cuales son principalmente consecuencia de los problemas que genera la Gran Escasez, o&nbsp;<em>peak everything<\/em>.<\/p>\n\n\n\n<p><strong>Escasez de combustibles:<\/strong><\/p>\n\n\n\n<p>A finales de 2021 publicamos la actualizaci\u00f3n del post \u201c<a href=\"https:\/\/crashoil.blogspot.com\/2021\/11\/el-pico-del-diesel-edicion-de-2021.html\" target=\"_blank\" rel=\"noreferrer noopener\">El pico del di\u00e9sel<\/a>\u201c. En aquel&nbsp;<em>post<\/em>&nbsp;mostr\u00e1bamos que la producci\u00f3n mundial de di\u00e9sel hab\u00eda ca\u00eddo pr\u00e1cticamente un 15% desde los m\u00e1ximos de 2015,<\/p>\n\n\n\n<figure class=\"wp-block-image\"><a href=\"https:\/\/blogger.googleusercontent.com\/img\/b\/R29vZ2xl\/AVvXsEgc6QyB0QNfOcaBjiYpHjui4BDdnHXvb_erTbXNpRq-CeYKREdrbMlqLI_xfpLvoogmUurpK6WpVgjr0dP_9NRxIp5J8Jdokpi2LbWepnCPouCTdfYBZIzxxSHfygWT2juRz8I5TuNML4Pj2C6BRVextvB59KnbMNw7Aetwoxbzt6As8UHIXuMaaCOR\/s640\/peak-diesel-2021.png\" target=\"_blank\" rel=\"noreferrer noopener\"><img decoding=\"async\" src=\"https:\/\/blogger.googleusercontent.com\/img\/b\/R29vZ2xl\/AVvXsEgc6QyB0QNfOcaBjiYpHjui4BDdnHXvb_erTbXNpRq-CeYKREdrbMlqLI_xfpLvoogmUurpK6WpVgjr0dP_9NRxIp5J8Jdokpi2LbWepnCPouCTdfYBZIzxxSHfygWT2juRz8I5TuNML4Pj2C6BRVextvB59KnbMNw7Aetwoxbzt6As8UHIXuMaaCOR\/w640-h384\/peak-diesel-2021.png\" alt=\"\"\/><\/a><\/figure>\n\n\n\n<p>y que la disminuci\u00f3n de la producci\u00f3n de di\u00e9sel ten\u00eda mucho que ver con los problemas del transporte en general y con los de extracci\u00f3n minera en particular, agravando la escasez de materiales en la que a\u00fan seguimos instlados (a pesar de que tantos insist\u00edan entonces en que era pasajera y que en pocos meses volver\u00edamos a \u201cla normalidad\u201d. Esta escasez de di\u00e9sel viene motivada por el cambio de la proporci\u00f3n de los diversos hidrocarburos l\u00edquidos a los que llamamos petr\u00f3leo y a la fuerte desinversi\u00f3n en todo el sector. Efectivamente, desde 2015 la \u00fanica categor\u00eda de \u201cpetr\u00f3leo\u201d cuya producci\u00f3n crece es el petr\u00f3leo ligero de roca compacta que se extrae con&nbsp;<a href=\"https:\/\/crashoil.blogspot.com\/2013\/02\/fracking-rentabilidad-energetica.html\" target=\"_blank\" rel=\"noreferrer noopener\">la t\u00e9cnica del&nbsp;<em>fracking<\/em><\/a>, sobre todo en los Estados Unidos. Al refinar este petr\u00f3leo ligero se genera una mayor proporci\u00f3n de gasolinas y naftas y una menor de di\u00e9sel y querosenos. Este problema podr\u00eda ser compensado introduciendo mezclas adecuadas de petr\u00f3leos y haciendo adaptaciones en las refiner\u00edas, pero lo cierto es que la inversi\u00f3n en refiner\u00edas est\u00e1 disminuyendo. Y es que, consistentemente, las petroleras no solo han desinvertido en exploraci\u00f3n y desarrollo de nuevos yacimientos (record\u00e9moslo, un 60% desde los m\u00e1ximos de 2014),<\/p>\n\n\n\n<figure class=\"wp-block-image\"><a href=\"https:\/\/blogger.googleusercontent.com\/img\/b\/R29vZ2xl\/AVvXsEio5Tq7AbjFBHVCVMz_rGnfMEFSd6-vhg9cQl4jU-P8nzaxekevfU_rWOn13ZLu02P6uf3xdTHagLC0xEzRcB2t6_ZbCRFURdcBjDiAO9G4fp-HikcrHNk4lMJBamq4_Snrwmf_O8m5kxuDnTyKlmAcJYhNQKT4WKa2dYh6_rnifbK4LnnUd3fUKI-Z\/s1199\/oil-divestment-2021.jpg\" target=\"_blank\" rel=\"noreferrer noopener\"><img decoding=\"async\" src=\"https:\/\/blogger.googleusercontent.com\/img\/b\/R29vZ2xl\/AVvXsEio5Tq7AbjFBHVCVMz_rGnfMEFSd6-vhg9cQl4jU-P8nzaxekevfU_rWOn13ZLu02P6uf3xdTHagLC0xEzRcB2t6_ZbCRFURdcBjDiAO9G4fp-HikcrHNk4lMJBamq4_Snrwmf_O8m5kxuDnTyKlmAcJYhNQKT4WKa2dYh6_rnifbK4LnnUd3fUKI-Z\/w640-h338\/oil-divestment-2021.jpg\" alt=\"\"\/><\/a><\/figure>\n\n\n\n<p>es que adem\u00e1s tampoco est\u00e1n invirtiendo en las refiner\u00edas, en algunos pa\u00edses desde hace d\u00e9cadas. As\u00ed que incluso&nbsp;<a href=\"https:\/\/www.bloomberg.com\/news\/articles\/2022-05-13\/gasoline-diesel-jet-fuel-refining-capacity-is-too-low-in-the-us-to-meet-demand\" target=\"_blank\" rel=\"noreferrer noopener\">en pa\u00edses como los EE.UU. hay un problema de escasez de combustibles<\/a>, aunque es un problema ahora mismo extendid\u00edsimo; por poner unos ejemplos:&nbsp;<a href=\"https:\/\/www.reuters.com\/markets\/commodities\/uk-diesel-shortage-shows-need-caution-sanctions-2022-05-25\/\" rel=\"noreferrer noopener\" target=\"_blank\">Reino Unido<\/a>,&nbsp;<a href=\"https:\/\/hungarytoday.hu\/closed-gas-petrol-stations-fuel-prices-capped-price-cap-hungary-supply-problems\/\" rel=\"noreferrer noopener\" target=\"_blank\">Hungr\u00eda<\/a>,&nbsp;<a href=\"https:\/\/www.npr.org\/2022\/05\/20\/1100326160\/sri-lanka-closes-schools-limits-work-amid-fuel-shortage?t=1655674733444\" target=\"_blank\" rel=\"noreferrer noopener\">Sri Lanka<\/a>,&nbsp;<a href=\"https:\/\/thediplomat.com\/2022\/05\/lao-economy-grinding-to-a-halt-as-fuel-crisis-deepens\/\" rel=\"noreferrer noopener\" target=\"_blank\">Laos<\/a>,&nbsp;<a href=\"https:\/\/www.business-standard.com\/article\/economy-policy\/private-players-seek-govt-intervention-as-fuel-shortage-rises-in-india-122061900567_1.html\" rel=\"noreferrer noopener\" target=\"_blank\">India<\/a>,&nbsp;<a href=\"https:\/\/www.dawn.com\/news\/1691636\" rel=\"noreferrer noopener\" target=\"_blank\">Paquist\u00e1n<\/a>,&nbsp;<a href=\"https:\/\/allafrica.com\/stories\/202205250222.html\" rel=\"noreferrer noopener\" target=\"_blank\">Kenia<\/a>,&nbsp;<a href=\"https:\/\/news.un.org\/en\/story\/2022\/05\/1117352\" rel=\"noreferrer noopener\" target=\"_blank\">Senegal<\/a>,&nbsp;<a href=\"https:\/\/africa.businessinsider.com\/local\/markets\/fuel-scarcity-in-nigeria-nnpc-explains-why-long-queues-have-returned-in-abuja\/tlwp9d8\" rel=\"noreferrer noopener\" target=\"_blank\">Nigeria<\/a>&nbsp;(pa\u00eds que por cierto exporta petr\u00f3leo a Espa\u00f1a),&nbsp;<a href=\"https:\/\/simpleflying.com\/johannesburg-fuel-shortage-latest\/\" rel=\"noreferrer noopener\" target=\"_blank\">Sud\u00e1frica<\/a>,&nbsp;<a href=\"https:\/\/mase.lmneuquen.com\/venezuela\/por-la-escasez-venezuela-permitira-cobrar-el-diesel-dolares-n915850\" rel=\"noreferrer noopener\" target=\"_blank\">Venezuela<\/a>,&nbsp;<a href=\"https:\/\/zoklending.com\/there-is-a-risk-of-a-diesel-shortage-in-june-say-industry-representatives\/\" rel=\"noreferrer noopener\" target=\"_blank\">Brasil<\/a>,&nbsp;<a href=\"https:\/\/panamericana.pe\/24horas\/locales\/350291-combustibles-reportan-escasez-glp-lima-sube-precio-11-soles\" rel=\"noreferrer noopener\" target=\"_blank\">Per\u00fa<\/a>,&nbsp;<a href=\"https:\/\/www.elcomercio.com\/uncategorized\/gasolineras-desabastecimiento-combustibles-paro-nacional.html\" rel=\"noreferrer noopener\" target=\"_blank\">Ecuador<\/a>,&nbsp;<a href=\"https:\/\/twitter.com\/amturiel\/status\/1531298825431826432\" rel=\"noreferrer noopener\" target=\"_blank\">Bolivia<\/a>&nbsp;o&nbsp;<a href=\"https:\/\/www.lostiempos.com\/actualidad\/economia\/20220524\/argentina-tambien-falta-diesel-sus-autoridades-cuestionan-transito\" target=\"_blank\" rel=\"noreferrer noopener\">Argentina<\/a>. Y luego otros sitios donde sale el Gobierno a decir que&nbsp;<a href=\"https:\/\/kaztag.kz\/en\/news\/there-is-no-shortage-of-fuel-and-lubricants-in-kazakhstan-sklyar\" target=\"_blank\" rel=\"noreferrer noopener\">\u201cno hay escasez\u201d, como en Kazajist\u00e1n<\/a>. Muchos de estos pa\u00edses son productores de petr\u00f3leo pero a\u00fan as\u00ed se enfrentan a una situaci\u00f3n de escasez de combustibles, en parte por el descenso de la producci\u00f3n de petr\u00f3leo desde el m\u00e1ximo de noviembre de 2018, en parte por la cuesti\u00f3n de la desinversi\u00f3n en refiner\u00edas. La crisis, que afecta sobre todo al di\u00e9sel, genera efectos rebote en el resto de combustibles, y particularmente en el queroseno, ya que se puede a\u00f1adir una peque\u00f1a proporci\u00f3n de queroseno al di\u00e9sel y se est\u00e1 haciendo para paliar la rampante escasez del mismo. De hecho, el problema de escasez de combustibles es tan rampante ahora mismo en la mayor\u00eda del mundo que sorprende la enorme ceguera de los europeos (excepto los que lo viven en sus carnes, como los h\u00fangaros) sobre este tema, y c\u00f3mo es que no anticipan que pronto les va a afectar a ellos, m\u00e1xime cuando<a href=\"https:\/\/nypost.com\/2022\/05\/31\/summer-fuel-shortages-could-be-worse-than-1970s-oil-crisis\/\" target=\"_blank\" rel=\"noreferrer noopener\">&nbsp;la Agencia Internacional de la Energ\u00eda dice que van a faltar combustibles este mismo verano, \u201cespecialmente en Europa\u201d<\/a>.<\/p>\n\n\n\n<p>La escasez de energ\u00eda en general, y de di\u00e9sel en particular, est\u00e1 llevando a una situaci\u00f3n de escasez de alimentos. Muchos pa\u00edses est\u00e1n tomando medidas proteccionistas porque no est\u00e1n seguros de contar con alimentos para su propia poblaci\u00f3n:&nbsp;&nbsp;<a href=\"https:\/\/www.fao.org\/giews\/food-prices\/food-policies\/detail\/en\/c\/1477294\/\" target=\"_blank\" rel=\"noreferrer noopener\">Rusia dej\u00f3 de exportar cereales en marzo<\/a>, y tampoco Ucrania puede exportar ahora mismo con la guerra que les ha tra\u00eddo Rusia devastando su territorio. Tambi\u00e9n&nbsp;<a href=\"https:\/\/thediplomat.com\/2022\/04\/kazakhstan-imposes-quota-on-wheat-exports\/\" target=\"_blank\" rel=\"noreferrer noopener\">Kazajist\u00e1n<\/a>&nbsp;y la&nbsp;<a href=\"https:\/\/www.eastasiaforum.org\/2022\/06\/16\/a-closer-look-at-indias-wheat-export-ban\/\" target=\"_blank\" rel=\"noreferrer noopener\">India<\/a>&nbsp;han prohibido exportar trigo.&nbsp;<a href=\"https:\/\/www.theguardian.com\/world\/2022\/jun\/01\/like-mcdonalds-with-no-burgers-singapore-faces-chicken-shortage-as-malaysia-bans-export\" target=\"_blank\" rel=\"noreferrer noopener\">Malasia ya no exporta pollo<\/a>&nbsp;e&nbsp;<a href=\"https:\/\/www.reuters.com\/business\/indonesias-palm-oil-export-ban-leaves-global-buyers-with-no-plan-b-2022-04-25\/\" target=\"_blank\" rel=\"noreferrer noopener\">Indonesia ha prohibido las exportaciones de aceite de palma<\/a>. Todo eso en un a\u00f1o en que la fuerte sequ\u00eda en muchas regiones agr\u00edcolas de todo el planeta anticipa unas malas cosechas generalizadas, mientras en Espa\u00f1a vivimos la segunda ola de calor del a\u00f1o y ni siquiera ha llegado el verano. Todo eso en un contexto en el que a nivel mundial&nbsp;<a href=\"https:\/\/www.insider.com\/world-has-10-weeks-of-wheat-supplies-left-in-storage-food-expert-warns-2022-5\" target=\"_blank\" rel=\"noreferrer noopener\">nos queda trigo para seis semanas m\u00e1s<\/a>, justo para acabar la pr\u00f3xima cosecha, pero ya no tendremos reservas, se acab\u00f3 la despensa y seremos m\u00e1s vulnerables que nunca. Todo eso, tenemos. El pasado mes de octubre la FAO avisaba que \u00edbamos hacia una crisis alimentaria mundial sin precedentes, con sus \u00edndices de precios en m\u00e1ximos hist\u00f3ricos.<\/p>\n\n\n\n<figure class=\"wp-block-image\"><a href=\"https:\/\/blogger.googleusercontent.com\/img\/b\/R29vZ2xl\/AVvXsEgw4m1T9hxB2ixWc7tCpAzet9Tt6JBush7JR3X7NT6rY69j06fXzfTkDhdUpIqqn23U5mgNCOfmyTvoEP98KGkTuyQF_Jh40_WwTiv71ck7GHJWAhSLGxd-9AezATxs-2YKNqp7OXwNW8Y5R6IkxfVNxAP5bRdf45G1gJaifSfG7JM5zzn8fqp-HKxW\/s597\/Fao-price-index-june2022.jpg\" target=\"_blank\" rel=\"noreferrer noopener\"><img decoding=\"async\" src=\"https:\/\/blogger.googleusercontent.com\/img\/b\/R29vZ2xl\/AVvXsEgw4m1T9hxB2ixWc7tCpAzet9Tt6JBush7JR3X7NT6rY69j06fXzfTkDhdUpIqqn23U5mgNCOfmyTvoEP98KGkTuyQF_Jh40_WwTiv71ck7GHJWAhSLGxd-9AezATxs-2YKNqp7OXwNW8Y5R6IkxfVNxAP5bRdf45G1gJaifSfG7JM5zzn8fqp-HKxW\/w640-h308\/Fao-price-index-june2022.jpg\" alt=\"\"\/><\/a><\/figure>\n\n\n\n<p>Actualmente,&nbsp;<a href=\"https:\/\/www.bbc.com\/news\/business-61171529\" target=\"_blank\" rel=\"noreferrer noopener\">el Banco Mundial habla de \u201ccat\u00e1strofe humanitaria\u201d<\/a>&nbsp;que va a afectar al 40% de la poblaci\u00f3n mundial este a\u00f1o. Aqu\u00ed, en la pr\u00f3spera e indolente Europa, tambi\u00e9n se va a notar. Ya se est\u00e1 notando en una fuerte inflaci\u00f3n de los alimentos, y probablemente de ah\u00ed no pasar\u00e1 la cosa, pero en otros pa\u00edses habr\u00e1 hambrunas y revueltas, porque de hecho ya las est\u00e1 habiendo: repasen la lista de pa\u00edses que di m\u00e1s arriba hablando de la escasez de combustibles y ver\u00e1n que en la mitad de ellos ya hay revueltas del hambre. Y recen para que el comercio mundial no se vea excesivamente afectado, o que el mundo deje de considerar el euro una divisa fiable, porque si no quiz\u00e1 nosotros mismos tambi\u00e9n tendr\u00edamos algunos problemas con los alimentos\u2026<\/p>\n\n\n\n<p>En medio de esta crisis desatada, de este desastre en progreso, de este caos que solo crece, la desorientaci\u00f3n de nuestros l\u00edderes es sangrante. En EE.UU.,&nbsp;<a href=\"https:\/\/www.bloomberg.com\/news\/articles\/2022-06-15\/biden-willing-to-use-emergency-war-time-law-to-boost-gasoline\" target=\"_blank\" rel=\"noreferrer noopener\">la Administraci\u00f3n Biden amenaza con utilizar una ley de tiempos de guerra para obligar a las petroleras a sacar m\u00e1s combustible de las refiner\u00edas<\/a>, a pesar de que eso sea qu\u00edmica y termodin\u00e1micamente imposible. Si esto falla, la \u00faltima carta es prohibir la exportaciones de productos petrol\u00edferos fuera de los EE.UU., con consecuencias a escala mundial. Al otro lado del Atl\u00e1ntico la desorientaci\u00f3n no es mucho menor: en febrero&nbsp;<a href=\"https:\/\/www.dw.com\/en\/european-commission-declares-nuclear-and-gas-to-be-green\/a-60614990\" target=\"_blank\" rel=\"noreferrer noopener\">la Comisi\u00f3n Europea declar\u00f3 la nuclear y el gas como \u201cenerg\u00edas verdes\u201d (<\/a>decisi\u00f3n ahora contestada por el Parlamento Europeo), pero lo que es peor es que en el reciente paquete de medidas REpowerEU se ha decidido incrementar el uso del carb\u00f3n un 5% respecto a los niveles actuales, durante 15 a\u00f1os, para compensar la falta de gas ruso, tirando as\u00ed a la basura tres d\u00e9cadas de legislaci\u00f3n europea en la lucha contra el Cambio Clim\u00e1tico. Porque, no nos enga\u00f1emos, la transici\u00f3n energ\u00e9tica nunca se bas\u00f3 en una preocupaci\u00f3n por el clima y el medio ambiente: el tel\u00f3n de fondo era asegurar el mantenimiento del sistema econ\u00f3mico actual, usando para ello las fuentes de energ\u00eda que fueran necesarias; y si las renovables no valen, pues bueno es el carb\u00f3n. Mientras tanto, se intenta dar un impulso desesperado a las renovables con los fondos NextGenerationEU, a ver si por casualidad suena la flauta y salvamos el capitalismo, aunque&nbsp;<a href=\"https:\/\/crashoil.blogspot.com\/2021\/05\/algunas-preguntas-incomodas.html\" target=\"_blank\" rel=\"noreferrer noopener\">ya sabemos que son una falsa soluci\u00f3n<\/a>.<\/p>\n\n\n\n<p>Atenci\u00f3n a las pr\u00f3ximas semanas, porque pronto, muy pronto, se va discutir&nbsp;<a href=\"https:\/\/crashoil.blogspot.com\/2022\/04\/modelos-de-racionamiento.html\" target=\"_blank\" rel=\"noreferrer noopener\">sobre el racionamiento<\/a>. Ser\u00e1 interesante ver c\u00f3mo se compatibiliza con el libre mercado, o c\u00f3mo se pretende hacer ver que se ha hecho compatible.<\/p>\n\n\n\n<p>\u00c9sta es la cr\u00f3nica por el momento. Seguiremos actualiz\u00e1ndola cuando convenga, probablemente varias veces en este a\u00f1o turbulento.<\/p>\n\n\n\n<p>Salu2.<\/p>\n\n\n\n<p>AMT<\/p>\n","protected":false},"excerpt":{"rendered":"<p>Antonio M. Turiel Fuente: Kaos en la Red Queridos lectores: He pasado unas semanas excepcionalmente ajetreadas, con mucho trabajo y una cantidad desmesurada de charlas y actos (44 de momento en este 2022), aparte de multitud de entrevistas en diversos medios (creo que salgo a una media de 3 por semana, m\u00e1s o menos). En [&hellip;]<\/p>\n","protected":false},"author":1,"featured_media":1634,"comment_status":"open","ping_status":"open","sticky":false,"template":"","format":"standard","meta":{"footnotes":""},"categories":[4],"tags":[],"_links":{"self":[{"href":"http:\/\/www.movimientocaamanista.com\/index.php?rest_route=\/wp\/v2\/posts\/7099"}],"collection":[{"href":"http:\/\/www.movimientocaamanista.com\/index.php?rest_route=\/wp\/v2\/posts"}],"about":[{"href":"http:\/\/www.movimientocaamanista.com\/index.php?rest_route=\/wp\/v2\/types\/post"}],"author":[{"embeddable":true,"href":"http:\/\/www.movimientocaamanista.com\/index.php?rest_route=\/wp\/v2\/users\/1"}],"replies":[{"embeddable":true,"href":"http:\/\/www.movimientocaamanista.com\/index.php?rest_route=%2Fwp%2Fv2%2Fcomments&post=7099"}],"version-history":[{"count":1,"href":"http:\/\/www.movimientocaamanista.com\/index.php?rest_route=\/wp\/v2\/posts\/7099\/revisions"}],"predecessor-version":[{"id":7100,"href":"http:\/\/www.movimientocaamanista.com\/index.php?rest_route=\/wp\/v2\/posts\/7099\/revisions\/7100"}],"wp:featuredmedia":[{"embeddable":true,"href":"http:\/\/www.movimientocaamanista.com\/index.php?rest_route=\/wp\/v2\/media\/1634"}],"wp:attachment":[{"href":"http:\/\/www.movimientocaamanista.com\/index.php?rest_route=%2Fwp%2Fv2%2Fmedia&parent=7099"}],"wp:term":[{"taxonomy":"category","embeddable":true,"href":"http:\/\/www.movimientocaamanista.com\/index.php?rest_route=%2Fwp%2Fv2%2Fcategories&post=7099"},{"taxonomy":"post_tag","embeddable":true,"href":"http:\/\/www.movimientocaamanista.com\/index.php?rest_route=%2Fwp%2Fv2%2Ftags&post=7099"}],"curies":[{"name":"wp","href":"https:\/\/api.w.org\/{rel}","templated":true}]}}