{"id":7104,"date":"2022-07-24T13:30:56","date_gmt":"2022-07-24T13:30:56","guid":{"rendered":"http:\/\/www.movimientocaamanista.com\/?p=7104"},"modified":"2022-07-24T13:30:58","modified_gmt":"2022-07-24T13:30:58","slug":"definir-la-policrisis-de-la-imagen-a-la-matrix-de-la-crisis","status":"publish","type":"post","link":"http:\/\/www.movimientocaamanista.com\/?p=7104","title":{"rendered":"Definir la policrisis: de la imagen a la matrix de la crisis"},"content":{"rendered":"\n<p>Adam Tooze<\/p>\n\n\n\n<p>Fuente: <a href=\"https:\/\/sinpermiso.info\/textos\/definir-la-policrisis-de-la-imagen-a-la-matrix-de-la-crisis\">Sin Permiso<\/a><\/p>\n\n\n\n<p>En&nbsp;<a href=\"https:\/\/adamtooze.substack.com\/p\/chartbook-73-crisis-pictures-krisenbilder\">mi Chartbook #73<\/a>,&nbsp;&nbsp;all\u00e1 por el 21 de enero de este a\u00f1o, propuse una&nbsp;<em>Krisenbilder<\/em>&nbsp;(imagen de crisis) como una forma de dar sentido a lo que entonces parec\u00eda un patr\u00f3n complicado de tensiones en la escena mundial.<\/p>\n\n\n\n<figure class=\"wp-block-image\"><a href=\"https:\/\/substackcdn.com\/image\/fetch\/f_auto,q_auto:good,fl_progressive:steep\/https%3A%2F%2Fbucketeer-e05bbc84-baa3-437e-9518-adb32be77984.s3.amazonaws.com%2Fpublic%2Fimages%2F1d87a287-40f8-46ab-bb8b-e9f34768f506_1948x1000.png\" target=\"_blank\" rel=\"noreferrer noopener\"><img decoding=\"async\" src=\"https:\/\/substackcdn.com\/image\/fetch\/w_1456,c_limit,f_auto,q_auto:good,fl_progressive:steep\/https%3A%2F%2Fbucketeer-e05bbc84-baa3-437e-9518-adb32be77984.s3.amazonaws.com%2Fpublic%2Fimages%2F1d87a287-40f8-46ab-bb8b-e9f34768f506_1948x1000.png\" alt=\"\"\/><\/a><\/figure>\n\n\n\n<p>Propuse el esquema porque parec\u00eda una forma \u00fatil de mapear fuerzas interconectadas de forma heur\u00edstica.&nbsp;Al final result\u00f3 que logr\u00f3 capturar muchas de las din\u00e1micas que posteriormente convulsionaron al mundo.<\/p>\n\n\n\n<p>Eso fue el 21 de enero.&nbsp;La guerra desatada por Rusia el 24 de febrero ha aumentado espectacularmente la escala de la tensi\u00f3n y la complejidad de las interconexiones.<\/p>\n\n\n\n<p>Lo que una vez fue un mapa relativamente legible se ha convertido en un aut\u00e9ntico enredo.<\/p>\n\n\n\n<figure class=\"wp-block-image\"><a href=\"https:\/\/substackcdn.com\/image\/fetch\/f_auto,q_auto:good,fl_progressive:steep\/https%3A%2F%2Fbucketeer-e05bbc84-baa3-437e-9518-adb32be77984.s3.amazonaws.com%2Fpublic%2Fimages%2F51816835-1800-45f7-a553-0ef4422f073d_2138x1188.png\" target=\"_blank\" rel=\"noreferrer noopener\"><img decoding=\"async\" src=\"https:\/\/substackcdn.com\/image\/fetch\/w_1456,c_limit,f_auto,q_auto:good,fl_progressive:steep\/https%3A%2F%2Fbucketeer-e05bbc84-baa3-437e-9518-adb32be77984.s3.amazonaws.com%2Fpublic%2Fimages%2F51816835-1800-45f7-a553-0ef4422f073d_2138x1188.png\" alt=\"\"\/><\/a><\/figure>\n\n\n\n<p>No reclamo ninguna originalidad para el ejercicio.&nbsp;Todas estas conexiones se discuten de forma rutinaria en el an\u00e1lisis inteligente.&nbsp;Pero juntar todas estas influencias bien conocidas en un solo gr\u00e1fico transmite una idea de la situaci\u00f3n compleja con la que estamos lidiando.<\/p>\n\n\n\n<p>Para complicar a\u00fan m\u00e1s las cosas, esta presentaci\u00f3n sincr\u00f3nica oscurece la g\u00e9nesis hist\u00f3rica de estas fuerzas.&nbsp;Las tensiones en los mercados de energ\u00eda y alimentos ya eran muy evidentes en 2021. La guerra ha tenido el impacto que tiene porque ha exacerbado las tensiones existentes.&nbsp;Los precios de los alimentos ya estaban subiendo en 2021 y avisaban de una crisis por venir.&nbsp;Los mercados energ\u00e9ticos estaban en tensi\u00f3n mucho antes de que estallara la guerra.&nbsp;Ahora ambos factores estresantes est\u00e1n relacionados con la guerra.<\/p>\n\n\n\n<p>He resaltado en rojo lo que emerge como una serie de riesgos macrosc\u00f3picos, todos los cuales pueden llegar a un punto cr\u00edtico en los pr\u00f3ximos 6 a 18 meses.<\/p>\n\n\n\n<p>Todos ellos, desde el riesgo de una escalada nuclear hasta la estanflaci\u00f3n global, son familiares por los comentarios p\u00fablicos sobre la crisis.&nbsp;La selecci\u00f3n es discutible.&nbsp;\u00bfDebe clasificarse la crisis de la deuda de los mercados emergentes\/pa\u00edses de bajos ingresos (ME\/LIC) como un riesgo macrosc\u00f3pico?&nbsp;Quiz\u00e1s.<\/p>\n\n\n\n<p>Lo que parece digno de menci\u00f3n es, en primer lugar, cu\u00e1ntos desaf\u00edos radicales hay en nuestro radar.&nbsp;Cuento siete, sin siquiera incluir una crisis de deuda en varios ME\/LIC.<\/p>\n\n\n\n<p>En segundo lugar, lo que llama la atenci\u00f3n es la profunda incertidumbre que rodea a varios de ellos (por ejemplo, nuevas variantes de COVID, o una escalada nuclear).&nbsp;Estos son riesgos implicitos posibles que ya no se pueden ignorar, pero a los que es dif\u00edcil asociar una probabilidad real.&nbsp;<\/p>\n\n\n\n<p>En tercer lugar, est\u00e1n sucediendo todos a la vez y varios de ellos se refuerzan entre s\u00ed.&nbsp;Para principios de 2023, es muy posible que veamos una nueva variante peligrosa de COVID que derrote incluso a las mejores vacunas, un giro hacia el uso activo de armas nucleares en la guerra en Ucrania, un partido republicano desenfrenado bajo la bandera de MAGA, estanflaci\u00f3n global y un aumento de los precios de los combustibles f\u00f3siles para hacer frente a la creciente escasez de energ\u00eda. Adem\u00e1s, en Europa, la ruptura de la coalici\u00f3n de Mario Draghi en Italia, lo que ayud\u00f3 a desencadenar un aumento de los diferenciales en la zona euro que se encontr\u00f3 con una respuesta inadecuada del BCE.<\/p>\n\n\n\n<p>Tendr\u00edamos mala suerte si todas esas cosas sucedieran.&nbsp;Pero es casi inconcebible que al menos una de ellas no lo haga.&nbsp;La derrota de los dem\u00f3cratas en EE.UU. es seguramente el resultado m\u00e1s probable de las pr\u00f3ximas elecciones parciales.<\/p>\n\n\n\n<p>Algunas de estas crisis son lo que podr\u00edamos llamar generales.&nbsp;Una nueva variante letal de COVID cambiar\u00eda las reglas del juego en todos los aspectos.&nbsp;Lo mismo podr\u00eda decirse de un movimiento de Rusia hacia el uso de armas nucleares.<\/p>\n\n\n\n<p>Otras fuerzas de la crisis tienden a compensarse entre s\u00ed.&nbsp;Una nueva ola de bloqueos por COVID en China probablemente ayudar\u00eda a romper el impulso en los mercados de productos b\u00e1sicos y tender\u00eda a empujar a la baja los precios de cosas como el petr\u00f3leo y el hierro, aliviando la presi\u00f3n inflacionaria.<\/p>\n\n\n\n<p>Otros efectos son m\u00e1s ambiguos.&nbsp;Si un Partido Republicano trumpista regresa al poder en Washington, probablemente reducir\u00e1 la presi\u00f3n en el Congreso para aumentar la escalada en la lucha con Rusia.&nbsp;Por otro lado, puede hacer que la administraci\u00f3n de Biden sea m\u00e1s agresiva, ya que la pol\u00edtica exterior ser\u00e1 una de sus \u00fanicas cartas de triunfo, y alrededor de la cual podr\u00eda encontrar mayor\u00edas en el Senado.<\/p>\n\n\n\n<p>Para tratar de resumir estos efectos, compil\u00e9 la siguiente matriz de interacciones entre los diferentes riesgos macrosc\u00f3picos que enfrentamos durante los pr\u00f3ximos 6 a 18 meses, totalmente provisional y muy discutible.&nbsp;La pregunta que hace la tabla es c\u00f3mo los riesgos enumerados en cada fila de la columna 1 afectan los riesgos presentados de izquierda a derecha en la tabla.<\/p>\n\n\n\n<p>En aras de la claridad, he dividido el riesgo de estanflaci\u00f3n en riesgo de recesi\u00f3n y riesgo de aceleraci\u00f3n de la inflaci\u00f3n.<\/p>\n\n\n\n<figure class=\"wp-block-image\"><a href=\"https:\/\/substackcdn.com\/image\/fetch\/f_auto,q_auto:good,fl_progressive:steep\/https%3A%2F%2Fbucketeer-e05bbc84-baa3-437e-9518-adb32be77984.s3.amazonaws.com%2Fpublic%2Fimages%2F764f3f83-9294-4399-ac79-118a3d0d2ea3_1972x454.png\" target=\"_blank\" rel=\"noreferrer noopener\"><img decoding=\"async\" src=\"https:\/\/substackcdn.com\/image\/fetch\/w_2400,c_limit,f_auto,q_auto:good,fl_progressive:steep\/https%3A%2F%2Fbucketeer-e05bbc84-baa3-437e-9518-adb32be77984.s3.amazonaws.com%2Fpublic%2Fimages%2F764f3f83-9294-4399-ac79-118a3d0d2ea3_1972x454.png\" alt=\"\"\/><\/a><\/figure>\n\n\n\n<p>Lo que esta matriz nos ayuda a hacer es distinguir tipos de riesgo por el grado y tipo de su interconexi\u00f3n.<\/p>\n\n\n\n<p>El riesgo de escalada nuclear destaca por no verse afectado significativamente por ninguno de los otros riesgos.&nbsp;Se decidir\u00e1 por la l\u00f3gica de la guerra y la toma de decisiones en Mosc\u00fa y Washington.&nbsp;Una crisis alimentaria no hace que una escalada nuclear sea m\u00e1s o menos probable.&nbsp;Por otro lado, una escalada nuclear, por decir lo menos, aumentar\u00eda dram\u00e1ticamente varios de los otros riesgos.<\/p>\n\n\n\n<p>Es probable que la inflaci\u00f3n continua actuando como un impulsor de varios otros riesgos, pero esos riesgos a su vez (COVID, recesi\u00f3n, crisis de deuda soberana de EZ) probablemente reducir\u00e1n el riesgo de inflaci\u00f3n.&nbsp;No dir\u00eda que esto es un pron\u00f3stico, pero s\u00ed me lleva a pensar que la inflaci\u00f3n ser\u00e1 transitoria.&nbsp;La mayor\u00eda de los grandes shocks que podemos esperar tienden a tener un impacto deflacionario.<\/p>\n\n\n\n<p>Por el contrario, una recesi\u00f3n parece cada vez m\u00e1s probable, en parte porque el efecto de la mayor\u00eda de los shocks negativos que podemos esperar (del COVID, el aumento de la inflaci\u00f3n o un punto muerto fiscal en el Congreso) apuntan en esa direcci\u00f3n.<\/p>\n\n\n\n<p>El pr\u00f3ximo paso obvio es preguntar si los ciclos de retroalimentaci\u00f3n en la matriz son positivos o negativos. Por ejemplo, una recesi\u00f3n hace m\u00e1s probable una crisis de deuda soberana en la Eurozona, lo que a su vez desencadenar\u00eda serias presiones deflacionarias en toda Europa. Por el contrario, la inflaci\u00f3n de hecho parece calmarse a s\u00ed misma. Los efectos que produce tienden m\u00e1s a amortiguar la inflaci\u00f3n que a alimentar una aceleraci\u00f3n. Al menos como he especificado la matriz aqu\u00ed.<\/p>\n\n\n\n<p>Una crisis mundial alimentaria parece alarmantemente probable, en parte porque todos los dem\u00e1s riesgos principales exacerbar\u00e1n ese problema.&nbsp;Sin embargo, una crisis de hambre afectar\u00e1 en gran medida a las personas pobres e impotentes en los pa\u00edses de bajos ingresos, por lo que es poco probable que retroalimente y exacerbe cualquiera de las otras crisis importantes.&nbsp;Es un efecto de las fuerzas que operan en otros lugares, m\u00e1s que un impulsor de la escalada.<\/p>\n\n\n\n<p>En esta medida, la matriz se convierte en una forma de trazar la jerarqu\u00eda de poder del desarrollo desigual y combinado.&nbsp;Algunas personas sufren los shocks.&nbsp;Otros los evaden.<\/p>\n\n\n\n<p>No estoy atado a este boceto o esta matriz de otra manera que no sea de forma heur\u00edstica.&nbsp;El an\u00e1lisis podr\u00eda multiplicarse y expandirse en muchas direcciones.&nbsp;Con respecto a la crisis alimentaria, por ejemplo, nuestras conclusiones sobre su probable impacto ser\u00edan diferentes si a\u00f1adi\u00e9ramos la cuesti\u00f3n de la migraci\u00f3n.<\/p>\n\n\n\n<p>Varias de las interacciones que he etiquetado son muy discutibles.&nbsp;Algunas simplemente las he dejado en blanco, NA o marcados con un signo de interrogaci\u00f3n.&nbsp;\u00bfEs correcto, por ejemplo, asignar un efecto de escalada a la crisis clim\u00e1tica sobre la inflaci\u00f3n?&nbsp;En este caso estoy invocando el concepto de inflaci\u00f3n verde, del que soy algo esc\u00e9ptico.&nbsp;Del mismo modo, digo que una recesi\u00f3n exacerbar\u00eda la crisis clim\u00e1tica porque espero que conduzca a una recesi\u00f3n en la inversi\u00f3n verde.&nbsp;Pero estos efectos, su escala y significado est\u00e1n sujetos a debate.<\/p>\n\n\n\n<p>En general, lo que la combinaci\u00f3n de la imagen de la crisis y la matriz nos ayudan a ver es que no solo enfrentamos m\u00faltiples riesgos macrosc\u00f3picos cubiertos de gran incertidumbre, sino que sus interacciones tienden a escalar.<\/p>\n\n\n\n<p>Esto no es inevitable, no es una profec\u00eda de fatalidad.&nbsp;Pero es una evaluaci\u00f3n de riesgos m\u00faltiples y compuestos.<\/p>\n\n\n\n<p>Tal vez pueda tomarse como la definici\u00f3n de la policrisis, el concepto tomado de Jean-Claude Juncker, que invoqu\u00e9 en mi libro&nbsp;<em>Shutdown<\/em>.<\/p>\n\n\n\n<p>Una policrisis no es solo una situaci\u00f3n en la que se enfrentan m\u00faltiples crisis. Es una situaci\u00f3n como la mapeada en la matriz de riesgo, donde el todo es a\u00fan m\u00e1s peligroso que la suma de las partes.<\/p>\n","protected":false},"excerpt":{"rendered":"<p>Adam Tooze Fuente: Sin Permiso En&nbsp;mi Chartbook #73,&nbsp;&nbsp;all\u00e1 por el 21 de enero de este a\u00f1o, propuse una&nbsp;Krisenbilder&nbsp;(imagen de crisis) como una forma de dar sentido a lo que entonces parec\u00eda un patr\u00f3n complicado de tensiones en la escena mundial. Propuse el esquema porque parec\u00eda una forma \u00fatil de mapear fuerzas interconectadas de forma heur\u00edstica.&nbsp;Al [&hellip;]<\/p>\n","protected":false},"author":1,"featured_media":7105,"comment_status":"open","ping_status":"open","sticky":false,"template":"","format":"standard","meta":{"footnotes":""},"categories":[5,3],"tags":[],"_links":{"self":[{"href":"http:\/\/www.movimientocaamanista.com\/index.php?rest_route=\/wp\/v2\/posts\/7104"}],"collection":[{"href":"http:\/\/www.movimientocaamanista.com\/index.php?rest_route=\/wp\/v2\/posts"}],"about":[{"href":"http:\/\/www.movimientocaamanista.com\/index.php?rest_route=\/wp\/v2\/types\/post"}],"author":[{"embeddable":true,"href":"http:\/\/www.movimientocaamanista.com\/index.php?rest_route=\/wp\/v2\/users\/1"}],"replies":[{"embeddable":true,"href":"http:\/\/www.movimientocaamanista.com\/index.php?rest_route=%2Fwp%2Fv2%2Fcomments&post=7104"}],"version-history":[{"count":1,"href":"http:\/\/www.movimientocaamanista.com\/index.php?rest_route=\/wp\/v2\/posts\/7104\/revisions"}],"predecessor-version":[{"id":7106,"href":"http:\/\/www.movimientocaamanista.com\/index.php?rest_route=\/wp\/v2\/posts\/7104\/revisions\/7106"}],"wp:featuredmedia":[{"embeddable":true,"href":"http:\/\/www.movimientocaamanista.com\/index.php?rest_route=\/wp\/v2\/media\/7105"}],"wp:attachment":[{"href":"http:\/\/www.movimientocaamanista.com\/index.php?rest_route=%2Fwp%2Fv2%2Fmedia&parent=7104"}],"wp:term":[{"taxonomy":"category","embeddable":true,"href":"http:\/\/www.movimientocaamanista.com\/index.php?rest_route=%2Fwp%2Fv2%2Fcategories&post=7104"},{"taxonomy":"post_tag","embeddable":true,"href":"http:\/\/www.movimientocaamanista.com\/index.php?rest_route=%2Fwp%2Fv2%2Ftags&post=7104"}],"curies":[{"name":"wp","href":"https:\/\/api.w.org\/{rel}","templated":true}]}}