{"id":7186,"date":"2022-08-03T11:00:54","date_gmt":"2022-08-03T11:00:54","guid":{"rendered":"http:\/\/www.movimientocaamanista.com\/?p=7186"},"modified":"2022-08-03T11:00:56","modified_gmt":"2022-08-03T11:00:56","slug":"la-creciente-furia-de-las-masas","status":"publish","type":"post","link":"http:\/\/www.movimientocaamanista.com\/?p=7186","title":{"rendered":"La creciente furia de las masas"},"content":{"rendered":"\n<p>Editorial Workers World-Mundo Obrero<\/p>\n\n\n\n<p>Fuente: <a href=\"https:\/\/rebelion.org\/la-creciente-furia-de-las-masas\/\">Rebeli\u00f3n<\/a><\/p>\n\n\n\n<p>Decenas de miles de personas, en su mayor\u00eda j\u00f3venes, salieron a las calles con total indignaci\u00f3n los d\u00edas 24 y 25 de junio cuando el Tribunal Supremo de Estados Unidos anul\u00f3 el caso Roe contra Wade, la legalizaci\u00f3n de la protecci\u00f3n federal del derecho al aborto durante los \u00faltimos 49 a\u00f1os.<\/p>\n\n\n\n<p>Diversos grupos se apresuran a encontrar formas de garantizar el acceso al aborto a petici\u00f3n, incluyendo la provisi\u00f3n de los fondos necesarios para quienes se ven obligados a viajar cientos de kil\u00f3metros a otros estados donde las cl\u00ednicas siguen proporcionando esta atenci\u00f3n sanitaria esencial.<\/p>\n\n\n\n<p>Esta sentencia reaccionaria y b\u00e1rbara har\u00e1 retroceder el reloj para las mujeres -especialmente las de color-, as\u00ed como para las personas trans y no conformes con el g\u00e9nero. Se trata de un ataque a su derecho a elegir por s\u00ed mismas a la hora de tener o no un hijo. Esta sentencia refleja c\u00f3mo el patriarcado, la misoginia y el racismo est\u00e1n profundamente arraigados en la sociedad estadounidense.<\/p>\n\n\n\n<p>El fallo se\u00f1ala un retorno a los \u201cderechos de los estados\u201d. En un momento de la historia de Estados Unidos, los estados ten\u00edan el derecho de esclavizar a los africanos antes de que la Guerra Civil de Estados Unidos provocara la derrota militar de la Confederaci\u00f3n. Un pol\u00edtico derechista pro-vida tuvo el descaro sin paliativos de poner un signo de igualdad entre el fin del aborto y el fin de la esclavitud.&nbsp;<\/p>\n\n\n\n<p>Esta comparaci\u00f3n pretende confundir a las masas haci\u00e9ndoles creer que para ser antirracista hay que estar en contra del aborto, cuando en realidad las mujeres negras esclavizadas fueron violadas sistem\u00e1ticamente por sus esclavizadores blancos y obligadas a llevar a t\u00e9rmino los embarazos resultantes, y el ni\u00f1o era entonces propiedad del esclavizador.<\/p>\n\n\n\n<p>En muchas de las protestas celebradas desde el 24 de junio, no s\u00f3lo hab\u00eda carteles que defend\u00edan el derecho al aborto, sino tambi\u00e9n los que dec\u00edan \u201cDesfinanciar a la polic\u00eda\u201d. Hab\u00eda pancartas como \u201c\u00a1Abolir el SCOTUS!\u201d y \u201c\u00a1Aborten el tribunal!\u201d por tener el poder de tener el destino de millones de personas en sus manos.&nbsp;<\/p>\n\n\n\n<p>Hab\u00eda pancartas que enfatizaban que el SCOTUS se preocupaba m\u00e1s de que la gente tuviera derecho a llevar armas que de que la gente tuviera derecho a un aborto. Esto fue en respuesta a una decisi\u00f3n del SCOTUS, emitida el 23 de junio, que anul\u00f3 una ley del Estado de Nueva York que prohib\u00eda a la gente llevar armas en p\u00fablico.<\/p>\n\n\n\n<p>En un informe pol\u00edtico de 1989 para una conferencia del Workers World Party\/Partido Mundo Obrero el presidente Sam Marcy declar\u00f3 en respuesta al debilitamiento de Roe v. Wade por parte de la SCOTUS: \u201cLa decisi\u00f3n sobre el aborto confirma que siempre que la burgues\u00eda est\u00e1 en crisis, dejar\u00e1 que nueve personas, no elegidas, nombradas de por vida, decidan las cuestiones m\u00e1s cr\u00edticas relativas a la vida en los Estados Unidos\u201d.<\/p>\n\n\n\n<p>Esta observaci\u00f3n es muy oportuna hoy, cuando la burgues\u00eda y su fr\u00e1gil sistema se enfrentan a una crisis econ\u00f3mica sin precedentes a escala mundial. \u00bfY qui\u00e9n se llevar\u00e1 la peor parte de esta crisis? Los derechos econ\u00f3micos y pol\u00edticos de todos los sectores de la clase trabajadora multinacional y multig\u00e9nero est\u00e1n en la cuerda floja.<\/p>\n\n\n\n<p><strong>Radicalizaci\u00f3n generalizada<\/strong><\/p>\n\n\n\n<p>Hay un viejo axioma marxista: \u201cEl ser determina la conciencia\u201d, lo que significa que las condiciones sociales moldean la forma de pensar.<\/p>\n\n\n\n<p>En cuanto a los ataques al derecho al aborto, a los derechos de los trabajadores y a la violencia policial contra la gente de color y ahora contra los manifestantes anti-SCOTUS, hay un gran potencial para que la conciencia de clase se desplace para crecer a escala masiva. La militancia y la escala de las protestas iniciales contra el SCOTUS no se han visto desde las consecuencias del linchamiento policial de George Floyd en mayo de 2020, cuando millones de personas tomaron las calles durante ese verano.<\/p>\n\n\n\n<p>Hoy, algunos est\u00e1n llamando en las redes sociales a una huelga general de mujeres y sus partidarios. Puede que sea un llamamiento prematuro, pero el empeoramiento de las condiciones aqu\u00ed y en todo el mundo para miles de millones de personas puede justificar ese llamamiento m\u00e1s pronto que tarde.<\/p>\n\n\n\n<p>Hay una ira masiva contra esta ofensiva pol\u00edtica de la derecha rabiosa y contra la ineficacia del Partido Dem\u00f3crata, que ha tenido mucho tiempo para reforzar las leyes sobre el aborto. La ira masiva expresada ahora y en los pr\u00f3ximos meses ser\u00e1 un importante bar\u00f3metro para el resultado de las elecciones de mitad de per\u00edodo de noviembre.<\/p>\n\n\n\n<p>Pero mientras estas elecciones van y vienen, lo que permanecer\u00e1 son los temas de pan y mantequilla, de vida y muerte, que impulsan a las masas a las calles. Cada vez confiar\u00e1n menos en las falsas promesas de los pol\u00edticos capitalistas para satisfacer sus necesidades humanas, como la atenci\u00f3n sanitaria, la vivienda, la educaci\u00f3n, el fin de la represi\u00f3n estatal y el derecho a organizarse.<\/p>\n\n\n\n<p>L.D. Barkley, uno de los l\u00edderes m\u00e1rtires del levantamiento de la prisi\u00f3n de Attica en 1971, declar\u00f3 que la heroica rebeli\u00f3n de la prisi\u00f3n fue \u201cel sonido antes de la furia\u201d. Pues bien, lo que estamos viendo hoy en las calles, m\u00e1s de 50 a\u00f1os despu\u00e9s, es otro recordatorio de que la furia de las masas, a pesar de los flujos y reflujos, siempre har\u00e1 estragos hasta que el pueblo obtenga justicia.<\/p>\n","protected":false},"excerpt":{"rendered":"<p>Editorial Workers World-Mundo Obrero Fuente: Rebeli\u00f3n Decenas de miles de personas, en su mayor\u00eda j\u00f3venes, salieron a las calles con total indignaci\u00f3n los d\u00edas 24 y 25 de junio cuando el Tribunal Supremo de Estados Unidos anul\u00f3 el caso Roe contra Wade, la legalizaci\u00f3n de la protecci\u00f3n federal del derecho al aborto durante los \u00faltimos [&hellip;]<\/p>\n","protected":false},"author":1,"featured_media":7187,"comment_status":"open","ping_status":"open","sticky":false,"template":"","format":"standard","meta":{"footnotes":""},"categories":[5,3],"tags":[],"_links":{"self":[{"href":"http:\/\/www.movimientocaamanista.com\/index.php?rest_route=\/wp\/v2\/posts\/7186"}],"collection":[{"href":"http:\/\/www.movimientocaamanista.com\/index.php?rest_route=\/wp\/v2\/posts"}],"about":[{"href":"http:\/\/www.movimientocaamanista.com\/index.php?rest_route=\/wp\/v2\/types\/post"}],"author":[{"embeddable":true,"href":"http:\/\/www.movimientocaamanista.com\/index.php?rest_route=\/wp\/v2\/users\/1"}],"replies":[{"embeddable":true,"href":"http:\/\/www.movimientocaamanista.com\/index.php?rest_route=%2Fwp%2Fv2%2Fcomments&post=7186"}],"version-history":[{"count":1,"href":"http:\/\/www.movimientocaamanista.com\/index.php?rest_route=\/wp\/v2\/posts\/7186\/revisions"}],"predecessor-version":[{"id":7188,"href":"http:\/\/www.movimientocaamanista.com\/index.php?rest_route=\/wp\/v2\/posts\/7186\/revisions\/7188"}],"wp:featuredmedia":[{"embeddable":true,"href":"http:\/\/www.movimientocaamanista.com\/index.php?rest_route=\/wp\/v2\/media\/7187"}],"wp:attachment":[{"href":"http:\/\/www.movimientocaamanista.com\/index.php?rest_route=%2Fwp%2Fv2%2Fmedia&parent=7186"}],"wp:term":[{"taxonomy":"category","embeddable":true,"href":"http:\/\/www.movimientocaamanista.com\/index.php?rest_route=%2Fwp%2Fv2%2Fcategories&post=7186"},{"taxonomy":"post_tag","embeddable":true,"href":"http:\/\/www.movimientocaamanista.com\/index.php?rest_route=%2Fwp%2Fv2%2Ftags&post=7186"}],"curies":[{"name":"wp","href":"https:\/\/api.w.org\/{rel}","templated":true}]}}