{"id":7220,"date":"2022-08-08T10:52:06","date_gmt":"2022-08-08T10:52:06","guid":{"rendered":"http:\/\/www.movimientocaamanista.com\/?p=7220"},"modified":"2022-08-08T10:52:07","modified_gmt":"2022-08-08T10:52:07","slug":"la-situacion-insostenible-que-presenta-la-crisis-energetica-en-europa","status":"publish","type":"post","link":"http:\/\/www.movimientocaamanista.com\/?p=7220","title":{"rendered":"La situaci\u00f3n insostenible que presenta la crisis energ\u00e9tica en Europa"},"content":{"rendered":"\n<p>Futuro, ciencia ficci\u00f3n y Matrix<\/p>\n\n\n\n<p>Fuente: <a href=\"https:\/\/kaosenlared.net\/la-situacion-insostenible-que-presenta-la-crisis-energetica-en-europa\/\">Kaos en la Red<\/a><\/p>\n\n\n\n<p>Pod\u00eda poner muchos ejemplos como la situaci\u00f3n en el tercer mundo y esa cascada de incumplimientos que puede empezar a saltar detr\u00e1s de la ca\u00edda de Sri Lanka.<\/p>\n\n\n\n<p><a href=\"https:\/\/financialpost.com\/pmn\/business-pmn\/historic-cascade-of-defaults-is-coming-for-emerging-markets\">https:\/\/financialpost.com\/pmn\/business-pmn\/historic-cascade-of-defaults-is-coming-for-emerging-markets<\/a><\/p>\n\n\n\n<p>Sri Lanka fue la primera naci\u00f3n en dejar de pagar a sus tenedores de bonos extranjeros este a\u00f1o, agobiado por los costos de alimentos y combustible dif\u00edciles de manejar que avivaron las protestas y el caos pol\u00edtico.&nbsp;Rusia sigui\u00f3 en junio despu\u00e9s de quedar atrapada en una red de sanciones.<\/p>\n\n\n\n<p>Ahora, la atenci\u00f3n se centra en El Salvador, Ghana, Egipto, T\u00fanez y Pakist\u00e1n, naciones que Bloomberg Economics considera vulnerables al incumplimiento.&nbsp;A medida que el costo de asegurar la deuda de los mercados emergentes contra la falta de pago aumenta al nivel m\u00e1s alto desde que Rusia invadi\u00f3 Ucrania, la economista jefe del Banco Mundial, Carmen Reinhart, y los especialistas en deuda de mercados emergentes a largo plazo, como la cartera de Elliott Management, tambi\u00e9n est\u00e1n preocupados. gerente Jay Newman.<\/p>\n\n\n\n<p>Tambi\u00e9n se puede mencionar la hiperinflaci\u00f3n de Turqu\u00eda o Argentina que est\u00e1 carcomiendo esas econom\u00edas, as\u00ed como la extensi\u00f3n del hambre, que afecta a muchos pa\u00edses pobres.<\/p>\n\n\n\n<p><a href=\"https:\/\/www.dw.com\/en\/un-record-345-million-people-marching-to-the-brink-of-starvation\/a-62389284\">https:\/\/www.dw.com\/en\/un-record-345-million-people-marching-to-the-brink-of-starvation\/a-62389284<\/a><\/p>\n\n\n\n<p>Un alto funcionario de la ONU dijo el mi\u00e9rcoles que&nbsp;<a href=\"https:\/\/www.dw.com\/en\/un-chief-antonio-guterres-warns-of-risk-of-multiple-famines-in-2022\/a-62252148\" target=\"_blank\" rel=\"noreferrer noopener\">un r\u00e9cord de 345 millones de personas ahora padecen hambre aguda<\/a>&nbsp;en medio del aumento vertiginoso de los precios del combustible y los alimentos.<\/p>\n\n\n\n<p>David Beasley, jefe del Programa Mundial de Alimentos de la ONU, dijo que \u201cun r\u00e9cord de 345 millones de personas con hambre aguda est\u00e1n marchando al borde de la inanici\u00f3n\u201d.<\/p>\n\n\n\n<p>Esto represent\u00f3 un aumento del 24% desde los 276 millones a principios de 2022. A principios de 2020, antes de la pandemia de COVID-19, la cifra era de 135 millones.<\/p>\n\n\n\n<p>En total, entre 702 y 828 millones de personas se vieron afectadas por el hambre en 2021, 46 millones m\u00e1s que la media del a\u00f1o anterior de 722 millones.<\/p>\n\n\n\n<p>\u2014\u2014\u2014\u2014\u2014\u2014\u2014\u2014\u2014\u2014\u2014\u2014\u2014\u2014\u2014\u2014\u2014\u2014\u2014\u2014\u2014<\/p>\n\n\n\n<p><em><strong>Pero hoy quer\u00eda comentar la situaci\u00f3n insostenible que presenta la crisis energ\u00e9tica en Europa<\/strong><\/em><\/p>\n\n\n\n<p>Primero los precios del gas, completamente disparados, afectan a toda Europa.<\/p>\n\n\n\n<figure class=\"wp-block-image\"><a href=\"https:\/\/blogger.googleusercontent.com\/img\/b\/R29vZ2xl\/AVvXsEjegBhJXCUJ0uEO5Ne19CJ2m98KMufXk7kcSEIxOVoCpxYhttbzokhsm6fdqQiti-GX3JHzbgoaU7NMDkS88LXC63JOA91bWfK2SznCTskWW6RcgzYqChRAZXOCw4ukhFNfL4XilR54K765_Q8YTH9XkuoGpJvik6-cQHuOr45n8PovSbkzVjVHwR0GGQ\/s2048\/gas%20europa.jpg\" target=\"_blank\" rel=\"noreferrer noopener\"><img decoding=\"async\" src=\"https:\/\/blogger.googleusercontent.com\/img\/b\/R29vZ2xl\/AVvXsEjegBhJXCUJ0uEO5Ne19CJ2m98KMufXk7kcSEIxOVoCpxYhttbzokhsm6fdqQiti-GX3JHzbgoaU7NMDkS88LXC63JOA91bWfK2SznCTskWW6RcgzYqChRAZXOCw4ukhFNfL4XilR54K765_Q8YTH9XkuoGpJvik6-cQHuOr45n8PovSbkzVjVHwR0GGQ\/w346-h640\/gas%20europa.jpg\" alt=\"\"\/><\/a><\/figure>\n\n\n\n<p>A partir del d\u00eda 11 de Julio, el gas ruso se cierra por mantenimiento y algunos piensan que es posible, no vuelva a canalizarse hacia Europa.<\/p>\n\n\n\n<p><a href=\"https:\/\/www.eleconomista.es\/energia\/noticias\/11848317\/07\/22\/Rusia-para-el-Nord-Stream-11-dias-en-julio-por-mantenimiento-y-Alemania-sospecha-que-lo-cierre-para-siempre.html\">https:\/\/www.eleconomista.es\/energia\/noticias\/11848317\/07\/22\/Rusia-para-el-Nord-Stream-11-dias-en-julio-por-mantenimiento-y-Alemania-sospecha-que-lo-cierre-para-siempre.html<\/a><\/p>\n\n\n\n<p>Von der Leyen avisa de un posible corte total del gas ruso.<\/p>\n\n\n\n<p><a href=\"https:\/\/www.elmundo.es\/economia\/2022\/07\/06\/62c5511ee4d4d87a188b45f0.html\">https:\/\/www.elmundo.es\/economia\/2022\/07\/06\/62c5511ee4d4d87a188b45f0.html<\/a><\/p>\n\n\n\n<p>La presidenta de la Comisi\u00f3n Europea,&nbsp;<a href=\"https:\/\/www.elmundo.es\/e\/ur\/ursula-von-der-leyen.html\" target=\"_blank\" rel=\"noreferrer noopener\">Ursula Von der Leyen<\/a>, avis\u00f3 de la necesidad de prepararse para una reducci\u00f3n o, incluso, un&nbsp;<strong>corte total del suministro de gas ruso<\/strong>. Actualmente, record\u00f3, ya hay 12 pa\u00edses que sufren este desabastecimiento de forma absoluta o parcial. Por ello, Bruselas est\u00e1 preparando un plan de emergencia, que presentar\u00e1, junto a sus todav\u00eda desconocidas herramientas, \u201ca mediados de julio\u201d y que trabajar\u00e1 junto a los&nbsp;<a href=\"https:\/\/www.elmundo.es\/economia\/2022\/06\/17\/62ac5d5de4d4d8a44e8b458f.html\" target=\"_blank\" rel=\"noreferrer noopener\">planes de contingencia nacionales<\/a>.<\/p>\n\n\n\n<p>\u201cTambi\u00e9n tenemos que prepararnos ahora para interrupciones adicionales del suministro de gas o incluso un corte total del suministro de gas ruso\u201d, advirti\u00f3 la presidenta. \u201cHoy, 12 estados miembros se ven afectados por cortes parciales o totales\u201d, record\u00f3 en referencia a pa\u00edses como&nbsp;<strong>Bulgaria, Finlandia y Polonia<\/strong>&nbsp;-que han visto&nbsp;<a href=\"https:\/\/www.elmundo.es\/economia\/2022\/04\/28\/6269881ce4d4d857238b45d2.html\" target=\"_blank\" rel=\"noreferrer noopener\">totalmente interrumpido su suministro<\/a>\u2013 o&nbsp;<strong>Alemania, Austria, Holanda o Italia<\/strong>, que est\u00e1n entre los que reciben menos gas. En el caso de Alemania, de hecho, esta situaci\u00f3n ha hecho que tengan que reactivar&nbsp;<a href=\"https:\/\/www.elmundo.es\/ciencia-y-salud\/medio-ambiente\/2022\/06\/29\/62bb3ee7e4d4d88f648b460d.html\" target=\"_blank\" rel=\"noreferrer noopener\">centrales de carb\u00f3n<\/a>&nbsp;como alternativa a este combustible.<\/p>\n\n\n\n<p>El gas no solo afecta al propio gas, sino que interviene en los precios de la electricidad.<\/p>\n\n\n\n<p>En Alemania, es colosal su efecto.<\/p>\n\n\n\n<figure class=\"wp-block-image\"><a href=\"https:\/\/blogger.googleusercontent.com\/img\/b\/R29vZ2xl\/AVvXsEie8coVg2N0qGhxPWZCIRsaMNIuVdwdL98Zc2C1Ct3L4N-6zdO-9lQpczRGRQGGmpr51iMG5_G6yo-tHn-B3olKK6JrVAbO1NwJge5zNcG6Bn0HQ0muXebiCmebGvHShOkc4G6T8Vje4uOJgEPhEFfe6s9FvMGPTtpWYvttc1Egvn0JhDqvqG1ullj9_g\/s1080\/energia%20alemania.jpg\" target=\"_blank\" rel=\"noreferrer noopener\"><img decoding=\"async\" src=\"https:\/\/blogger.googleusercontent.com\/img\/b\/R29vZ2xl\/AVvXsEie8coVg2N0qGhxPWZCIRsaMNIuVdwdL98Zc2C1Ct3L4N-6zdO-9lQpczRGRQGGmpr51iMG5_G6yo-tHn-B3olKK6JrVAbO1NwJge5zNcG6Bn0HQ0muXebiCmebGvHShOkc4G6T8Vje4uOJgEPhEFfe6s9FvMGPTtpWYvttc1Egvn0JhDqvqG1ullj9_g\/w640-h622\/energia%20alemania.jpg\" alt=\"\"\/><\/a><\/figure>\n\n\n\n<p>Las empresas est\u00e1n completamente ahogadas con estos costes y ya estamos viendo parte de las consecuencias con el conflicto holand\u00e9s, aunque las protestas est\u00e9n relacionadas con las emisiones.<\/p>\n\n\n\n<p><a href=\"https:\/\/www.diariodesevilla.es\/sociedad\/Policia-neerlandesa-dispara-protesta-agricola_0_1699330370.html\">https:\/\/www.diariodesevilla.es\/sociedad\/Policia-neerlandesa-dispara-protesta-agricola_0_1699330370.html<\/a><\/p>\n\n\n\n<p>En 2019, el Consejo de Estado neerland\u00e9s asegur\u00f3 que la pol\u00edtica para reducir el exceso de \u00f3xido de nitr\u00f3geno infring\u00eda las directivas europeas sobre&nbsp;la protecci\u00f3n de h\u00e1bitats vulnerables&nbsp;y advirti\u00f3 al gobierno de que necesitaba planes m\u00e1s estrictos.<\/p>\n\n\n\n<p>El Gobierno neerland\u00e9s planea ahora reducir las emisiones de nitr\u00f3geno en un 40%, lo que incluye el cierre de granjas y reducci\u00f3n de ganado, pero los afectados consideran que las ayudas ofrecidas a quienes tengan que cerrar sus negocios no son suficientes.<\/p>\n\n\n\n<p>Las emisiones a base de nitr\u00f3geno, como el&nbsp;amon\u00edaco,&nbsp;tendr\u00e1n que disminuir del 12% al 95% en ciertas reservas naturales, seg\u00fan un mapa del gobierno. Esto afecta al sector agr\u00edcola porque el&nbsp;esti\u00e9rcol y los fertilizantes&nbsp;son fuentes&nbsp;importantes de contaminaci\u00f3n por nitr\u00f3geno.<\/p>\n\n\n\n<p>No se entiende bien, como es posible que quieran cumplir a rajatabla con las emisiones de nitr\u00f3geno y en cambio declaren verde el gas y la energ\u00eda nuclear, mientras utilizan de nuevo el carb\u00f3n.<\/p>\n\n\n\n<p><a href=\"https:\/\/www.eleconomista.es\/energia\/noticias\/11828088\/06\/22\/Alemania-regresa-al-carbon-ante-el-recorte-en-el-suministro-de-gas-ruso.html\">https:\/\/www.eleconomista.es\/energia\/noticias\/11828088\/06\/22\/Alemania-regresa-al-carbon-ante-el-recorte-en-el-suministro-de-gas-ruso.html<\/a><\/p>\n\n\n\n<p>Por si quedaba alguna duda, Holanda tambi\u00e9n recurre al carb\u00f3n.<\/p>\n\n\n\n<p><a href=\"https:\/\/www.capitalmadrid.com\/2022\/6\/23\/62703\/alemania-y-holanda-regresan-a-la-era-del-carbon.html#:~:text=El%20ministro%20de%20Clima%20y,a%202024%20con%20efecto%20inmediato%E2%80%9D.\">https:\/\/www.capitalmadrid.com\/2022\/6\/23\/62703\/alemania-y-holanda-regresan-a-la-era-del-carbon.html#:~:text=El%20ministro%20de%20Clima%20y,a%202024%20con%20efecto%20inmediato%E2%80%9D.<\/a><\/p>\n\n\n\n<p>Holanda se ha sumado a esta vuelta atr\u00e1s a la era de la quema del carb\u00f3n. El ministro de Clima y Energ\u00eda de los Pa\u00edses Bajos, Rob Jetten, anunci\u00f3 esta semana que \u201cdebido a que el riesgo de escasez de gas ha aumentado, el gabinete ha decidido retirar la limitaci\u00f3n de producci\u00f3n para las centrales el\u00e9ctricas de carb\u00f3n de 2022 a 2024 con efecto inmediato\u201d.<\/p>\n\n\n\n<p>Y por \u00faltimo, el reconocimiento directo de una grave recesi\u00f3n en Europa si Rusia corta el gas.<\/p>\n\n\n\n<p><a href=\"https:\/\/www.infobae.com\/america\/mundo\/2022\/07\/04\/europa-reconocio-que-podria-sufrir-una-recesion-por-una-inminente-crisis-energetica-si-rusia-corta-el-suministro-de-gas\/\">https:\/\/www.infobae.com\/america\/mundo\/2022\/07\/04\/europa-reconocio-que-podria-sufrir-una-recesion-por-una-inminente-crisis-energetica-si-rusia-corta-el-suministro-de-gas\/<\/a><\/p>\n\n\n\n<p>La econom\u00eda de la zona euro podr\u00eda sufrir una recesi\u00f3n si Rusia corta el suministro de gas y la industria tiene que adaptarse a una escasez de energ\u00eda, dijo el lunes el vicepresidente del Banco Central Europeo,&nbsp;Luis de Guindos.<\/p>\n\n\n\n<p>\u201cSi ese es el caso, en nuestro escenario alternativo, tenemos una recesi\u00f3n no s\u00f3lo en Alemania sino en la zona del euro\u201d,&nbsp;dijo de Guindos.<\/p>\n\n\n\n<p>Una vez m\u00e1s, las sanciones a Rusia que iban a desintegrar su econom\u00eda y obligar a rendirse de forma inmediata, han puesto contra la pared la econom\u00eda europea.<\/p>\n\n\n\n<p>Brillante idea, que no afecta a la econom\u00eda de EE.UU. (mas bien al contrario, al vendernos caro su propio gas), pero hunde Europa, el euro&nbsp; y la econom\u00eda por hacer un seguimiento al plan Biden.<\/p>\n\n\n\n<p>En lugar de utilizar la pol\u00edtica para dialogar y forzar con otros medios a Rusia, para que dejara Ucrania, hemos decidido el palo, pero utilizando unas medidas que todos sab\u00edamos, se iban a volver en contra nuestra. Rusia es un gigante de materias primas que Europa necesita con urgencia. Poner l\u00edmites o sanciones a materias primas imprescindibles, nos condena a una crisis segura, como estamos viendo.<\/p>\n\n\n\n<p>El agresor ha sido Rusia, eso est\u00e1 claro, pero aparte de los muertos y heridos ucranianos, los sufridores hemos sido el resto de Europa. Entrar en una guerra de desgaste, con el \u00fanico objetivo de mermar el ej\u00e9rcito ruso para debilitarlo, puede que sea una opci\u00f3n interesante para EE.UU, en sus intenciones geopol\u00edticas de defender el d\u00f3lar contra el otro bloque (China-Rusia), pero tiene un punto muy d\u00e9bil. Europa pierde y es posible que termine desintegr\u00e1ndose.<\/p>\n\n\n\n<p>Y ahora, la situaci\u00f3n se ha vuelto insostenible. Puede que a los mercados les guste la recesi\u00f3n, porque as\u00ed vuelve la pol\u00edtica monetaria expansiva de m\u00faltiples inyecciones monetarias, pero el riesgo que corremos es el mismo que ya tienen Argentina y Turqu\u00eda, la hiperinflaci\u00f3n.<\/p>\n\n\n\n<p>En palabras de Alasdair Macleod.<\/p>\n\n\n\n<p><a href=\"https:\/\/www.goldmoney.com\/research\/failing-states-and-strangled-economies\">https:\/\/www.goldmoney.com\/research\/failing-states-and-strangled-economies<\/a><\/p>\n\n\n\n<p><em>Los mercados volubles han dejado de preocuparse por la inflaci\u00f3n y comenzaron a preocuparse por la recesi\u00f3n.&nbsp;Tanto el establishment financiero como los inversores parecen incapaces de entender que no se trata ni de uno ni de otro, sino de los dos a la vez.<\/em><\/p>\n\n\n\n<p><em>Detr\u00e1s de la crisis inevitable que ahora est\u00e1 surgiendo hay una falta de comprensi\u00f3n de que no son las fallas de la cadena de suministro, o un malvado presidente de Rusia lo que ha causado nuestra situaci\u00f3n actual, sino nuestros excesos monetarios anteriores.&nbsp;Y para aumentar nuestros problemas, hemos elegido una clase pol\u00edtica d\u00e9bil, incapaz incluso de preservar una pizca de est\u00e1ndares morales.&nbsp;Adem\u00e1s de la reeducaci\u00f3n requerida de nuestros l\u00edderes, hace virtualmente imposible una resoluci\u00f3n de la crisis crediticia y monetaria en desarrollo.<\/em><\/p>\n\n\n\n<p><em>Nos enfrentamos a una recesi\u00f3n de destrucci\u00f3n excepcional en el ciclo crediticio bancario, que incluso rivaliza con la de la d\u00e9cada de 1930.&nbsp;Con las monedas fiduciarias de hoy y los gobiernos decididos a rescatar a todos de las consecuencias de sus acciones, tenemos una crisis sist\u00e9mica y monetaria global sin las cabezas inteligentes necesarias para guiarnos a trav\u00e9s de ella.&nbsp;<\/em><\/p>\n\n\n\n<p><em>Las lecciones de la historia son claras.&nbsp;Las monedas y todo el sistema crediticio est\u00e1n a punto de colapsar, lo que asegurar\u00e1 el empobrecimiento de casi todos.&nbsp;Estas son las condiciones que conducen a los llamados a un liderazgo fuerte, a l\u00edderes dispuestos a pisotear los intereses creados.&nbsp;Se requerir\u00e1 una forma diferente de socialismo en lugar de mercados libres.&nbsp;Estas son las condiciones que llevaron a Alemania, Italia y Espa\u00f1a en la d\u00e9cada de 1920 a las dictaduras fascistas.<\/em><\/p>\n\n\n\n<p><em>Para comprender y, con suerte, evitar estos peligros, es hora de repetir \u201cCamino de servidumbre\u201d de Hayek y comprender que si las naciones no se gu\u00edan sabiamente a trav\u00e9s del pr\u00f3ximo hurac\u00e1n financiero, las consecuencias pol\u00edticas a largo plazo tambi\u00e9n ser\u00e1n nefastas.<\/em><\/p>\n\n\n\n<p>Espero que nuestros dirigentes hayan medido bien el balance riesgo-beneficio.<br><\/p>\n","protected":false},"excerpt":{"rendered":"<p>Futuro, ciencia ficci\u00f3n y Matrix Fuente: Kaos en la Red Pod\u00eda poner muchos ejemplos como la situaci\u00f3n en el tercer mundo y esa cascada de incumplimientos que puede empezar a saltar detr\u00e1s de la ca\u00edda de Sri Lanka. https:\/\/financialpost.com\/pmn\/business-pmn\/historic-cascade-of-defaults-is-coming-for-emerging-markets Sri Lanka fue la primera naci\u00f3n en dejar de pagar a sus tenedores de bonos extranjeros [&hellip;]<\/p>\n","protected":false},"author":1,"featured_media":6438,"comment_status":"open","ping_status":"open","sticky":false,"template":"","format":"standard","meta":{"footnotes":""},"categories":[5,3],"tags":[],"_links":{"self":[{"href":"http:\/\/www.movimientocaamanista.com\/index.php?rest_route=\/wp\/v2\/posts\/7220"}],"collection":[{"href":"http:\/\/www.movimientocaamanista.com\/index.php?rest_route=\/wp\/v2\/posts"}],"about":[{"href":"http:\/\/www.movimientocaamanista.com\/index.php?rest_route=\/wp\/v2\/types\/post"}],"author":[{"embeddable":true,"href":"http:\/\/www.movimientocaamanista.com\/index.php?rest_route=\/wp\/v2\/users\/1"}],"replies":[{"embeddable":true,"href":"http:\/\/www.movimientocaamanista.com\/index.php?rest_route=%2Fwp%2Fv2%2Fcomments&post=7220"}],"version-history":[{"count":1,"href":"http:\/\/www.movimientocaamanista.com\/index.php?rest_route=\/wp\/v2\/posts\/7220\/revisions"}],"predecessor-version":[{"id":7221,"href":"http:\/\/www.movimientocaamanista.com\/index.php?rest_route=\/wp\/v2\/posts\/7220\/revisions\/7221"}],"wp:featuredmedia":[{"embeddable":true,"href":"http:\/\/www.movimientocaamanista.com\/index.php?rest_route=\/wp\/v2\/media\/6438"}],"wp:attachment":[{"href":"http:\/\/www.movimientocaamanista.com\/index.php?rest_route=%2Fwp%2Fv2%2Fmedia&parent=7220"}],"wp:term":[{"taxonomy":"category","embeddable":true,"href":"http:\/\/www.movimientocaamanista.com\/index.php?rest_route=%2Fwp%2Fv2%2Fcategories&post=7220"},{"taxonomy":"post_tag","embeddable":true,"href":"http:\/\/www.movimientocaamanista.com\/index.php?rest_route=%2Fwp%2Fv2%2Ftags&post=7220"}],"curies":[{"name":"wp","href":"https:\/\/api.w.org\/{rel}","templated":true}]}}