{"id":7225,"date":"2022-08-08T11:09:22","date_gmt":"2022-08-08T11:09:22","guid":{"rendered":"http:\/\/www.movimientocaamanista.com\/?p=7225"},"modified":"2022-08-08T11:09:23","modified_gmt":"2022-08-08T11:09:23","slug":"el-retorno-de-la-estanflacion","status":"publish","type":"post","link":"http:\/\/www.movimientocaamanista.com\/?p=7225","title":{"rendered":"\u00bfEl retorno de la estanflaci\u00f3n?"},"content":{"rendered":"\n<p>Gabriel Loza Teller\u00eda<\/p>\n\n\n\n<p>Fuente: <a href=\"https:\/\/rebelion.org\/el-retorno-de-la-estanflacion\/\">Rebeli\u00f3n<\/a><\/p>\n\n\n\n<p>La tendencia de la ciencia econ\u00f3mica a aparecerse cada vez m\u00e1s a la f\u00edsica, a basarse en evidencia irrefutable y en modelos matem\u00e1ticos, le ha hecho olvidar la estanflaci\u00f3n de los a\u00f1os setenta del siglo pasado, hace m\u00e1s de 50 a\u00f1os.<\/p>\n\n\n\n<p>En mi libro digital en Amazon, Neoliberalismo vs Neopopulismo, escribo c\u00f3mo el Gran Auge entre 1946-1970 de estabilidad de precios, crecimiento del producto y bajo desempleo fue interrumpido bruscamente por la crisis energ\u00e9tica de 1973 o la Guerra de Yon Kipur.<\/p>\n\n\n\n<p>En EE.UU., entre 1948-1972 la tasa de inflaci\u00f3n hab\u00eda sido de 2,4% en promedio y la tasa de desempleo de 4,8%, mientras que el crecimiento del PIB de 4%, todo ello por si acaso con un d\u00e9ficit fiscal promedio de 0,4% del PIB. Es as\u00ed que surge a principios de los setenta la estanflaci\u00f3n, dado que entre 1973-1981, la tasa de inflaci\u00f3n promedio trep\u00f3 a 9,3% y el desempleo a 6,9%, mientras que el crecimiento del PIB se desaceler\u00f3 a 2,1% (1974-1982).&nbsp;<\/p>\n\n\n\n<p>Como creyeron que la inflaci\u00f3n era provocada por el gobierno, aplicaron pol\u00edticas monetarias duras incrementando la tasa de inter\u00e9s. As\u00ed, se registraron en EE.UU. dos recesiones; una en 1974-75 con una ca\u00edda de 0,5 y 0,2 % del PIB pero precedida por una inflaci\u00f3n de 8,7% en 1973 y acompa\u00f1ada de una inflaci\u00f3n de 12,3% en 1974, lo que ser\u00eda una estanflaci\u00f3n. La otra en 1982, con una ca\u00edda de 1,2% en el PIB precedida por una inflaci\u00f3n de 12,5% en 1980 y 8,9% en 1981 que mostrar\u00eda una combinaci\u00f3n de recesi\u00f3n con alta inflaci\u00f3n.&nbsp;&nbsp;<\/p>\n\n\n\n<p>La recesi\u00f3n mundial iniciada en 1981 hasta fines de 1984 tuvo una duraci\u00f3n de cinco trimestres y fue provocada por el segundo choque petrolero de 1979; un endurecimiento de las pol\u00edticas monetarias en los Estados Unidos y otras econom\u00edas avanzadas que impulsaron hacia arriba las tasas de inter\u00e9s y que gatillaron la crisis de la deuda latinoamericana.&nbsp;<\/p>\n\n\n\n<p>Desde los a\u00f1os 80 hasta el 2020, la inflaci\u00f3n en EEUU tuvo un promedio del 2,7% y desde la crisis financiera hasta el 2020 fue persistentemente baja, de 1,7%, por debajo&nbsp;&nbsp;de la meta del 2% de la Reserva Federal de EEUU (Fed).<\/p>\n\n\n\n<p>En 2021 la inflaci\u00f3n en EEUU subi\u00f3 al 7% y hasta mayo a 8,6% a doce meses y generalmente precede un estancamiento o recesi\u00f3n. Ante esta situaci\u00f3n el Comit\u00e9 Federal de Mercado Abierto de la Fed, en su cita de junio, decidi\u00f3 intensificar el alza de su tasa de inter\u00e9s,incrementando la&nbsp;en 0,75 puntos base, el mayor aumento que ha aprobado en 28 a\u00f1os desde 1994, llev\u00e1ndola a un nivel de 1,75% y previendo llevarla hasta 3,4% al finalizar el a\u00f1o, buscando que el proceso inflacionario, que supera en m\u00e1s de cuatro veces su meta objetivo del 2%, pueda descender.<\/p>\n\n\n\n<p>Como vemos la historia se repite y los errores tambi\u00e9n. Se pens\u00f3 que la inflaci\u00f3n era&nbsp;&nbsp;transitoria y por la \u201cregla\u201d de los bancos centrales de si es transitoria es mejor no hacer nada, retornar\u00eda al equilibrio por si sola. Se le ech\u00f3 la culpa a los excesivos gastos fiscales&nbsp;&nbsp;como consecuencia de las ayudas otorgadas para paliar la crisis generada por la Covid-19 que habr\u00edan provocado una inflaci\u00f3n&nbsp;&nbsp;por el lado de la demanda y que por lo tanto hay que contraerla, puesto que la \u201cfiesta no dura siempre\u201d.&nbsp;<\/p>\n\n\n\n<p>Otros dijeron que fue la inyecci\u00f3n de demasiado dinero de los bancos centrales desde 2008, durante demasiado tiempo con una tasa de inter\u00e9s cercana a cero provocaron un auge ficticio, que la inflaci\u00f3n se disparara por lo que ser\u00eda&nbsp;&nbsp;buena la normalizaci\u00f3n financiera y el alza de las tasas de inter\u00e9s.&nbsp;<\/p>\n\n\n\n<p>Y, recientemente, se est\u00e1 reflexionando sobre las consecuencias de la Guerra entre Rusia y Ucrania y las sanciones econ\u00f3micas, el default deliberado a Rusia, cuyos efectos son incontrolables en un entorno de alta incertidumbre, con restricciones a la oferta de alimentos y combustibles y problemas en las cadenas de suministros, a las que se sumaron las ca\u00eddas burs\u00e1tiles.&nbsp;<\/p>\n\n\n\n<p>Lo cierto es que por m\u00e1s que quiera la Reserva Federal va a ser muy dif\u00edcil retornar r\u00e1pidamente a los a\u00f1os de baja inflaci\u00f3n con tasas entorno al 2% y de crecimiento del PIB del 2,7%, puesto que parece que entramos a una fase de alta inflaci\u00f3n y bajo crecimiento o estancamiento del PIB regresando de esta manera al pasado, a los a\u00f1os setenta, olvidado por el Alzheimer de algunos economistas.&nbsp;&nbsp;<br><\/p>\n","protected":false},"excerpt":{"rendered":"<p>Gabriel Loza Teller\u00eda Fuente: Rebeli\u00f3n La tendencia de la ciencia econ\u00f3mica a aparecerse cada vez m\u00e1s a la f\u00edsica, a basarse en evidencia irrefutable y en modelos matem\u00e1ticos, le ha hecho olvidar la estanflaci\u00f3n de los a\u00f1os setenta del siglo pasado, hace m\u00e1s de 50 a\u00f1os. En mi libro digital en Amazon, Neoliberalismo vs Neopopulismo, [&hellip;]<\/p>\n","protected":false},"author":1,"featured_media":6261,"comment_status":"open","ping_status":"open","sticky":false,"template":"","format":"standard","meta":{"footnotes":""},"categories":[5,3],"tags":[],"_links":{"self":[{"href":"http:\/\/www.movimientocaamanista.com\/index.php?rest_route=\/wp\/v2\/posts\/7225"}],"collection":[{"href":"http:\/\/www.movimientocaamanista.com\/index.php?rest_route=\/wp\/v2\/posts"}],"about":[{"href":"http:\/\/www.movimientocaamanista.com\/index.php?rest_route=\/wp\/v2\/types\/post"}],"author":[{"embeddable":true,"href":"http:\/\/www.movimientocaamanista.com\/index.php?rest_route=\/wp\/v2\/users\/1"}],"replies":[{"embeddable":true,"href":"http:\/\/www.movimientocaamanista.com\/index.php?rest_route=%2Fwp%2Fv2%2Fcomments&post=7225"}],"version-history":[{"count":1,"href":"http:\/\/www.movimientocaamanista.com\/index.php?rest_route=\/wp\/v2\/posts\/7225\/revisions"}],"predecessor-version":[{"id":7226,"href":"http:\/\/www.movimientocaamanista.com\/index.php?rest_route=\/wp\/v2\/posts\/7225\/revisions\/7226"}],"wp:featuredmedia":[{"embeddable":true,"href":"http:\/\/www.movimientocaamanista.com\/index.php?rest_route=\/wp\/v2\/media\/6261"}],"wp:attachment":[{"href":"http:\/\/www.movimientocaamanista.com\/index.php?rest_route=%2Fwp%2Fv2%2Fmedia&parent=7225"}],"wp:term":[{"taxonomy":"category","embeddable":true,"href":"http:\/\/www.movimientocaamanista.com\/index.php?rest_route=%2Fwp%2Fv2%2Fcategories&post=7225"},{"taxonomy":"post_tag","embeddable":true,"href":"http:\/\/www.movimientocaamanista.com\/index.php?rest_route=%2Fwp%2Fv2%2Ftags&post=7225"}],"curies":[{"name":"wp","href":"https:\/\/api.w.org\/{rel}","templated":true}]}}