{"id":7253,"date":"2022-08-14T14:02:57","date_gmt":"2022-08-14T14:02:57","guid":{"rendered":"http:\/\/www.movimientocaamanista.com\/?p=7253"},"modified":"2022-08-14T14:02:58","modified_gmt":"2022-08-14T14:02:58","slug":"dos-leyendas-de-colores-diferentes-y-una-manipulacion","status":"publish","type":"post","link":"http:\/\/www.movimientocaamanista.com\/?p=7253","title":{"rendered":"DOS LEYENDAS DE COLORES DIFERENTES Y UNA MANIPULACI\u00d3N"},"content":{"rendered":"\n<p>Narciso Isa Conde<\/p>\n\n\n\n<p style=\"text-align:center\"><strong>I<br>     LEYENDA CON COLOR A MONARQU\u00cdA<\/strong><\/p>\n\n\n\n<p style=\"text-align:left\">Hubo una vez un Cerro que se torn\u00f3 Santo por obra y gracia de la ambici\u00f3n  de oro.<\/p>\n\n\n\n<p>De eso hace ya m\u00e1s de 500 a\u00f1os cuando avanzaban los crueles conquistadores espa\u00f1oles hacia el centro de Quisqueya  y se encontraron con el hermoso valle del Cibao, prestos a descargar su inmensa carga de violencia contra su pueblo originario. Arcabuces y espadas al ristre y cruces  en las manos anunciaban la tragedia.<\/p>\n\n\n\n<p>Cuenta una leyenda de color mon\u00e1rquico, que para vencer la heroica resistencia \u201cind\u00edgena\u201d, necesitaron de la ayuda de una Virgen llamada Mercedes, que hizo luminosa aparici\u00f3n en  las alturas del cerro para imponer la victoria espuria de la muerte sobre la vida de miles de abor\u00edgenes indignados frente a los intrusos.<\/p>\n\n\n\n<p>La leyenda no tard\u00f3 en ser instrumentalizada como culto y como mito.<br>Mercedes nunca existi\u00f3 como Virgen. La inventaron los Reyes de Espa\u00f1as y la curia cat\u00f3lica que le serv\u00eda. Una gran mentira, que repetidas millones de veces, perdur\u00f3  como falsa verdad a trav\u00e9s de los siglos. \u00a1Es antigua la post-verdad!<\/p>\n\n\n\n<p>Y es muy triste que al  ingenuo imaginario popular le impongan, retener tanto tiempo como FE una mentira como esa.<\/p>\n\n\n\n<p>No es culpa del pueblo humilde. Es de los dominadores en constante relevo, pendientes todav\u00eda como verdugos del justo ajuste de cuenta de la humanidad y el planeta frente a sus crueldades y al mal uso de la religi\u00f3n.<\/p>\n\n\n\n<p style=\"text-align:center\"><strong>II <\/strong><\/p>\n\n\n\n<p style=\"text-align:center\"><strong>LEYENDA  REPARADORA<\/strong><\/p>\n\n\n\n<p>Hubo tambi\u00e9n una vez esfuerzos religiosos de reparaci\u00f3n, recurriendo a la ingeniosa leyenda de la Virgen de la Altagracia.<\/p>\n\n\n\n<p>Eran los duros tiempos de la intervenci\u00f3n militar gringa del 1916 al 1924 y nos cuenta la jerarqu\u00eda cat\u00f3lica de su linda aparici\u00f3n en un hermoso naranjo  cuando por all\u00e1, por San Juan de la Maguana, donde los campesinos de la zona, con Liborio Mateo a la cabeza, libraban su digna resistencia.<\/p>\n\n\n\n<p>Esta vez la presencia del ser m\u00edstico fue creada con la benigna misi\u00f3n de forzar a los gobernadores de colonia de entonces a presionar la retirada de los invasores a su sede imperial.<\/p>\n\n\n\n<p>Nos cuentan los mismos narradores que el haber logrado la Coronaci\u00f3n de Altagracia como Virgen produjo el milagro anhelado y pudo lo que ellos denominan \u201csegunda independencia\u201d.<\/p>\n\n\n\n<p>No cuenta en esa versi\u00f3n m\u00edstico-religiosa, ni la resistencia del &#8220;liborismo&#8221;, ni el valor desplegado por los gavilleros del Este y de la L\u00ednea Noroeste,  ni la lucha de pueblo y su intelectualidad patri\u00f3tica a nivel nacional. Algo que debe extra\u00f1ar.<\/p>\n\n\n\n<p>Tampoco el hecho de que con la formaci\u00f3n de la terrible Guardia Nacional, encabezada por Trujillo, los invasores  aseguraron la neo-colonizaci\u00f3n  y control f\u00e9rreo del pa\u00eds, con la cual posteriormente colabor\u00f3 una parte fundamental de la alta jerarqu\u00eda cat\u00f3lica, hasta 1960.<\/p>\n\n\n\n<p>Nada extra\u00f1o en las malas pr\u00e1cticas del uso de la religi\u00f3n del lado de poderes opresores.<\/p>\n\n\n\n<p style=\"text-align:center\"><strong>III<\/strong><\/p>\n\n\n\n<p style=\"text-align:center\"><strong>LA RECIENTE MANIPULACI\u00d3N<\/strong><\/p>\n\n\n\n<p>La leyenda de una Virgen colonialista, promovida con mucha intensidad de su contenido pol\u00edtico, y la de otra pro-independencia, manejando con muy bajo perfil su contenido, han coexistido durante d\u00e9cadas en el quehacer de los\/as cat\u00f3licos por decisi\u00f3n jer\u00e1rquica.<\/p>\n\n\n\n<p>La verg\u00fcenza socio-hist\u00f3rica que gener\u00f3 la primera, dio lugar a la segunda con cierto esp\u00edritu reparador del escarnio.<\/p>\n\n\n\n<p>No s\u00e9 si  Las Mercedes y La Altagracia puedan ser buenas amigas y querer igual al pr\u00f3jimo humilde. <\/p>\n\n\n\n<p>No s\u00e9 si en la l\u00f3gica pura puedan ser conciliables en la m\u00edstica religiosa esas dos versiones asumidas por los de arriba para dominar a los \/as de abajo. <br> No s\u00e9, pero ese mundo tiene sus trucos.<\/p>\n\n\n\n<p>Y si es evidente, est\u00e1 en los medios y en la palestra pol\u00edtica, que Monse\u00f1or Grull\u00f3n, Obispo de San Juan de la Maguana,  est\u00e1 intent\u00e1ndolo de manera muy sutil e inteligente, sustituyendo el nacionalismo Anti Yanki de La Altagracia por el  anti-haitianismo racista de los falsos patriotas, en el contexto del Centenario de la Coronaci\u00f3n de la Virgen de Higuey.<\/p>\n\n\n\n<p>Masalle, lo hace con m\u00e1s desenfado y m\u00e1s directamente, al estilo prepotente de L\u00f3pez Rodr\u00edguez. <\/p>\n\n\n\n<p>Dos estilos, pero es  claro que la decisi\u00f3n es cupular, no de base.<br>No de teolog\u00eda de la liberaci\u00f3n.<br>Si de teolog\u00eda de la dominaci\u00f3n.<\/p>\n\n\n\n<p>Una determinaci\u00f3n pol\u00edtica posiblemente un\u00e1nime en el Obispado y evidentemente distante del estilo y la racionalidad del Papa Francisco, influida por  una idea clave y un prop\u00f3sito pol\u00edtico:<\/p>\n\n\n\n<p>-La idea de que el pueblo haitiano no emigra por la opresi\u00f3n que sufre, sino que nos invade y reemplaza a EEUU y las potencias occidentales como  amenaza a una soberan\u00eda nacional dominicana inexistente.<br> -La determinaci\u00f3n pol\u00edtica de crear una corriente neofascista, nutrida por el racismo y todo lo conservador: visi\u00f3n xen\u00f3foba, patriarcal, homof\u00f3bica y fundamentalista religiosa. Fen\u00f3meno global muy propio de esta fase de decadencia de la civilizaci\u00f3n burguesa, crisis integral del capitalismo y de su  soberbia guerra global contra la humanidad por recuperar hegemon\u00eda absoluta y brutal.<\/p>\n\n\n\n<p>\u00a1Cuidado!<br>\u00a1Mucho cuidado!<br>Que andan marchando, marchando, amenazando de muerte, agrediendo\u2026disfrazados\/as de \u201cpatriotas\u201d y de \u201ccristianos\u201d<br>\u00a1Lobos vestidos de ovejas!<\/p>\n","protected":false},"excerpt":{"rendered":"<p>Narciso Isa Conde I LEYENDA CON COLOR A MONARQU\u00cdA Hubo una vez un Cerro que se torn\u00f3 Santo por obra y gracia de la ambici\u00f3n de oro. De eso hace ya m\u00e1s de 500 a\u00f1os cuando avanzaban los crueles conquistadores espa\u00f1oles hacia el centro de Quisqueya y se encontraron con el hermoso valle del Cibao, [&hellip;]<\/p>\n","protected":false},"author":1,"featured_media":7254,"comment_status":"open","ping_status":"open","sticky":false,"template":"","format":"standard","meta":{"footnotes":""},"categories":[5,16],"tags":[],"_links":{"self":[{"href":"http:\/\/www.movimientocaamanista.com\/index.php?rest_route=\/wp\/v2\/posts\/7253"}],"collection":[{"href":"http:\/\/www.movimientocaamanista.com\/index.php?rest_route=\/wp\/v2\/posts"}],"about":[{"href":"http:\/\/www.movimientocaamanista.com\/index.php?rest_route=\/wp\/v2\/types\/post"}],"author":[{"embeddable":true,"href":"http:\/\/www.movimientocaamanista.com\/index.php?rest_route=\/wp\/v2\/users\/1"}],"replies":[{"embeddable":true,"href":"http:\/\/www.movimientocaamanista.com\/index.php?rest_route=%2Fwp%2Fv2%2Fcomments&post=7253"}],"version-history":[{"count":1,"href":"http:\/\/www.movimientocaamanista.com\/index.php?rest_route=\/wp\/v2\/posts\/7253\/revisions"}],"predecessor-version":[{"id":7255,"href":"http:\/\/www.movimientocaamanista.com\/index.php?rest_route=\/wp\/v2\/posts\/7253\/revisions\/7255"}],"wp:featuredmedia":[{"embeddable":true,"href":"http:\/\/www.movimientocaamanista.com\/index.php?rest_route=\/wp\/v2\/media\/7254"}],"wp:attachment":[{"href":"http:\/\/www.movimientocaamanista.com\/index.php?rest_route=%2Fwp%2Fv2%2Fmedia&parent=7253"}],"wp:term":[{"taxonomy":"category","embeddable":true,"href":"http:\/\/www.movimientocaamanista.com\/index.php?rest_route=%2Fwp%2Fv2%2Fcategories&post=7253"},{"taxonomy":"post_tag","embeddable":true,"href":"http:\/\/www.movimientocaamanista.com\/index.php?rest_route=%2Fwp%2Fv2%2Ftags&post=7253"}],"curies":[{"name":"wp","href":"https:\/\/api.w.org\/{rel}","templated":true}]}}