{"id":7261,"date":"2022-08-16T10:53:13","date_gmt":"2022-08-16T10:53:13","guid":{"rendered":"http:\/\/www.movimientocaamanista.com\/?p=7261"},"modified":"2022-08-16T10:53:14","modified_gmt":"2022-08-16T10:53:14","slug":"la-recesion-mundial-a-la-vuelta-de-la-esquina","status":"publish","type":"post","link":"http:\/\/www.movimientocaamanista.com\/?p=7261","title":{"rendered":"\u00bfLa recesi\u00f3n mundial a la vuelta de la esquina?"},"content":{"rendered":"\n<p>Gabriel Loza Teller\u00eda<\/p>\n\n\n\n<p>Fuente: <a href=\"https:\/\/rebelion.org\/la-recesion-mundial-a-la-vuelta-de-la-esquina\/\">Rebeli\u00f3n<\/a><\/p>\n\n\n\n<p>Las discusiones entre los economistas son geniales, como en el caso reciente de si la inflaci\u00f3n era transitoria o permanente en tanto se aceleraba el alza de precios en la econom\u00eda mundial. As\u00ed, para los pa\u00edses de la Organizaci\u00f3n para la Cooperaci\u00f3n y el Desarrollo Econ\u00f3micos ( OECD) se prev\u00e9 una tasa de inflaci\u00f3n del 8,5% en 2022 m\u00e1s del doble de la registrada en 2021 (3,7%) y cuatro veces m\u00e1s alta que en todo el periodo 2013-2019, que fue de 1,7% en promedio inferior a la meta del 2% que tienen los bancos centrales de la OECD.&nbsp;<\/p>\n\n\n\n<p>Lo mismo est\u00e1 pasando ahora en las discusiones sobre la posible recesi\u00f3n en los pa\u00edses avanzados, que en un principio fue descartada y posteriormente admitida como probable a rega\u00f1adientes, siendo actualmente la discusi\u00f3n de si est\u00e1 \u201ca la vuelta de la esquina\u201d como dicen algunos economistas y Wall Street,&nbsp;&nbsp;o si ya est\u00e1 presente como perciben los consumidores.&nbsp;<\/p>\n\n\n\n<p>Sin embargo en Estados Unidos,&nbsp;&nbsp;a junio aument\u00f3 la planilla de nuevos trabajadores contratados y la tasa de desempleo se mantuvo en 3,6%, similar a los niveles pre pandemia en 2019, lo que mostrar\u00eda que la recesi\u00f3n no ser\u00eda inminente.&nbsp;&nbsp;<\/p>\n\n\n\n<p>\u00bfPero por qu\u00e9 seguimos a EE.UU. de cerca? Porque sigue siendo el centro de la econom\u00eda mundial m\u00e1s all\u00e1 de si su PIB pas\u00f3 a segundo lugar, desplazado por China. Es el centro financiero mundial y de las m\u00e1s importantes Bolsas de Valores como el Dow Jones y el Nasdaq, el&nbsp;mercado de valores y bolsa de valores automatizada y electr\u00f3nica m\u00e1s grande de Estados Unidos.&nbsp;<\/p>\n\n\n\n<p>Es el primer emisor&nbsp;&nbsp;internacional de bonos p\u00fablicos como en el caso de los Bonos del Tesoro estadounidense. Es la m\u00e1s importante fuente de origen&nbsp;&nbsp;y destino de la inversi\u00f3n directa extranjera y de los flujos de capital y, sobre todo, el d\u00f3lar es la principal moneda de reserva internacional y se ha revaluado en 7% entre enero y junio de 2022, alcanzando su nivel m\u00e1s alto en 20 a\u00f1os.&nbsp;<\/p>\n\n\n\n<p>Tradicionalmente se dec\u00eda que si EEUU se resfriaba, a los dem\u00e1s pa\u00edses les ven\u00eda una neumon\u00eda, sin embargo, esta dependencia ya no es tanto como antes, puesto que en la econom\u00eda mundial han aparecido m\u00faltiples polos econ\u00f3micos&nbsp;&nbsp;pero que, debido a la hiperglobalizaci\u00f3n,&nbsp;&nbsp;el mundo es cada vez m\u00e1s interdependiente e interconectado con una trasmisi\u00f3n casi inmediata de las perturbaciones, los efectos contagio y la ampliaci\u00f3n de los shocks entre la mayor\u00eda de las econom\u00edas del orbe.&nbsp;&nbsp;<\/p>\n\n\n\n<p>Un mecanismo de trasmisi\u00f3n de la crisis mundial se da a trav\u00e9s de las fluctuaciones de los precios de los commodities que son los principales productos de exportaci\u00f3n de Bolivia y de la regi\u00f3n.&nbsp;&nbsp;Con la pandemia, los precios de los commodities cayeron a niveles cr\u00edticos, con excepci\u00f3n los metales preciosos, as\u00ed en el caso del petr\u00f3leo a 21 d\u00f3lares el barril, el m\u00e1s bajo precio desde diciembre de 2001 y en el caso de los alimentos y minerales descendieron a los bajos niveles de la crisis financiera de 2008.&nbsp;<\/p>\n\n\n\n<p>Con la recuperaci\u00f3n de la demanda mundial empezaron a subir las cotizaciones de los alimentos, minerales y el petr\u00f3leo a 95 d\u00f3lares el barril. Con la guerra y las sanciones&nbsp;&nbsp;se dispararon los precios del petr\u00f3leo a 122 d\u00f3lares el barril, el 8 de junio, para despu\u00e9s declinar en torno a los 100 d\u00f3lares en la primera semana de julio.&nbsp;<\/p>\n\n\n\n<p>Tras alcanzar un m\u00e1ximo en marzo los precios de los minerales cayeron en 18% hasta junio a los que se sum\u00f3 la cotizaci\u00f3n del oro que descendi\u00f3 en 14% y la plata en 28% hasta principios de julio. Los precios de los alimentos&nbsp;&nbsp;tambi\u00e9n empezaron a disminuir desde marzo aunque solo en 3,5% hasta junio seg\u00fan la FAO. \u00bfSer\u00e1 el fin del ciclo post Covid?<\/p>\n\n\n\n<p>Los signos de la desaceleraci\u00f3n de la econom\u00eda mundial son claros, la OECD estima un crecimiento del producto mundial del 3% en 2022, por debajo del 4,5% proyectado en diciembre pasado y para el \u00faltimo trimestre prev\u00e9 un 1,9% de crecimiento.&nbsp;<\/p>\n\n\n\n<p>Adicionalmente, un indicador anticipado, el \u00cdndice de Confianza del Consumidor, muestra un nivel de 97 por debajo de 100, que significa una actitud pesimista de la evoluci\u00f3n futura de la econom\u00eda y posiblemente&nbsp;&nbsp;una tendencia a ahorrar m\u00e1s y consumir menos ante las amenazas de recesi\u00f3n.&nbsp;<\/p>\n\n\n\n<p>El impacto en una econom\u00eda como la boliviana se sentir\u00e1 m\u00e1s en el segundo semestre de 2022 por lo que se debe estar preparados con todo el instrumental de la pol\u00edtica econ\u00f3mica y los mecanismos disponibles de financiamiento externo. O, toquemos madera.<\/p>\n\n\n\n<p><em>*&nbsp;Ex-presidente del Banco Central de Bolivia, ex-ministro de Planificaci\u00f3n del Desarrollo<\/em><\/p>\n","protected":false},"excerpt":{"rendered":"<p>Gabriel Loza Teller\u00eda Fuente: Rebeli\u00f3n Las discusiones entre los economistas son geniales, como en el caso reciente de si la inflaci\u00f3n era transitoria o permanente en tanto se aceleraba el alza de precios en la econom\u00eda mundial. As\u00ed, para los pa\u00edses de la Organizaci\u00f3n para la Cooperaci\u00f3n y el Desarrollo Econ\u00f3micos ( OECD) se prev\u00e9 [&hellip;]<\/p>\n","protected":false},"author":1,"featured_media":943,"comment_status":"open","ping_status":"open","sticky":false,"template":"","format":"standard","meta":{"footnotes":""},"categories":[5,3],"tags":[],"_links":{"self":[{"href":"http:\/\/www.movimientocaamanista.com\/index.php?rest_route=\/wp\/v2\/posts\/7261"}],"collection":[{"href":"http:\/\/www.movimientocaamanista.com\/index.php?rest_route=\/wp\/v2\/posts"}],"about":[{"href":"http:\/\/www.movimientocaamanista.com\/index.php?rest_route=\/wp\/v2\/types\/post"}],"author":[{"embeddable":true,"href":"http:\/\/www.movimientocaamanista.com\/index.php?rest_route=\/wp\/v2\/users\/1"}],"replies":[{"embeddable":true,"href":"http:\/\/www.movimientocaamanista.com\/index.php?rest_route=%2Fwp%2Fv2%2Fcomments&post=7261"}],"version-history":[{"count":1,"href":"http:\/\/www.movimientocaamanista.com\/index.php?rest_route=\/wp\/v2\/posts\/7261\/revisions"}],"predecessor-version":[{"id":7262,"href":"http:\/\/www.movimientocaamanista.com\/index.php?rest_route=\/wp\/v2\/posts\/7261\/revisions\/7262"}],"wp:featuredmedia":[{"embeddable":true,"href":"http:\/\/www.movimientocaamanista.com\/index.php?rest_route=\/wp\/v2\/media\/943"}],"wp:attachment":[{"href":"http:\/\/www.movimientocaamanista.com\/index.php?rest_route=%2Fwp%2Fv2%2Fmedia&parent=7261"}],"wp:term":[{"taxonomy":"category","embeddable":true,"href":"http:\/\/www.movimientocaamanista.com\/index.php?rest_route=%2Fwp%2Fv2%2Fcategories&post=7261"},{"taxonomy":"post_tag","embeddable":true,"href":"http:\/\/www.movimientocaamanista.com\/index.php?rest_route=%2Fwp%2Fv2%2Ftags&post=7261"}],"curies":[{"name":"wp","href":"https:\/\/api.w.org\/{rel}","templated":true}]}}