{"id":7263,"date":"2022-08-16T10:57:01","date_gmt":"2022-08-16T10:57:01","guid":{"rendered":"http:\/\/www.movimientocaamanista.com\/?p=7263"},"modified":"2022-08-16T10:57:02","modified_gmt":"2022-08-16T10:57:02","slug":"ola-de-incendios-en-europa-la-anomalia-que-sera-la-norma","status":"publish","type":"post","link":"http:\/\/www.movimientocaamanista.com\/?p=7263","title":{"rendered":"Ola de incendios en Europa, la anomal\u00eda que ser\u00e1 la norma"},"content":{"rendered":"\n<p>V\u00edctor Resco de Dios<\/p>\n\n\n\n<p>Fuente: <a href=\"https:\/\/rebelion.org\/ola-de-incendios-en-europa-la-anomalia-que-sera-la-norma\/\">Rebeli\u00f3n<\/a><\/p>\n\n\n\n<p>Desde Faro hasta Marsella, una nueva oleada de incendios se est\u00e1&nbsp;<a href=\"https:\/\/effis.jrc.ec.europa.eu\/apps\/effis_current_situation\/\">ensa\u00f1ando con el suroeste de Europa<\/a>. Estamos frente a lo que los bomberos llaman&nbsp;<a href=\"https:\/\/revistarirn.org\/wp-content\/uploads\/2021\/06\/RIyRN_Junio2021_n03.pdf\">incendios de quinta generaci\u00f3n<\/a>: una simultaneidad de grandes incendios que ponen en jaque a los sistemas de extinci\u00f3n, llegando en algunos casos a amenazar a n\u00facleos urbanos.<\/p>\n\n\n\n<p>Lo que est\u00e1 pasando estos d\u00edas en Europa es algo extremadamente inusual. Lo preocupante es que apenas estamos viviendo un previo de lo que ocurrir\u00e1 en unos a\u00f1os. Lo que ahora consideramos an\u00f3malo, en breve ser\u00e1 la nueva normalidad. Cuando dentro de dos o tres lustros recordemos a la campa\u00f1a actual, seguramente nos parecer\u00e1 leve por comparaci\u00f3n.<\/p>\n\n\n\n<h2 class=\"wp-block-heading\">Por qu\u00e9 es una campa\u00f1a inusual<\/h2>\n\n\n\n<p>El a\u00f1o pasado publicamos&nbsp;<a href=\"https:\/\/www.sciencedirect.com\/science\/article\/abs\/pii\/S0048969721065402\">un estudio<\/a>&nbsp;donde caracterizamos, por primera vez, las diferencias entre las pirorregiones europeas. Esto es, estudiamos c\u00f3mo y por qu\u00e9 var\u00eda espacial y temporalmente la temporada de incendios en la Europa mediterr\u00e1nea. Los resultados que obtuvimos nos permiten determinar por qu\u00e9 la campa\u00f1a actual de incendios es extremadamente an\u00f3mala:<\/p>\n\n\n\n<p><strong>\u2013 I<\/strong><strong>ncendios fuera de estaci\u00f3n.<\/strong>&nbsp;Ni en Portugal ni en muchas zonas del sur de Francia es habitual observar grandes incendios en la primera quincena de julio. El estr\u00e9s h\u00eddrico estival alcanza su m\u00e1ximo a finales de agosto, por lo que los incendios al principio del verano no eran frecuentes ni extremos.<\/p>\n\n\n\n<p>Hasta ahora, los grandes incendios en la primera quincena de julio solo eran comunes en el levante peninsular: zonas m\u00e1s \u00e1ridas donde la vegetaci\u00f3n se vuelve antes inflamable.<\/p>\n\n\n\n<p><a href=\"https:\/\/theconversation.com\/la-sequia-agricola-en-europa-es-cada-vez-mas-frecuente-intensa-y-duradera-185727\">Europa se est\u00e1 aridificando<\/a>, a ra\u00edz del cambio clim\u00e1tico y del abandono rural, lo que homogeneiza el paisaje y lo vuelve&nbsp;<a href=\"https:\/\/www.nature.com\/articles\/s41558-020-0716-1\">uniformemente seco<\/a>, enrasando por abajo. Esta es la causa del avance en la estaci\u00f3n de incendios.<\/p>\n\n\n\n<p><strong>\u2013&nbsp;<\/strong><strong>Intensidad creciente de los incendios.<\/strong>&nbsp;Los incendios actuales&nbsp;<a href=\"https:\/\/theconversation.com\/la-era-de-los-incendios-que-ya-no-podemos-apagar-165697\">ya no se pueden extinguir<\/a>. Mueren por inanici\u00f3n (han quemado todo lo que hab\u00eda por quemar) o porque llueve. Son incendios que&nbsp;<a href=\"https:\/\/theconversation.com\/tormentas-de-fuego-que-hacer-frente-a-los-incendios-de-potencia-atomica-185529\">liberan la misma energ\u00eda que una, o m\u00e1s, bombas at\u00f3micas<\/a>&nbsp;y toda la tecnolog\u00eda de extinci\u00f3n se queda corta frente a ellos.<\/p>\n\n\n\n<p>Los grandes incendios son cada vez mayores. Es decir, el tama\u00f1o medio de los incendios que escapan a la contenci\u00f3n aumenta, y eso pasa porque est\u00e1 aumentando la intensidad de los incendios.<\/p>\n\n\n\n<p>En el momento de escribir este art\u00edculo, se estima que uno de los incendios en Gironda (Francia)&nbsp;<a href=\"https:\/\/www.lemonde.fr\/planete\/article\/2022\/07\/15\/incendies-les-pompiers-toujours-a-la-lutte-en-gironde-le-feu-fixe-pres-d-avignon_6134871_3244.html\">rondar\u00eda las 8&nbsp;000&nbsp;ha<\/a>. Estar\u00edamos hablando del incendio de mayor extensi\u00f3n de los \u00faltimos 30 a\u00f1os en Francia y el tercero desde que empez\u00f3&nbsp;<a href=\"https:\/\/www.promethee.com\/default\/incendies\">el registro galo en 1973<\/a>. Algo parecido ocurr\u00eda en el incendio en la sierra de la Culebra (Zamora) hace unas semanas:&nbsp;<a href=\"https:\/\/comunicacion.jcyl.es\/web\/jcyl\/Comunicacion\/es\/Plantilla100Detalle\/1284333833575\/NotaPrensa\/1285180810738\/Comunicacion\">roz\u00f3 el tama\u00f1o<\/a>&nbsp;de los incendios m\u00e1s extensos registrados en Espa\u00f1a.<\/p>\n\n\n\n<figure class=\"wp-block-image\"><img decoding=\"async\" src=\"https:\/\/images.theconversation.com\/files\/474428\/original\/file-20220717-20-se4lj8.png?ixlib=rb-1.1.0&amp;q=45&amp;auto=format&amp;w=754&amp;fit=clip\" alt=\"\"\/><figcaption>El n\u00famero de grandes incendios (los de m\u00e1s de 500 hect\u00e1reas) ha disminuido con respecto de la d\u00e9cada de los 80 porque se invierte m\u00e1s en medios de extinci\u00f3n. Sin embargo, el tama\u00f1o medio de los grandes incendios va en aumento, lo que indica que aumenta la intensidad y, por tanto, la virulencia de estos grandes incendios.&nbsp;V\u00edctor Resco, a partir de la Estad\u00edstica General de Incendios Forestales del MITECO.,&nbsp;Author provided<\/figcaption><\/figure>\n\n\n\n<p><strong>\u2013&nbsp;<\/strong><strong>Simultaneidad de incendios de alta intensidad.<\/strong>&nbsp;No es la primera vez que nos encontramos frente a un escenario de fuegos de quinta generaci\u00f3n. En los a\u00f1os 1978 y 1985, por ejemplo, se sucedieron m\u00e1s de 150 grandes incendios en Espa\u00f1a. Lo inusual de la temporada actual no es el n\u00famero de grandes incendios, sino la simultaneidad de incendios muy intensos.<\/p>\n\n\n\n<p>Adem\u00e1s, la simultaneidad de incendios no se est\u00e1 dando a escala nacional, sino subcontinental: el suroeste de Europa est\u00e1 en esa situaci\u00f3n. Y se espera que&nbsp;<a href=\"https:\/\/www.metoffice.gov.uk\/weather\/warnings-and-advice\/uk-warnings#?date=2022-07-18\">el Reino Unido<\/a>&nbsp;entre en ola de calor, lo que podr\u00eda llevar los grandes incendios tambi\u00e9n a las lluviosas islas brit\u00e1nicas.<\/p>\n\n\n\n<h2 class=\"wp-block-heading\">Un problema de salud p\u00fablica<\/h2>\n\n\n\n<p>Por desgracia, sabemos que la frecuencia y la fiereza de las olas de calor&nbsp;<a href=\"https:\/\/archive.ipcc.ch\/report\/srex\/\">aumentar\u00e1 con el cambio clim\u00e1tico<\/a>. Durante estos episodios,&nbsp;<a href=\"https:\/\/theconversation.com\/un-tercio-de-las-muertes-por-calor-se-deben-al-cambio-climatico-inducido-por-el-ser-humano-162263\">la mortalidad aumenta<\/a>&nbsp;porque el organismo se descompensa, afectando sobretodo a personas mayores o con patolog\u00eda previas.<\/p>\n\n\n\n<p>Durante las olas de calor empeora tambi\u00e9n la calidad del aire notablemente debido a los incendios forestales. Las im\u00e1genes del Meteosat nos mostraban, por ejemplo, c\u00f3mo el humo de los incendios en las Landas francesas llegaba hasta la costa cant\u00e1brica espa\u00f1ola.<\/p>\n\n\n\n<p>La inhalaci\u00f3n de humos es otro factor que contribuye al exceso de mortalidad en olas de calor; se le considera responsable de&nbsp;<a href=\"https:\/\/www.mja.com.au\/journal\/2020\/213\/6\/unprecedented-smoke-related-health-burden-associated-2019-20-bushfires-eastern?utm_source=tiles&amp;utm_medium=web&amp;utm_campaign=homepage\">417 muertes en los incendios de S\u00eddney de 2019<\/a>.<\/p>\n\n\n\n<figure class=\"wp-block-image\"><img decoding=\"async\" src=\"https:\/\/images.theconversation.com\/files\/474429\/original\/file-20220717-26-v48mdv.jpeg?ixlib=rb-1.1.0&amp;q=45&amp;auto=format&amp;w=754&amp;fit=clip\" alt=\"\"\/><figcaption>Imagen del 15 de julio de 2022 del sat\u00e9lite Meteosat donde se aprecia al humo de los incendios en las Landas (Francia) llegar hasta la costa cant\u00e1brica espa\u00f1ola.&nbsp;Meteosat<\/figcaption><\/figure>\n\n\n\n<h2 class=\"wp-block-heading\">El peligro de las olas de calor continuadas<\/h2>\n\n\n\n<p>Durante las&nbsp;<a href=\"https:\/\/theconversation.com\/es\/topics\/ola-de-calor-64777\">olas de calor<\/a>&nbsp;aumenta el potencial desecante de la atm\u00f3sfera y nos encontramos con que muchas plantas se secan, por lo que liberan m\u00e1s energ\u00eda al quemar.<\/p>\n\n\n\n<p>Disminuye tambi\u00e9n la humedad en la hojarasca, facilitando la ignici\u00f3n y propagaci\u00f3n del incendio. Aquellas zonas m\u00e1s h\u00famedas que normalmente actuar\u00edan de cortafuegos, tales como los fondos de valle, se vuelven tan secas como las de su alrededor. Es decir, el paisaje se torna uniformemente seco.<\/p>\n\n\n\n<p>La atm\u00f3sfera desecante&nbsp;<a href=\"https:\/\/www.mdpi.com\/2073-4433\/9\/7\/285\">aumenta tambi\u00e9n el arrojo<\/a>&nbsp;de los incendios forestales, lo que de nuevo intensifica su comportamiento. Esto es, la columna de convectiva del incendio puede ascender hasta grandes alturas por la atm\u00f3sfera, lo que puede aumentar las corrientes y el transporte de pavesas.<\/p>\n\n\n\n<figure class=\"wp-block-image\"><img decoding=\"async\" src=\"https:\/\/images.theconversation.com\/files\/474431\/original\/file-20220717-24-fohaq9.jpg?ixlib=rb-1.1.0&amp;q=45&amp;auto=format&amp;w=754&amp;fit=clip\" alt=\"    \"\/><figcaption>Las plantas se secan durante olas de calor, como vemos en las jaras (derecha) o pinos (izquierda).&nbsp;V\u00edctor Resco,&nbsp;Author provided<\/figcaption><\/figure>\n\n\n\n<h2 class=\"wp-block-heading\">Qu\u00e9 cabe esperar en el futuro<\/h2>\n\n\n\n<p>El cintur\u00f3n de los incendios se est\u00e1 expandiendo en latitud y en altitud. Los grandes incendios en zonas de Europa donde hasta ahora eran raros, como el Reino Unido y Escandinavia, son cada vez m\u00e1s comunes. Las zonas de monta\u00f1a, como los Alpes y los Pirineos, son&nbsp;<a href=\"https:\/\/www.sciencedirect.com\/science\/article\/abs\/pii\/S0048969721041760\">cada vez m\u00e1s inflamables<\/a>.<\/p>\n\n\n\n<p>La \u00e9poca en la que los incendios&nbsp;<a href=\"https:\/\/theconversation.com\/la-era-de-los-incendios-que-ya-no-podemos-apagar-165697\">se apagaban con agua se ha acabado<\/a>. Estamos viendo el resultado de d\u00e9cadas de dejadez en la gesti\u00f3n del territorio y de inacci\u00f3n clim\u00e1tica. Estamos viendo el tr\u00e1iler de la pel\u00edcula del futuro que les estamos dejando a nuestros hijos y a nuestros nietos.<\/p>\n\n\n\n<p><em><a href=\"https:\/\/theconversation.com\/profiles\/victor-resco-de-dios-767249\">V\u00edctor Resco de Dios<\/a>. Pofesor de ingenier\u00eda forestal y cambio global en PVCF-Agrotecnio, Universitat de Lleida<\/em><\/p>\n","protected":false},"excerpt":{"rendered":"<p>V\u00edctor Resco de Dios Fuente: Rebeli\u00f3n Desde Faro hasta Marsella, una nueva oleada de incendios se est\u00e1&nbsp;ensa\u00f1ando con el suroeste de Europa. Estamos frente a lo que los bomberos llaman&nbsp;incendios de quinta generaci\u00f3n: una simultaneidad de grandes incendios que ponen en jaque a los sistemas de extinci\u00f3n, llegando en algunos casos a amenazar a n\u00facleos [&hellip;]<\/p>\n","protected":false},"author":1,"featured_media":7264,"comment_status":"open","ping_status":"open","sticky":false,"template":"","format":"standard","meta":{"footnotes":""},"categories":[4],"tags":[],"_links":{"self":[{"href":"http:\/\/www.movimientocaamanista.com\/index.php?rest_route=\/wp\/v2\/posts\/7263"}],"collection":[{"href":"http:\/\/www.movimientocaamanista.com\/index.php?rest_route=\/wp\/v2\/posts"}],"about":[{"href":"http:\/\/www.movimientocaamanista.com\/index.php?rest_route=\/wp\/v2\/types\/post"}],"author":[{"embeddable":true,"href":"http:\/\/www.movimientocaamanista.com\/index.php?rest_route=\/wp\/v2\/users\/1"}],"replies":[{"embeddable":true,"href":"http:\/\/www.movimientocaamanista.com\/index.php?rest_route=%2Fwp%2Fv2%2Fcomments&post=7263"}],"version-history":[{"count":1,"href":"http:\/\/www.movimientocaamanista.com\/index.php?rest_route=\/wp\/v2\/posts\/7263\/revisions"}],"predecessor-version":[{"id":7265,"href":"http:\/\/www.movimientocaamanista.com\/index.php?rest_route=\/wp\/v2\/posts\/7263\/revisions\/7265"}],"wp:featuredmedia":[{"embeddable":true,"href":"http:\/\/www.movimientocaamanista.com\/index.php?rest_route=\/wp\/v2\/media\/7264"}],"wp:attachment":[{"href":"http:\/\/www.movimientocaamanista.com\/index.php?rest_route=%2Fwp%2Fv2%2Fmedia&parent=7263"}],"wp:term":[{"taxonomy":"category","embeddable":true,"href":"http:\/\/www.movimientocaamanista.com\/index.php?rest_route=%2Fwp%2Fv2%2Fcategories&post=7263"},{"taxonomy":"post_tag","embeddable":true,"href":"http:\/\/www.movimientocaamanista.com\/index.php?rest_route=%2Fwp%2Fv2%2Ftags&post=7263"}],"curies":[{"name":"wp","href":"https:\/\/api.w.org\/{rel}","templated":true}]}}