{"id":7303,"date":"2022-08-17T11:15:48","date_gmt":"2022-08-17T11:15:48","guid":{"rendered":"http:\/\/www.movimientocaamanista.com\/?p=7303"},"modified":"2022-08-17T11:15:50","modified_gmt":"2022-08-17T11:15:50","slug":"el-planeta-tierra-da-positivo-en-el-control-antidopaje","status":"publish","type":"post","link":"http:\/\/www.movimientocaamanista.com\/?p=7303","title":{"rendered":"El planeta Tierra da positivo en el control antidopaje"},"content":{"rendered":"\n<p>Sergio Ferrari<\/p>\n\n\n\n<p>Fuente: <a href=\"https:\/\/rebelion.org\/el-planeta-tierra-da-positivo-en-el-control-antidopaje\/\">Rebeli\u00f3n<\/a><\/p>\n\n\n\n<p>Europa occidental se cocina al espiedo y bate r\u00e9cords hist\u00f3ricos de temperaturas. Esta situaci\u00f3n no es m\u00e1s que un anticipo de lo que le espera al planeta entero, al menos hasta 2060.<\/p>\n\n\n\n<p>El calor extremo en el oeste del continente europeo est\u00e1 provocando peligrosos incendios forestales en Francia, Espa\u00f1a y Grecia, as\u00ed como una sequ\u00eda sin precedentes en Italia y Portugal, pa\u00eds que el 19 de julio lleg\u00f3 a 47 grados cent\u00edgrados. El Reino Unido alcanz\u00f3 ese martes m\u00e1s de 40 grados cent\u00edgrados, la marca m\u00e1s elevada registrada hasta ahora en ese pa\u00eds. Las temperaturas explotaron en B\u00e9lgica y los Pa\u00edses Bajos. Hasta el mi\u00e9rcoles 20, sin embargo, no se hab\u00eda superado en Europa el r\u00e9cord de 2021, los 48,8 grados de Sicilia.<\/p>\n\n\n\n<p><strong>UN HORNO EN LA CABEZA<\/strong><\/p>\n\n\n\n<p>Seg\u00fan diversos expertos, esta ola de calor naci\u00f3 en \u00c1frica septentrional y desde all\u00ed se fue desplazando hacia el norte. Resultado de la conjunci\u00f3n de un calentamiento originado en las temperaturas del verano en el Desierto de Sahara y un sistema marino de baja presi\u00f3n, formado entre las islas atl\u00e1nticas de Madeira y Azores.<\/p>\n\n\n\n<p>Esta ola extrema afect\u00f3 el mi\u00e9rcoles 20 de julio a la capital alemana. En Berl\u00edn hubo marcas cercanas a los 40 grados. Un d\u00eda antes, en Duisburgo, al oeste del pa\u00eds, se lleg\u00f3 a los 39,5 grados, super\u00e1ndose as\u00ed el r\u00e9cord de 2021 (39,2 grados el19 de junio) aunque no el r\u00e9cord hist\u00f3rico de 41,2 grados en julio de 2019.<\/p>\n\n\n\n<p>El servicio meteorol\u00f3gico alem\u00e1n anunci\u00f3 que es probable que en este pa\u00eds, al igual que en otras naciones europeas, se alcancen cada vez con m\u00e1s frecuencia temperaturas por encima de los 40 grados. Hasta ahora, esta situaci\u00f3n con temperaturas repetidas de 40 grados o m\u00e1s se consideraba como un hecho excepcional.&nbsp;<\/p>\n\n\n\n<p>Por su parte, la Agencia Estatal de Meteorolog\u00eda espa\u00f1ola (AEMET), inform\u00f3 el tercer mi\u00e9rcoles de julio, que la \u201canomal\u00eda\u201d \u2014 la diferencia entre la temperatura que puede considerarse como ola de calor y la realmente registrada \u2014 fue muy alta: 4,2 grados en el pa\u00eds ib\u00e9rico. Anomal\u00eda que supera a la de agosto de 2021 y que representa un r\u00e9cord desde que comenzaron las mediciones, en 1975.<\/p>\n\n\n\n<p>En relaci\u00f3n directa con las altas temperaturas, la Radio Televisi\u00f3n Espa\u00f1ola inform\u00f3 el 21 de julio que en nueve d\u00edas se registraron 1.047 decesos. Por su parte, en Portugal, diferentes medios de prensa hablaron de m\u00e1s de 1.000 decesos hasta el 19 de julio. La can\u00edcula europea de 2003 produjo, seg\u00fan datos de las Naciones Unidas (ONU), cerca de 75.000 decesos.<\/p>\n\n\n\n<p>En igual per\u00edodo (en torno al 18 y 19 de julio) Suiza se\u00f1al\u00f3 una situaci\u00f3n de emergencia en algunos de sus cantones latinos debido al calor extraordinario y varias ciudades establecieron normas estrictas para el control del uso del agua, hecho casi sin precedentes en esta reserva alpina de agua potable. Con solo 40 mil kil\u00f3metros concentra el 6% de las reservas de agua dulce de todo el continente. Porcentaje mucho mayor si solo se tiene en cuenta la cantidad de agua dulce que reciben desde los Alpes sus vecinos: Italia, Francia, Alemania y Austria.<\/p>\n\n\n\n<p><strong>NOVEDOSA, PERO NO EXCEPCIONAL<\/strong><\/p>\n\n\n\n<p>Esta situaci\u00f3n clim\u00e1tica, que en alg\u00fan momento se hubiera considerado \u201cexcepcional\u201d, comienza a perfilar lo que ser\u00e1 la norma durante de los pr\u00f3ximos 40 a\u00f1os.<\/p>\n\n\n\n<p>Las olas de calor como la que actualmente padece Europa ser\u00e1n cada vez m\u00e1s frecuentes y continuar\u00e1n al menos hasta 2060, asegur\u00f3 el 19 de julio el finland\u00e9s Petteri Talas, secretario general de la Organizaci\u00f3n Meteorol\u00f3gica Mundial (OMM) que forma parte del sistema de la ONU.<\/p>\n\n\n\n<p>Y ratific\u00f3 lo que ya todos saben: que este patr\u00f3n clim\u00e1tico est\u00e1 relacionado con el calentamiento global resultante de la actividad humana, realidad que aumenta la preocupaci\u00f3n cuando pensamos en el futuro. En otras palabras, insiste Talas, \u201clas olas de calor se est\u00e1n haciendo m\u00e1s comunes a causa del cambio clim\u00e1tico\u00bb.<br><br>Apelando a una analog\u00eda deportiva, explic\u00f3 que \u201chemos dopado a la atm\u00f3sfera\u201d, inyect\u00e1ndole enormes cantidades de gases de efecto invernadero, especialmente di\u00f3xido de carbono, y por esta raz\u00f3n el calentamiento y otras tendencias \u201ccontinuar\u00e1n al menos hasta 2060, independientemente del \u00e9xito o no [de los esfuerzos] por mitigar el cambio clim\u00e1tico\u00bb.<\/p>\n\n\n\n<p>Los efectos del&nbsp;<em>doping<\/em>&nbsp;en un ser humano no desaparecen de un d\u00eda a otro. El dopaje que sufre la Tierra obligar\u00e1 a una desintoxicaci\u00f3n de d\u00e9cadas, aun si se dieran condiciones ideales a partir de una reducci\u00f3n significativa del efecto invernadero. Por el momento dicha reducci\u00f3n no se est\u00e1 logrando. &nbsp;En resumidas cuentas: a dosis enormes, efectos profundos y terapias a largo alcance, sin seguridad alguna de cura real.<\/p>\n\n\n\n<p>Talas tambi\u00e9n dijo que, en el futuro, \u201ceste tipo de olas de calor ser\u00e1n normales y veremos extremos a\u00fan m\u00e1s fuertes\u201d. Y acept\u00f3 que \u201cya hemos perdido la partida en lo que respecta al deshielo de los glaciares. Dicho fen\u00f3meno continuar\u00e1 durante los pr\u00f3ximos cientos de a\u00f1os o incluso miles de a\u00f1os\u2026&nbsp;<a>[y por lo tanto]<\/a>&nbsp;el aumento del nivel del mar continuar\u00e1\u201d por igual cantidad de tiempo.<\/p>\n\n\n\n<p><strong>PURO&nbsp;<em>DOPING<\/em><\/strong><\/p>\n\n\n\n<p>Portavoces de la Organizaci\u00f3n Mundial de la Salud (OMS) subrayaron que la can\u00edcula significa un desaf\u00edo para la salud, ya que cuando confronta temperaturas muy altas, el organismo tiene que luchar esforzadamente para mantener estable su temperatura interna. Este combate genera fatiga, golpes de calor, hipertensi\u00f3n, hipertermia y un cambio del comportamiento, el cual, en general, puede agravarse por la irregularidad del descanso, con consecuencias negativas para la estabilidad psicol\u00f3gica y emocional del ser humano.<br><br>No menos significativos son los efectos contaminantes. Las temperaturas extremas forman una especie de tapa atmosf\u00e9rica que contamina y degrada la calidad del aire, con consecuencias negativas para la salud, sobre todo en personas vulnerables, como los ancianos. En muchos pa\u00edses europeos, esta situaci\u00f3n clim\u00e1tica se complica por el impacto directo de los \u201cvientos del Sahara\u201d, que durante d\u00edas pueden generar un fen\u00f3meno contaminante que hace irrespirable el aire. &nbsp;Seg\u00fan la OMS, una amplia mayor\u00eda (cerca del 99%) de los seres humanos a nivel mundial hoy ya respiran un aire que no cumple con los valores y las exigencias de salubridad definidas por dicha organizaci\u00f3n.<\/p>\n\n\n\n<p>Por su parte, la Organizaci\u00f3n Meteorol\u00f3gica Mundial, afirma que el impacto directo de las temperaturas excesivas sobre la agricultura puede ser nefasto. Y recuerda que, durante las anteriores olas de calor en Europa, se perdi\u00f3 una gran parte de las cosechas. En la situaci\u00f3n actual, cuando el abastecimiento de granos transita una fase de por s\u00ed cr\u00edtica debido a la guerra entre Rusia y Ucrania, esta ola de calor va a operar de forma doblemente negativa en las actividades agr\u00edcolas.<\/p>\n\n\n\n<p>Europa abrasada. Los term\u00f3metros explotan. El poder pol\u00edtico no asume la responsabilidad de la emergencia clim\u00e1tica. Y la creatividad humana casi no alcanza para esquivar el calor infernal en una regi\u00f3n que, en particular desde febrero, parece no tener respiro entre crisis, m\u00e1s crisis y nueva crisis.<\/p>\n","protected":false},"excerpt":{"rendered":"<p>Sergio Ferrari Fuente: Rebeli\u00f3n Europa occidental se cocina al espiedo y bate r\u00e9cords hist\u00f3ricos de temperaturas. Esta situaci\u00f3n no es m\u00e1s que un anticipo de lo que le espera al planeta entero, al menos hasta 2060. El calor extremo en el oeste del continente europeo est\u00e1 provocando peligrosos incendios forestales en Francia, Espa\u00f1a y Grecia, [&hellip;]<\/p>\n","protected":false},"author":1,"featured_media":7304,"comment_status":"open","ping_status":"open","sticky":false,"template":"","format":"standard","meta":{"footnotes":""},"categories":[4],"tags":[],"_links":{"self":[{"href":"http:\/\/www.movimientocaamanista.com\/index.php?rest_route=\/wp\/v2\/posts\/7303"}],"collection":[{"href":"http:\/\/www.movimientocaamanista.com\/index.php?rest_route=\/wp\/v2\/posts"}],"about":[{"href":"http:\/\/www.movimientocaamanista.com\/index.php?rest_route=\/wp\/v2\/types\/post"}],"author":[{"embeddable":true,"href":"http:\/\/www.movimientocaamanista.com\/index.php?rest_route=\/wp\/v2\/users\/1"}],"replies":[{"embeddable":true,"href":"http:\/\/www.movimientocaamanista.com\/index.php?rest_route=%2Fwp%2Fv2%2Fcomments&post=7303"}],"version-history":[{"count":1,"href":"http:\/\/www.movimientocaamanista.com\/index.php?rest_route=\/wp\/v2\/posts\/7303\/revisions"}],"predecessor-version":[{"id":7305,"href":"http:\/\/www.movimientocaamanista.com\/index.php?rest_route=\/wp\/v2\/posts\/7303\/revisions\/7305"}],"wp:featuredmedia":[{"embeddable":true,"href":"http:\/\/www.movimientocaamanista.com\/index.php?rest_route=\/wp\/v2\/media\/7304"}],"wp:attachment":[{"href":"http:\/\/www.movimientocaamanista.com\/index.php?rest_route=%2Fwp%2Fv2%2Fmedia&parent=7303"}],"wp:term":[{"taxonomy":"category","embeddable":true,"href":"http:\/\/www.movimientocaamanista.com\/index.php?rest_route=%2Fwp%2Fv2%2Fcategories&post=7303"},{"taxonomy":"post_tag","embeddable":true,"href":"http:\/\/www.movimientocaamanista.com\/index.php?rest_route=%2Fwp%2Fv2%2Ftags&post=7303"}],"curies":[{"name":"wp","href":"https:\/\/api.w.org\/{rel}","templated":true}]}}