{"id":735,"date":"2019-11-15T14:55:32","date_gmt":"2019-11-15T14:55:32","guid":{"rendered":"http:\/\/www.movimientocaamanista.com\/?p=735"},"modified":"2019-11-18T14:50:29","modified_gmt":"2019-11-18T14:50:29","slug":"caminata-por-la-dignidad-indigena-y-en-repudio-al-golpe-de-estado","status":"publish","type":"post","link":"http:\/\/www.movimientocaamanista.com\/?p=735","title":{"rendered":"Caminata por la dignidad ind\u00edgena y en REPUDIO AL GOLPE DE ESTADO"},"content":{"rendered":"\n<p><strong>Este domingo 17<\/strong>  a las 4 de la tarde, un peque\u00f1o grupo de solidarios y solidarias con el pueblo de Bolivia, estamos convocando una caminata por la dignidad ind\u00edgena y en REPUDIO AL GOLPE DE ESTADO contra el presidente de Bolivia y presidente electo, <strong>Evo Morales Ayma<\/strong>, saliendo de la Bol\u00edvar con Lincoln, desde el parque que lleva el nombre del venezolano \u201cprecursor de la Emancipaci\u00f3n Americana contra el Imperio espa\u00f1ol, Francisco de Miranda y caminar hasta la estatua de la REBELDIA IND\u00cdGENA, ubicada en la Av. de la Salud esquina Churchill, en donde se leer\u00e1 un documento de solidaridad con el Pueblo Boliviano que hoy en las calles reclama respeto a la Constituci\u00f3n y el regreso a la presidencia de su presidente, Evo Morales Ayma.<br> \u00danete a \u00e9ste peque\u00f1o grupo de solidarixs, seguro de que con tu presencia seremos m\u00e1s:<br><strong> \u00a1EVO NO EST\u00c1 SOLO CARAJO!<\/strong> <br> Trae tu foto de Evo, tu cartel, tu consigna, tu canto, tu flauta\u2026<\/p>\n","protected":false},"excerpt":{"rendered":"<p>Este domingo 17 a las 4 de la tarde, un peque\u00f1o grupo de solidarios y solidarias con el pueblo de Bolivia, estamos convocando una caminata por la dignidad ind\u00edgena y en REPUDIO AL GOLPE DE ESTADO contra el presidente de Bolivia y presidente electo, Evo Morales Ayma, saliendo de la Bol\u00edvar con Lincoln, desde el [&hellip;]<\/p>\n","protected":false},"author":1,"featured_media":736,"comment_status":"open","ping_status":"open","sticky":false,"template":"","format":"standard","meta":{"footnotes":""},"categories":[5,16],"tags":[],"_links":{"self":[{"href":"http:\/\/www.movimientocaamanista.com\/index.php?rest_route=\/wp\/v2\/posts\/735"}],"collection":[{"href":"http:\/\/www.movimientocaamanista.com\/index.php?rest_route=\/wp\/v2\/posts"}],"about":[{"href":"http:\/\/www.movimientocaamanista.com\/index.php?rest_route=\/wp\/v2\/types\/post"}],"author":[{"embeddable":true,"href":"http:\/\/www.movimientocaamanista.com\/index.php?rest_route=\/wp\/v2\/users\/1"}],"replies":[{"embeddable":true,"href":"http:\/\/www.movimientocaamanista.com\/index.php?rest_route=%2Fwp%2Fv2%2Fcomments&post=735"}],"version-history":[{"count":1,"href":"http:\/\/www.movimientocaamanista.com\/index.php?rest_route=\/wp\/v2\/posts\/735\/revisions"}],"predecessor-version":[{"id":737,"href":"http:\/\/www.movimientocaamanista.com\/index.php?rest_route=\/wp\/v2\/posts\/735\/revisions\/737"}],"wp:featuredmedia":[{"embeddable":true,"href":"http:\/\/www.movimientocaamanista.com\/index.php?rest_route=\/wp\/v2\/media\/736"}],"wp:attachment":[{"href":"http:\/\/www.movimientocaamanista.com\/index.php?rest_route=%2Fwp%2Fv2%2Fmedia&parent=735"}],"wp:term":[{"taxonomy":"category","embeddable":true,"href":"http:\/\/www.movimientocaamanista.com\/index.php?rest_route=%2Fwp%2Fv2%2Fcategories&post=735"},{"taxonomy":"post_tag","embeddable":true,"href":"http:\/\/www.movimientocaamanista.com\/index.php?rest_route=%2Fwp%2Fv2%2Ftags&post=735"}],"curies":[{"name":"wp","href":"https:\/\/api.w.org\/{rel}","templated":true}]}}