{"id":7353,"date":"2022-08-29T22:20:24","date_gmt":"2022-08-29T22:20:24","guid":{"rendered":"http:\/\/www.movimientocaamanista.com\/?p=7353"},"modified":"2022-08-29T22:20:31","modified_gmt":"2022-08-29T22:20:31","slug":"colombia-ejemplo-de-rebelion-de-las-culturas-excluidas","status":"publish","type":"post","link":"http:\/\/www.movimientocaamanista.com\/?p=7353","title":{"rendered":"COLOMBIA: EJEMPLO DE REBELI\u00d3N DE LAS CULTURAS EXCLUIDAS"},"content":{"rendered":"\n<p>Narciso Isa Conde<\/p>\n\n\n\n<p>Cierto que el Pacto Hist\u00f3rico en Colombia no fuera lo que es, ni hubiera triunfado electoralmente, si  no se hubiera producido la persistente rebeli\u00f3n multitudinaria iniciada con el PARO NACIONAL en el 2019, desatado en grande en medio de la pandemias en el 2020 hasta impactar el a\u00f1o 2021 previo a las elecciones nacionales.<\/p>\n\n\n\n<p>Pero debemos reconocer que ese paro, precedido de m\u00faltiples luchas y rebeld\u00edas cercanas, seguidas de una original confluencia subversiva  de diversas culturas excluidas y oprimidas, no ha sido todav\u00eda debidamente ponderado en su trascendencia.<\/p>\n\n\n\n<p>Me cuentan que hay un antes y un despu\u00e9s del PARO NACIONAL. Un antes y despu\u00e9s de las confrontaciones desplegadas con alto niveles de creatividad y exorcismo art\u00edstico-cultural realmente impresionantes.<\/p>\n\n\n\n<p>La Colombia de los y las de abajo subi\u00f3 a la superficie junto a su variado acervo en el vasto campo del conocimiento cient\u00edfico, de las artes y del hermoso imaginario de un pueblo hastiado de violencia opresora y discriminaciones odiosas.<\/p>\n\n\n\n<p>El Pueblo Colombiano subvirti\u00f3 y arrincon\u00f3 durante meses las culturas dominantes a escala nacional, con fuertes e intensas insumisiones rurales, urbanas y suburbanas,  gran despliegue de democracia de calle e intensas expresiones de valores culturales menospreciados y maltratados durante siglos.<\/p>\n\n\n\n<p>Emergieron los\/as nadie. La pobrec\u00eda excluida. El pueblo trabajador sobre-explotado y abusado por las imposiciones neoliberales y la cultura de la muerte entronizada en los resortes de poder.<\/p>\n\n\n\n<p>La mingas.<br>Las negritudes.<br>Los feminismos.<br>Los movimientos ambientalistas.<br>Las familias desplazadas con su carga de sufrimientos.<br>Las v\u00edctimas de la homofobia.<br>Las capas medias empobrecidas.<br>La intelectualidad contestataria: escritores, poetas, teatristas, m\u00fasicos, canta-autores, pintores, folkloristas, artesanos\u2026<br>Las fuerzas del trabajo y la cultura en franca rebeli\u00f3n.<br>La creaci\u00f3n art\u00edstica como arma.<\/p>\n\n\n\n<p>Presente las rebeld\u00edas castigadas  por el paramilitarismo asesino y el Estado narco-terrorista.Desplegadas las indignaciones generadas por la guerra sucia.<\/p>\n\n\n\n<p>Asumida colectivamente la determinaci\u00f3n popular de conquistar una paz sistem\u00e1ticamente negada o traicionada y de ponerle fin a la impunidad descarada. <\/p>\n\n\n\n<p>Presente desde las monta\u00f1as las insurgencias inclaudicables con sus mochilas repletas de hero\u00edsmo y sacrificios inconmensurables<br> Bol\u00edvar con su espada confrontando a Santander.<\/p>\n\n\n\n<p>Calles y plazas inundadas de rebeld\u00edas y revoluci\u00f3n cultural.<br> Emergieron as\u00ed, desde la base de la pir\u00e1mide social, las culturas emancipadoras.<\/p>\n\n\n\n<p>Floreci\u00f3 una diversidad de actores sociales confluyendo en una gran avalancha que lleg\u00f3 a demandar la cabeza del presidente de turno; sellando as\u00ed el principio del fin del anciano r\u00e9gimen, pendiente todav\u00eda de un desmonte que habr\u00e1 de exigir renovadas rebeliones.<\/p>\n\n\n\n<p><strong>\u2022 DE LAS CALLES A LAS URNAS: L\u00cdMITES Y RETOS.<\/strong><\/p>\n\n\n\n<p>Bloqueada la ruptura, porque el despliegue de energ\u00edas no alcanz\u00f3 para consumarla, la avalancha se volc\u00f3 hacia las urnas, donde la victoria alcanzada se ve obligada a montarse sobre la vieja institucionalidad y a entrar en una ruta mucho m\u00e1s incierta por la segura resistencia combinada de la coyunda imperial, las elites capitalistas y las estructuras militares, policiales  y partidistas a su servicio.<\/p>\n\n\n\n<p>Vale de todas maneras el cambio cultural generado durante el PARO NACIONAL y mas all\u00e1.<\/p>\n\n\n\n<p>Todo cambi\u00f3, menos el viejo r\u00e9gimen deslegitimado, despu\u00e9s de esa avalancha clasista y multicultural.<\/p>\n\n\n\n<p>La sinf\u00f3nica nacional es ya tambi\u00e9n una orquesta de calle. Cambi\u00f3 el Pacto Hist\u00f3rico, que de pronto se nutri\u00f3 en grande de las culturas emergentes y de los movimientos sociales en lucha. Cambi\u00f3 Petro para poder sintonizarse mejor con  las rebeliones de las culturas excluidas y el pueblo de a pie. Cambi\u00f3 el gobierno y el estilo de gobernar: se impuso la cercan\u00eda con el pueblo llano.<\/p>\n\n\n\n<p>Emergieron con m\u00e1s fuerza liderazgos como el Francia M\u00e1rquez, previamente articulados a las subversiones culturales y a la defensa de la vida que confluyeron desafiante en el PARO NACIONAL.<\/p>\n\n\n\n<p>Las derechas liberales y conservadoras se ha visto obligadas a un repliegue t\u00e1ctico, que incluye pactos temporales con el nuevo gobierno que luce a la ofensiva, procurando no afectar, m\u00e1s bien reforzar,  los v\u00ednculos con los sujetos protagonista de PARO NACIONAL que da inicio a una transici\u00f3n dif\u00edcil en la que fracasar es el retorno a la oscuridad y a las crueles vicisitudes sufridas ya impugnadas.<\/p>\n\n\n\n<p>El neofascismo no ha cambiado.<br>El fascismo no cambia.<\/p>\n\n\n\n<p>Por el momento est\u00e1 considerablemente aislado, pero siempre es de temer, m\u00e1s aun con una parte importante del paramilitarismo de su lado, con la narco-burgues\u00eda, cuerpos militares, de la lumpen-burgues\u00eda\u2026 de su lado. Pendiente todav\u00eda un posible re-viraje de las derechas impenitentes temporalmente apaciguadas.<\/p>\n\n\n\n<p>Si las clases dominantes no se suicidan ni se rinden, las mafias pol\u00edticas y militares, que tanto abundan en Colombia, menos.<\/p>\n\n\n\n<p>Ese pleito est\u00e1 &#8220;casad&#8221;o, tan &#8220;casado&#8221; como el que habr\u00e1 que librar contra el Norte Revuelto y Brutal, que en su decadencia, solo da se\u00f1ales de m\u00e1s agresividad, sobre todo en su mal llamado patio trasero en franca y complicada rebeld\u00eda.<\/p>\n\n\n\n<p>El imperialismo occidental, con EEUU a la cabeza, no cambia para bien. <br> Maniobra con un Biden amenazado por un Trump que se revuelca en sus entra\u00f1as, precisamente el aliado carnal del santaderismo de Uribe, Duque y muchos m\u00e1s. <\/p>\n\n\n\n<p>Maniobra con un Biden y unos magnates globalistas que no han dejado de pisar el acelerador de la OTAN, instrumento trasatl\u00e1ntico de la guerra global permanente empleada para recuperar una hegemon\u00eda maltrecha, territorios y riquezas. \u00a1Que cuentan con bases y poderosos sistema militares en el propio territorio colombiano y de cara al control de la diezmada y vital Amazon\u00eda!<\/p>\n\n\n\n<p><strong>\u2022 CRECE LA CONTRAPARTIDA POPULAR-MULTICULTURAL<\/strong><\/p>\n\n\n\n<p>Pero de todas maneras crece la contrapartida contra la vieja y cruel alienaci\u00f3n. Brota la contra-hegemon\u00eda que no ha sido f\u00e1cil de apreciar en su real dimensi\u00f3n por lo original de sus manifestaciones; y brota desde abajo, impactando gran parte de la sociedad.<\/p>\n\n\n\n<p>Confieso no ha sido f\u00e1cil para m\u00ed  -y  pienso que para no pocos estudiosos del tema- entender  a tiempo el valor trascendente del Paro Nacional, m\u00e1s all\u00e1 de la manera como erosion\u00f3 al uribismo.<\/p>\n\n\n\n<p>No ha sido f\u00e1cil entenderlo en todas sus vertientes, intensidades y vol\u00famenes, por lo cabe tambi\u00e9n la posibilidad de no apreciar debidamente otros factores contradictorios de  un proceso tan peculiar como el que est\u00e1 en marcha en ese pa\u00eds hermano.<\/p>\n\n\n\n<p>En esto se aprende sobre la marcha, con la ayuda de quienes viven y protagonizan ese proceso ejemplar, someti\u00e9ndonos siempre a la prueba del acierto y el error.<\/p>\n\n\n\n<p>En la actualidad percibo que en una Colombia cambiante muchas energ\u00edas positivas en franco despliegue y ellas tiene un valor infinito para librar ese combate trascendente, sobre todo si  logran  confluir con las de las dem\u00e1s luchas libertarias que se escenifican en Nuestra Am\u00e9rica. <\/p>\n\n\n\n<p>Me llegan muchos testimonios que confirman esa tendencia.<\/p>\n\n\n\n<p>La insumisi\u00f3n cultural colombiana es ya m\u00e1s que una reserva. Es un factor activo desde abajo hacia arriba. Es un torrente presionante contra la restauraci\u00f3n de la ignominia y frente todo tipo de vacilaciones o inconsecuencias. <\/p>\n\n\n\n<p>Se logr\u00f3 la reforma fiscal basada en impuestos progresivos a los m\u00e1s ricos.<br> Avanzan aceleradamente los di\u00e1logos de paz con una insurgencia dotada de firmeza, apuntando hacia un solo proceso con m\u00faltiples mesas.<\/p>\n\n\n\n<p>El PARO NACIONAL no emiti\u00f3 un cheque en blanco a los nuevos gobernantes, cuyos m\u00e9ritos y aportes pol\u00edticos no est\u00e1n en discusi\u00f3n. El tema es que la creaci\u00f3n cultural alternativa a cargo de esa modalidad de levantamiento popular  y de sus derivadas posteriores, es el factor clave para avanzar.<\/p>\n\n\n\n<p>Acecha si el riesgo de  que la imprescindible unidad en diversidad, por exceso de celo de las identidades propias, sea afectada por  ciertas din\u00e1micas centrifugas que ya comienzan a expresarse.<\/p>\n\n\n\n<p>Noto -ojala equivocarme- un d\u00e9ficit de antiimperialismo en las nuevas generaciones y los nuevos movimientos sociales. Igual una cierta evasiva de amplios sectores pol\u00edticos-sociales de la necesidad de enfrentar con determinaci\u00f3n a las elites capitalistas responsables de los modelos impuestos y los males acumulados, incluida la negaci\u00f3n de soberan\u00eda a cargo de la intervenci\u00f3n militar de EEUU.<\/p>\n\n\n\n<p>Me parece que no se trata de un fen\u00f3meno solo colombiano. Est\u00e1 presente a escala continental,  en el contexto de la actual oleada de cambios. Un problema a superar con la creatividad que exige un tr\u00e1nsito tan complejo como dif\u00edcil.<\/p>\n\n\n\n<p>Tampoco logro comprender por qu\u00e9 no desplegar cuanto antes esa avalancha de rebeld\u00edas y liberaciones en expansi\u00f3n para abrir las compuertas de un Proceso Constituyente que procure romper las amarras, refundar el Estado Colombiano, cambiar las instituciones y las reglas de juego desde un pueblo movilizado con vocaci\u00f3n de Poder Constituyente.<\/p>\n\n\n\n<p>Pero de todas maneras esa potencialidad existe  y ojal\u00e1 no tarde mucho el momento de su conversi\u00f3n en clamor nacional frente a las obstrucciones de un poder constituido resistente a las transformaciones anheladas, muchas de ellas asumidas desde la calle, la campi\u00f1a y las monta\u00f1as.<\/p>\n\n\n\n<p>Los desaf\u00edos son inmensos y hay que asumirlos a los compases de un despliegue de solidaridad sin l\u00edmites.<\/p>\n","protected":false},"excerpt":{"rendered":"<p>Narciso Isa Conde Cierto que el Pacto Hist\u00f3rico en Colombia no fuera lo que es, ni hubiera triunfado electoralmente, si no se hubiera producido la persistente rebeli\u00f3n multitudinaria iniciada con el PARO NACIONAL en el 2019, desatado en grande en medio de la pandemias en el 2020 hasta impactar el a\u00f1o 2021 previo a las [&hellip;]<\/p>\n","protected":false},"author":1,"featured_media":7354,"comment_status":"open","ping_status":"open","sticky":false,"template":"","format":"standard","meta":{"footnotes":""},"categories":[20,5,16],"tags":[],"_links":{"self":[{"href":"http:\/\/www.movimientocaamanista.com\/index.php?rest_route=\/wp\/v2\/posts\/7353"}],"collection":[{"href":"http:\/\/www.movimientocaamanista.com\/index.php?rest_route=\/wp\/v2\/posts"}],"about":[{"href":"http:\/\/www.movimientocaamanista.com\/index.php?rest_route=\/wp\/v2\/types\/post"}],"author":[{"embeddable":true,"href":"http:\/\/www.movimientocaamanista.com\/index.php?rest_route=\/wp\/v2\/users\/1"}],"replies":[{"embeddable":true,"href":"http:\/\/www.movimientocaamanista.com\/index.php?rest_route=%2Fwp%2Fv2%2Fcomments&post=7353"}],"version-history":[{"count":1,"href":"http:\/\/www.movimientocaamanista.com\/index.php?rest_route=\/wp\/v2\/posts\/7353\/revisions"}],"predecessor-version":[{"id":7355,"href":"http:\/\/www.movimientocaamanista.com\/index.php?rest_route=\/wp\/v2\/posts\/7353\/revisions\/7355"}],"wp:featuredmedia":[{"embeddable":true,"href":"http:\/\/www.movimientocaamanista.com\/index.php?rest_route=\/wp\/v2\/media\/7354"}],"wp:attachment":[{"href":"http:\/\/www.movimientocaamanista.com\/index.php?rest_route=%2Fwp%2Fv2%2Fmedia&parent=7353"}],"wp:term":[{"taxonomy":"category","embeddable":true,"href":"http:\/\/www.movimientocaamanista.com\/index.php?rest_route=%2Fwp%2Fv2%2Fcategories&post=7353"},{"taxonomy":"post_tag","embeddable":true,"href":"http:\/\/www.movimientocaamanista.com\/index.php?rest_route=%2Fwp%2Fv2%2Ftags&post=7353"}],"curies":[{"name":"wp","href":"https:\/\/api.w.org\/{rel}","templated":true}]}}