{"id":7371,"date":"2022-08-29T23:19:05","date_gmt":"2022-08-29T23:19:05","guid":{"rendered":"http:\/\/www.movimientocaamanista.com\/?p=7371"},"modified":"2022-10-16T12:31:56","modified_gmt":"2022-10-16T12:31:56","slug":"politica-de-tiempo-reducimos-la-jornada-laboral","status":"publish","type":"post","link":"http:\/\/www.movimientocaamanista.com\/?p=7371","title":{"rendered":"Pol\u00edtica de tiempo, \u00bfreducimos la jornada laboral?"},"content":{"rendered":"\n<p>Jaume de Mei\u00e0<\/p>\n\n\n\n<p>Fuente: <a href=\"https:\/\/rebelion.org\/politica-de-tiempo-reducimos-la-jornada-laboral\/\">Rebeli\u00f3n<\/a><\/p>\n\n\n\n<p>Desayunar a las 6 de la ma\u00f1ana porque entras a las 7 a trabajar, comer a las 16:00 porque sales a las 15h de trabajar, o cenar las 23h por qu\u00e9 sales del turno de la tarde. Esta no es una historia inventada, es una de las m\u00faltiples historias que vivimos de la forma m\u00e1s realista y cruda. Son las rutinas de los y las an\u00f3nimas, que se transmiten de vez en cuando, si toca, en la cuota sobre vidas corrientes en televisi\u00f3n. He descrito algunos de los horarios a los que he tenido que adaptar mi cuerpo en los trabajos que he tenido y, visto lo visto, tampoco podemos afirmar que fueran precarios. Uno era un turno de ma\u00f1ana, el otro era un turno de tarde\u2026 \u00bfentonces? No he venido a escribir sobre precariedad, \u00a1y mucho menos a escribir sobre m\u00ed! Sino sobre la jornada laboral, su reducci\u00f3n y c\u00f3mo podr\u00eda mejorar nuestras vidas, pero mientras ordeno las ideas en mi cabeza no para de venirme la idea de que, si te paras en la calle a preguntar sobre esta medida, las expresiones en la cara lo dicen todo. Alguno frunce el ce\u00f1o como si les sonara a chino o a Mao, otros alzan las cejas e inspiran fuerte como si lo vieran imposible, alg\u00fan amigo me ha contestado : \u201cYa ves, estar\u00eda guapo\u201d, y por otro lado encontramos los espacios politizados de las izquierdas, donde hablar de reducci\u00f3n de la jornada es el sentido com\u00fan general, no se debate mucho al respecto por qu\u00e9 se entiende como obvio, y esto es lo que me molesta un poco, que en nombre de \u201cDios\u201d, el sentido com\u00fan en los espacios politizados, se deja de lado la lucha con u\u00f1as y dientes por aquello en lo que se cree para esperar que un d\u00eda llegue un \u201cDios\u201d o aquella correlaci\u00f3n de fuerzas que d\u00e9 la capacidad pol\u00edtica necesaria.<\/p>\n\n\n\n<p>La reducci\u00f3n de jornada no es, como muchos pueden pensar, una pol\u00edtica pensada para vagos y listillos que quieren que trabajen otros por ellos (esto m\u00e1s bien se llama capitalismo salvaje), es un pol\u00edtica pensada en mejorar la vida de las personas trabajadoras, pensada como forma de repartir mejor el trabajo, pensada como una filosof\u00eda en la que existen cosas m\u00e1s importantes que la productividad, pensada en repartir mejor los beneficios entre la sociedad, y pensada como una herramienta m\u00e1s de lucha contra el patriarcado.<\/p>\n\n\n\n<p><em>La r\u00e1pida automatizaci\u00f3n de las relaciones laborales en la \u00faltima d\u00e9cada ha creado la necesidad de desarrollar la pol\u00edtica de reducci\u00f3n de la jornada laboral con el fin de no aumentar los niveles de pobreza<\/em><\/p>\n\n\n\n<p>Como en cualquier iniciativa pol\u00edtica existen varias visiones, interpretaciones o priorizaciones que enriquecen el debate, pero s\u00ed que existe un punto en com\u00fan, la necesidad de aplicar esta pol\u00edtica de forma inmediata.&nbsp;<a href=\"https:\/\/catarsimagazin.cat\/jornada-laboral-quatre-4-dies\/\">Harper<\/a>, miembro de la&nbsp;<a href=\"https:\/\/neweconomics.org\/\" target=\"_blank\" rel=\"noreferrer noopener\">New Economics Foundation<\/a>&nbsp;(NEF) afirma que \u201cla reducci\u00f3n del tiempo de trabajo es una manera de garantizar el futuro de nuestra econom\u00eda, y asegurar que el impacto de la automatizaci\u00f3n beneficie a los trabajadores\u201d. Nos da una pista sobre el futuro cercano. Comenta que la r\u00e1pida automatizaci\u00f3n de las relaciones laborales en la \u00faltima d\u00e9cada ha creado la necesidad de desarrollar la pol\u00edtica de reducci\u00f3n de la jornada laboral de forma urgente con el fin de no aumentar dr\u00e1sticamente los niveles de pobreza y exclusi\u00f3n social, a lo que, en mi opini\u00f3n, nos atenemos por falta de intervenci\u00f3n desde el poder p\u00fablico.<\/p>\n\n\n\n<p>Tal vez algunos os dir\u00e9is que realizo afirmaciones absolutas, que, por pasar, cualquier cosa puede pasar, y es por eso mismo que debemos intervenir, ya que es la \u00fanica forma de abrir el abanico de posibilidades, porque si no, y no hace falta haber le\u00eddo mucho sobre capitalismo para saberlo, la l\u00f3gica del mercado, de la competencia y de la extracci\u00f3n del m\u00e1ximo beneficio nos situar\u00e1 en mayores \u00edndices de desigualdad. No tengamos ninguna duda de que si el capitalismo extrae m\u00e1s beneficios con una m\u00e1quina que con cinco trabajadores no dudar\u00e1 un segundo en mandar a los trabajadores a las colas de paro, y si esto va a ser la t\u00f3nica general de las empresas\u2026 \u00bfnos imaginamos el futuro?<\/p>\n\n\n\n<p><a href=\"https:\/\/catarsimagazin.cat\/recuperacio-sense-ocupacio-latur-que-ve\/\">Idoate<\/a>&nbsp;observa que las empresas compiten entre ellas para producir con menores costes laborales con el fin de obtener mayores beneficios, y es mediante esta din\u00e1mica que la producci\u00f3n de mercader\u00edas es cada d\u00eda mayor mientras las ofertas de empleo son cada d\u00eda menores. Esto quiere decir que la automatizaci\u00f3n no ha servido para mejorar las vidas, si no para generar un excedente de la fuerza de trabajo. Las formas de producir han incorporado maquinaria que han reducido las horas de trabajo, as\u00ed pues, \u201cla expulsi\u00f3n de la mano de obra fuera de los circuitos de producci\u00f3n es una de las m\u00e1ximas expresiones de la desposesi\u00f3n de los propios medios de vida al cual el capitalismo somete a la fuerza de trabajo\u201d.<\/p>\n\n\n\n<p>Hablar de intervenci\u00f3n en la econom\u00eda provoca urticaria a algunas personas, lo s\u00e9, pero \u00bfde verdad existen personas que piensan que hay alguna relaci\u00f3n estructural que no est\u00e9 intervenida? Siento decir que en menor o en mayor medida todo est\u00e1 regulado. Por ejemplo, \u00bfsab\u00e9is que la reducci\u00f3n de horas de trabajo est\u00e1 contemplada en la legislaci\u00f3n espa\u00f1ola? El art\u00edculo 37 del Estatuto de los Trabajadores recoge una pila de situaciones en las cuales puedes reducir tu jornada laboral, por ejemplo, para cuidar un menor de edad enfermo o por nacimiento de un hijo o por cuidado de un familiar gravemente enfermo, entre otros. Es m\u00e1s, existe otra norma en la Ley de la Jurisdicci\u00f3n Social que permite llevar a tu jefe a juicio en caso que no te permita ejercer los derechos del art\u00edculo mencionado, esa norma la encontramos en el art 139 de la LJS, por si alguien quiere comprobarlo.<\/p>\n\n\n\n<p>Dicho esto, podemos hablar de intervenci\u00f3n sin que suene a Mao. Existen muchas propuestas al respecto, la m\u00e1s conocida es la de la NEF de reducir la jornada semanal a 21 horas. Esta propuesta parte del objetivo de minimizar el consumo generalizado de la sociedad, por tanto, la reducci\u00f3n de horas va ligada a una reducci\u00f3n de los salarios. La l\u00f3gica es: cuanto menor salario, menor consumo y menor explotaci\u00f3n del planeta tierra. Debo decir que es una propuesta bonita, y sin querer caer en infantilizaciones, debe quedarse en un rinc\u00f3n en la parte frontal del cerebro junto a la utop\u00eda para que la tengamos presente en cada decisi\u00f3n que tomemos, pero debemos partir de propuestas que puedan tener una aplicaci\u00f3n inmediata y cuenten con una simpat\u00eda generalizada por parte de la sociedad. Si tuviera en mi mano elegir una propuesta me quedar\u00eda con la que hacen los miembros de la NEF&nbsp;<a href=\"https:\/\/catarsimagazin.cat\/es-hora-descurcar-la-setmana-laboral\/\">Aidan Harper, Alice Martin y Margaret Welsh<\/a>&nbsp;, donde exponen que los retos de la automatizaci\u00f3n y el cambio clim\u00e1tico dominar\u00e1n la pol\u00edtica en los pr\u00f3ximos a\u00f1os, as\u00ed que debemos utilizar estas crisis como oportunidades para redefinir el mundo del trabajo, y una de las soluciones que propones es la semana laboral de cuatro d\u00edas.<\/p>\n\n\n\n<p>El hecho diferencial con la propuesta de reducir la semana laboral a 21 horas de trabajo es que trata de aprovechar la coyuntura actual de incesante automatizaci\u00f3n para darle la vuelta a la tortilla con el fin de que los beneficios reviertan en la clase trabajadora, y es que la propuesta no acaba aqu\u00ed, ya que el fondo de la cuesti\u00f3n es que la reducci\u00f3n de horas no ir\u00eda unida a una reducci\u00f3n de los salarios, por tanto los ingresos destinados a los trabajadores aumentar\u00edan. No podemos negar que la propuesta sea interesante, es una forma de no rechazar la automatizaci\u00f3n de la sociedad, y utilizarla para redistribuir la riqueza, a la vez que renueva las viejas proclamas socialistas para que los medios de producci\u00f3n est\u00e9n al servicio de la clase trabajadora.<\/p>\n\n\n\n<p>Y, \u00bfpara qu\u00e9 queremos reducir la jornada laboral?&nbsp;<a href=\"https:\/\/catarsimagazin.cat\/pa-sostre-treball-i-temps\/\">Alcaraz<\/a>&nbsp;explica que el modelo de la jornada laboral de ocho horas (8 horas de trabajo, 8 horas de ocio y 8 horas de descanso) ignoraba las tareas de cuidados y el tiempo a la reproducci\u00f3n de la vida. El movimiento feminista ya cuestion\u00f3 este modelo, las comunistas italianas propusieron estructurar las pol\u00edticas p\u00fablicas y los derechos de los ciudadanos m\u00e1s all\u00e1 de su relaci\u00f3n con el mercado laboral, desde una l\u00f3gica m\u00e1s flexible ante los imprevistos inherentes de la vulnerabilidad de las personas. Esta propuesta es antecesora de lemas que a cualquiera les puede sonar de alguna manifestaci\u00f3n: \u201cCapital Vs Vida\u201d.<\/p>\n\n\n\n<p>Alcaraz manifiesta que: \u201cDesacelerar la productividad para recordar qu\u00e9 es aquello realmente esencial, reducir las jornadas laborales sin perder poder adquisitivo, facilitar la corresponsabilidad social del trabajo dom\u00e9stico y de cuidados a partir de la asunci\u00f3n completamente p\u00fablica de los servicios de atenci\u00f3n al cuidado y la no penalizaci\u00f3n laboral por coger permisos de cuidados, relacionarnos de forma m\u00e1s sostenible con el planeta, dise\u00f1ar el espacio p\u00fablico de acuerdo con las prioridades de la vida cuotidiana y no del consumo y la producci\u00f3n mercantil; en definitiva, redistribuir los trabajos y la riqueza para tener m\u00e1s tiempo para cuidarnos y cuidar los v\u00ednculos comunitarios\u201d.<\/p>\n\n\n\n<p>Si hay alguna cosa que caracteriza las pol\u00edticas econ\u00f3micas es que la mayor\u00eda de veces no se han pensado desde una perspectiva de g\u00e9nero. Por eso mismo es tan importante que ante una propuesta cuyo objetivo principal es cambiar la forma de vida de las personas, es decir, m\u00e1s tiempo para dedicar a tu vida, que no se nieguen los cambios que supondr\u00eda en la estructuraci\u00f3n de los cuidados. De ah\u00ed que no podamos ignorar al sujeto que hist\u00f3ricamente ha cuidado de las familias: las mujeres.<\/p>\n\n\n\n<p>Para seguir este debate, nos reunimos con una miembro de Bilboko Bilgune Feminista, Ziortza Pereira y esto es lo que nos dijo: \u201cLas propuestas actuales de reducci\u00f3n de jornada responden a una necesidad en el \u00e1mbito afectivo y de los cuidados, campos dominados, en gran medida, y al parecer necesariamente, por sujetos mujeres. Al ser la reducci\u00f3n de jornada una posibilidad, pero no una \u2018norma\u2019, alimenta la desigualdad en el mundo laboral. Al ser ellas quienes (por lo general) son las que menos ganan, tambi\u00e9n son las que deciden pasar la tarde en casa con los ni\u00f1os despu\u00e9s de clase. Estamos hablando de algo que precisa revisi\u00f3n inmediata. No solo precarizamos la obtenci\u00f3n de capital econ\u00f3mico de estas mujeres, tambi\u00e9n las empujamos a una vida cuya \u00fanica base es estar al servicio de las necesidades de otras personas, neg\u00e1ndoles los medios para su desarrollo psico-intelectual y, por supuesto, neg\u00e1ndoles la premisa b\u00e1sica de que merecen vidas libres de violencia y opresi\u00f3n\u201d.<\/p>\n\n\n\n<p><em>La m\u00e1xima dificultad est\u00e1 en cambiar la filosof\u00eda de vida que tan bien ha aplicado el capitalismo en nuestras mentes: el trabajo dignifica<\/em><\/p>\n\n\n\n<p>En mi opini\u00f3n, la m\u00e1xima dificultad est\u00e1 en cambiar la filosof\u00eda de vida que tan bien ha aplicado el capitalismo en nuestras mentes: el trabajo dignifica. Esta premisa dificulta que muchas personas acojan la medida con buenos ojos, ya que el discurso productivista aprovechar\u00e1 cualquier situaci\u00f3n para tensar y confrontar a las clases trabajadores en una dualidad, por un lado, las personas que quieran trabajar y ayudar al pa\u00eds, y por otro lado las personas que quieran vivir de paguitas. Y es por esto que debemos empezar a llevar el debate en nuestros grupos de amigos y amigas, en nuestras familias, en nuestros trabajos o en las conversaciones a las 4 de la ma\u00f1ana.<\/p>\n\n\n\n<p>Necesitamos ser muchos y muchas las que creamos en este horizonte, que no se quede \u00fanicamente en el mundo acad\u00e9mico ni en las c\u00fapulas de partidos, sindicatos u organizaciones con esp\u00edritu revolucionario. Debemos ser muchas personas para legitimar estas apuestas, y que se legisle en favor con la seguridad de que la acogida por parte de la sociedad ser\u00e1 amplia. Pero no \u00fanicamente debemos crear este cultivo para dar el empuj\u00f3n a los gobiernos, si no que tenemos que estar preparados para fiscalizar que la puesta en pr\u00e1ctica pivote sobre los valores sociales, feministas, participativas y ecologistas, y no volver a cometer el error que tantas veces hemos repetido: el error de cambiar las cosas para que nada cambie. Esta apuesta no va \u00fanicamente de cambios normativos, si no que va de cambios en la forma de vivir en sociedad.<\/p>\n","protected":false},"excerpt":{"rendered":"<p>Jaume de Mei\u00e0 Fuente: Rebeli\u00f3n Desayunar a las 6 de la ma\u00f1ana porque entras a las 7 a trabajar, comer a las 16:00 porque sales a las 15h de trabajar, o cenar las 23h por qu\u00e9 sales del turno de la tarde. Esta no es una historia inventada, es una de las m\u00faltiples historias que [&hellip;]<\/p>\n","protected":false},"author":1,"featured_media":4914,"comment_status":"open","ping_status":"open","sticky":false,"template":"","format":"standard","meta":{"footnotes":""},"categories":[4],"tags":[],"_links":{"self":[{"href":"http:\/\/www.movimientocaamanista.com\/index.php?rest_route=\/wp\/v2\/posts\/7371"}],"collection":[{"href":"http:\/\/www.movimientocaamanista.com\/index.php?rest_route=\/wp\/v2\/posts"}],"about":[{"href":"http:\/\/www.movimientocaamanista.com\/index.php?rest_route=\/wp\/v2\/types\/post"}],"author":[{"embeddable":true,"href":"http:\/\/www.movimientocaamanista.com\/index.php?rest_route=\/wp\/v2\/users\/1"}],"replies":[{"embeddable":true,"href":"http:\/\/www.movimientocaamanista.com\/index.php?rest_route=%2Fwp%2Fv2%2Fcomments&post=7371"}],"version-history":[{"count":1,"href":"http:\/\/www.movimientocaamanista.com\/index.php?rest_route=\/wp\/v2\/posts\/7371\/revisions"}],"predecessor-version":[{"id":7372,"href":"http:\/\/www.movimientocaamanista.com\/index.php?rest_route=\/wp\/v2\/posts\/7371\/revisions\/7372"}],"wp:featuredmedia":[{"embeddable":true,"href":"http:\/\/www.movimientocaamanista.com\/index.php?rest_route=\/wp\/v2\/media\/4914"}],"wp:attachment":[{"href":"http:\/\/www.movimientocaamanista.com\/index.php?rest_route=%2Fwp%2Fv2%2Fmedia&parent=7371"}],"wp:term":[{"taxonomy":"category","embeddable":true,"href":"http:\/\/www.movimientocaamanista.com\/index.php?rest_route=%2Fwp%2Fv2%2Fcategories&post=7371"},{"taxonomy":"post_tag","embeddable":true,"href":"http:\/\/www.movimientocaamanista.com\/index.php?rest_route=%2Fwp%2Fv2%2Ftags&post=7371"}],"curies":[{"name":"wp","href":"https:\/\/api.w.org\/{rel}","templated":true}]}}