{"id":7403,"date":"2022-09-05T11:28:41","date_gmt":"2022-09-05T11:28:41","guid":{"rendered":"http:\/\/www.movimientocaamanista.com\/?p=7403"},"modified":"2022-09-05T11:28:43","modified_gmt":"2022-09-05T11:28:43","slug":"covid-19-el-olvido","status":"publish","type":"post","link":"http:\/\/www.movimientocaamanista.com\/?p=7403","title":{"rendered":"\u00bfCovid-19, el olvido?"},"content":{"rendered":"\n<p>Rafael Mar\u00edn Mar\u00edn<\/p>\n\n\n\n<p>Fuente: <a href=\"https:\/\/rebelion.org\/covid-19-el-olvido\/\">Rebeli\u00f3n<\/a><\/p>\n\n\n\n<p>El 15 de diciembre de 2019, antes de las fiestas navide\u00f1as en el mundo, un enemigo invisible y hasta ahora invencible, empez\u00f3 a recorrer por tierra, aire y mar, cada cent\u00edmetro cuadrado de territorios nacionales y por supuesto cada c\u00e9lula humana en el mundo.<\/p>\n\n\n\n<p>Se trataba de la aparici\u00f3n de virus SARS-CoV-2 mejor conocido como COVID-19, aparecido por primera vez en la provincia de Wuhan China, a quien \u2013en un principio nadie dio importancia- y se declar\u00f3 pandemia mundial por la OMS all\u00e1 por el 30 de enero de 2020.<\/p>\n\n\n\n<p>M\u00e1s de 45 d\u00edas no fueron suficientes para que, en plana era cient\u00edfica y tecnol\u00f3gica, los gobiernos del mundo, sobre todo los de los pa\u00edses m\u00e1s avanzados e industrializados, advirtieran que un nuevo enemigo pat\u00f3geno podr\u00eda causar tanto da\u00f1o y pr\u00e1cticamente parar las econom\u00edas mundiales con desastrosas consecuencias en todos los orden, sobre todo la de vidas humanos, miles, millones al corte de este material.<\/p>\n\n\n\n<p>Pocos recuerdan al doctor Li Wenliang, quien muri\u00f3 despu\u00e9s de contraer Covid-19, al atender a sus pacientes, no sin antes alertar al gobierno chino y a la comunidad cient\u00edfica, que un virus nuevo parecido al SARS era m\u00e1s letal que \u00e9ste, incluso el m\u00e1s letal en los \u00faltimos 100 a\u00f1os. Los primeros contagios \u2013provenientes de un virus achacado a las condiciones de higiene de un mercado de venta de animales ex\u00f3ticos en Wuhan- pasaron de la China a otros pa\u00edses, por tierra y, a otros continentes por aire y luego mar, llegando al d\u00eda de hoy a la siguiente estad\u00edstica seg\u00fan los estudios de la Universidad Jhons Hopkins y publicados principalmente en medios Como BBC-Mundo.<\/p>\n\n\n\n<p>En el mundo \u2013a dos a\u00f1os 8 meses (48 meses), igual a 1680 d\u00edas de aparecido Covid-19 en el mundo-, se han registrado 550 millones, 47 mil 165 casos de contagio, algo as\u00ed como 327 mil 409 casos por d\u00eda, 13 mil 642 por hora, 227 por minuto, 4 por segundo. Respecto a las muertes por codiv-19 \u2013 a dos a\u00f1os 8 meses (48 meses), igual a 1680 d\u00edas de aparecido Covid-19 en el mundo- se han dado 6 millones 340 mil, 166 muertes, algo as\u00ed como 3 mil 773 por d\u00eda, 157 por hora, 3 por minuto, 1.5 cada 30 segundos.<\/p>\n\n\n\n<p>En M\u00e9xico el panorama no es tampoco nada alentador. Pasamos hace un a\u00f1o del cuarto lugar de contagios al segundo en menos de un a\u00f1o. Oficialmente hay 6 millones 93 mil 835 contagios, 3 mil 627 por d\u00eda, 151 por hora, 2 cada segundo. En el caso de muertes por Covid-19, oficialmente hay 325 mil 793; es decir 193 por d\u00eda, 8 por hora, 1 cada 12 minutos.<\/p>\n\n\n\n<p>Y resulta lamentable que a varios a\u00f1os casi tres, los gobiernos del mundo parece que no han aprendido la lecci\u00f3n, porque el virus se ha propagado en diferentes manifestaciones y otro mal \u2013viruela del mono- ataca las vidas econom\u00edas internacionales, sobre todo, cancela posibilidades de vida ayudado por un sistema de salud endeble que se hace manifiesto en los pa\u00edses subdesarrollados del mundo incluido M\u00e9xico.<\/p>\n\n\n\n<p>Lejos se est\u00e1 de creer que el problema de la pandemia se va a resolver en el corto plazo, m\u00e1s bien sin ser catastr\u00f3fico, se avecina una etapa negra en materia de prevenci\u00f3n de salud, obscurecida por la inoperancia de las pol\u00edticas p\u00fablicas sanitarias, no estuvieron a la altura de Covid-19, pandemia que resulta la mayor catastr\u00f3fica de los \u00faltimos 100 a\u00f1os, sobre todo porque ir\u00f3nicamente \u2013dentro de la etapa de la ciencia y la tecnolog\u00eda- no supimos c\u00f3mo prevenirla, como atenderla, como evitarla.<\/p>\n\n\n\n<p>Existe incertidumbre mundial porque no sabemos si los gobiernos del mundo abdicaron de su responsabilidad constitucional y si ello implica una sanci\u00f3n jur\u00eddica, por lo que en cada pa\u00eds se debe hacer el balance respectivo y proceder en consecuencia.<\/p>\n\n\n\n<p>Mientras este art\u00edculo se escribe, pasan segundos y minutos en el mundo, donde miles se contagian y cientos mueren. La pregunta obligada es: son o no responsables los gobiernos del mundo por no atender la pandemia con responsabilidad cient\u00edfica y en algunos casos solo con ocurrencias anti pol\u00edticas?. Hay o habr\u00e1 demandas contra esos estados o gobiernos por parte de los deudos de los fallecidos a fin de que se den indemnizaciones por muerte a causa de omisi\u00f3n o acci\u00f3n indebida. Qu\u00e9 le diremos dentro de 20 a\u00f1os a las nuevas generaciones de personas hu\u00e9rfanas cuyos padres murieron teniendo ellos 2 o 3 a\u00f1os?. Son preguntas que en el mundo debemos hacernos, pero sobre todo, asumir con responsabilidad el reto que, a mayor cuidado mayor posibilidad de vida. Somos la generaci\u00f3n de los \u201ccubreboca\u201d, quienes contaremos en el corto o menor pazo, que una pandemia puso a temblar al mundo y lo sigue haciendo. Cada quien debe asumir su responsabilidad o desverg\u00fcenza ante la historia. Gobiernos, pol\u00edticos, presidentes, congresos, ministros, ciudadanos. Hay todav\u00eda Covid-19 para rato lamentablemente, pero una oportunidad tenemos. Aprender de nuestros errores para no volver a cometerlos.<\/p>\n","protected":false},"excerpt":{"rendered":"<p>Rafael Mar\u00edn Mar\u00edn Fuente: Rebeli\u00f3n El 15 de diciembre de 2019, antes de las fiestas navide\u00f1as en el mundo, un enemigo invisible y hasta ahora invencible, empez\u00f3 a recorrer por tierra, aire y mar, cada cent\u00edmetro cuadrado de territorios nacionales y por supuesto cada c\u00e9lula humana en el mundo. Se trataba de la aparici\u00f3n de [&hellip;]<\/p>\n","protected":false},"author":1,"featured_media":3729,"comment_status":"open","ping_status":"open","sticky":false,"template":"","format":"standard","meta":{"footnotes":""},"categories":[5,3],"tags":[],"_links":{"self":[{"href":"http:\/\/www.movimientocaamanista.com\/index.php?rest_route=\/wp\/v2\/posts\/7403"}],"collection":[{"href":"http:\/\/www.movimientocaamanista.com\/index.php?rest_route=\/wp\/v2\/posts"}],"about":[{"href":"http:\/\/www.movimientocaamanista.com\/index.php?rest_route=\/wp\/v2\/types\/post"}],"author":[{"embeddable":true,"href":"http:\/\/www.movimientocaamanista.com\/index.php?rest_route=\/wp\/v2\/users\/1"}],"replies":[{"embeddable":true,"href":"http:\/\/www.movimientocaamanista.com\/index.php?rest_route=%2Fwp%2Fv2%2Fcomments&post=7403"}],"version-history":[{"count":1,"href":"http:\/\/www.movimientocaamanista.com\/index.php?rest_route=\/wp\/v2\/posts\/7403\/revisions"}],"predecessor-version":[{"id":7404,"href":"http:\/\/www.movimientocaamanista.com\/index.php?rest_route=\/wp\/v2\/posts\/7403\/revisions\/7404"}],"wp:featuredmedia":[{"embeddable":true,"href":"http:\/\/www.movimientocaamanista.com\/index.php?rest_route=\/wp\/v2\/media\/3729"}],"wp:attachment":[{"href":"http:\/\/www.movimientocaamanista.com\/index.php?rest_route=%2Fwp%2Fv2%2Fmedia&parent=7403"}],"wp:term":[{"taxonomy":"category","embeddable":true,"href":"http:\/\/www.movimientocaamanista.com\/index.php?rest_route=%2Fwp%2Fv2%2Fcategories&post=7403"},{"taxonomy":"post_tag","embeddable":true,"href":"http:\/\/www.movimientocaamanista.com\/index.php?rest_route=%2Fwp%2Fv2%2Ftags&post=7403"}],"curies":[{"name":"wp","href":"https:\/\/api.w.org\/{rel}","templated":true}]}}