{"id":7413,"date":"2022-09-05T11:51:02","date_gmt":"2022-09-05T11:51:02","guid":{"rendered":"http:\/\/www.movimientocaamanista.com\/?p=7413"},"modified":"2022-09-05T12:01:43","modified_gmt":"2022-09-05T12:01:43","slug":"psicopatriotismo","status":"publish","type":"post","link":"http:\/\/www.movimientocaamanista.com\/?p=7413","title":{"rendered":"Psicopatriotismo"},"content":{"rendered":"\n<p>Jorge Majfud<\/p>\n\n\n\n<p>Fuente: <a href=\"https:\/\/rebelion.org\/psicopatriotismo\/\">Rebeli\u00f3n<\/a><\/p>\n\n\n\n<p>Por una ley de 1994 (Holocaust Education Bill), en las escuelas p\u00fablicas de Florida hay una materia llamada \u201cHolocausto\u201d, por la cual se estudian las atrocidades racistas ocurridas en Europa contra el pueblo jud\u00edo. En 2020, el gobernador Ron DeSantis promulg\u00f3 otra ley que exige que todas las escuelas primarias y secundarias certifiquen que est\u00e1n ense\u00f1ando a las nuevas generaciones sobre el Holocausto. Por entonces, los senadores de la comunidad afro lograron que tambi\u00e9n se incluya en los programas la menci\u00f3n a la Masacre de Ocoee, donde 30 personas negras fueron asesinadas en 1920, lo que, para entender el racismo y las injusticias sociales, viene a ser como explicar el cuerpo humano estudiando sus u\u00f1as.<\/p>\n\n\n\n<p>Por ley, tambi\u00e9n, desde el a\u00f1o 2022, en esas mismas escuelas secundarias de Florida, est\u00e1 prohibido discutir la historia racista de Estados Unidos. La raz\u00f3n radica, seg\u00fan el gobernador Ron DeSantis, en que \u201c<em>no se debe instruir a nadie para que se sienta como si no fuera igual o avergonzado por su raza. En Florida, no permitiremos que la agenda de la extrema izquierda se apodere de nuestras escuelas y lugares de trabajo. No hay lugar para el adoctrinamiento o la discriminaci\u00f3n en Florida<\/em>\u201d.<\/p>\n\n\n\n<p>Si de eso no se habla, eso no existe. De este lado del Atl\u00e1ntico, el racismo no existe y nunca existi\u00f3.<\/p>\n\n\n\n<p>Los mismos esclavistas que defin\u00edan como \u201cpropiedad privada\u201d a millones de esclavos (la base de la prosperidad del pa\u00eds) en base a su color de piel, llamaron a ese sistema \u201cbendici\u00f3n de la esclavitud\u201d, la que quer\u00edan \u201cexpandir por todo el mundo\u201d para \u201cluchar por la libertad\u201d, al tiempo que a su sistema de gobierno llamaban \u201cdemocracia\u201d (Brown, 1858).<\/p>\n\n\n\n<p>Los mismos que robaron y exterminaron a pueblos nativos mucho m\u00e1s democr\u00e1ticos y civilizados que la nueva naci\u00f3n de la fiebre del oro antes de la fiebre del oro, lo llamaron \u201cdefensa propia\u201d ante \u201cataques no provocados\u201d de los salvajes (Jackson, 1833; Wayne, 1972).<\/p>\n\n\n\n<p>Los mismos que inventaron la independencia de Texas para reinstaurar la esclavitud y luego la guerra contra M\u00e9xico para apropiarse de la mitad de su territorio, los mismos que mataron y violaron a mujeres frente a hijos y esposos, lo hicieron por el designio divino del \u201cdestino manifiesto\u201d de Dios (Scott , 1846).<\/p>\n\n\n\n<p>Los mismos que practicaban el deporte de matar negros en Filipinas lo hicieron para cumplir con \u201cla pesada carga del hombre blanco\u201d de civilizar el mundo (Kipling, 1899).<\/p>\n\n\n\n<p>Los mismos que invadieron, corrompieron y plagaron Am\u00e9rica latina de rep\u00fablicas bananeras, destruyeron democracias y plantaron decenas y decenas de dictaduras sangrientas, lo hicieron para luchar por la libertad y la democracia (Beveridge, 1900; Washington Post, 1920; CIA, XXX).<\/p>\n\n\n\n<p>Los mismos que regaron Asia con bombas at\u00f3micas, millones de bombas m\u00e1s ben\u00e9ficas sin un a\u00f1o de tregua, agentes qu\u00edmicos sobre millones de seres humanos y dejaron millares de muertos por donde pasaron, llamaron a ese ejercicio extremo de racismo \u201cheroica victoria\u201d, aun cuando fueron humillantes derrotas (Johnson, 1964; Bush, 2003).<\/p>\n\n\n\n<p>Pero de eso no se puede hablar porque puede ofender a alguien de piel blanca que se sienta identificado con todos esos campeones de la libertad, la democracia y la justicia divina.<\/p>\n\n\n\n<p>Como dec\u00eda una canci\u00f3n popular para reclutar voluntarios para la guerra inventada contra M\u00e9xico:<\/p>\n\n\n\n<p><em>La justicia es el lema de nuestro pa\u00eds<\/em><\/p>\n\n\n\n<p><em>el que siempre tiene raz\u00f3n&nbsp;<\/em>(Pratt, 1847).<\/p>\n\n\n\n<p>No por casualidad, cada vez que esos grupos de fan\u00e1ticos sintieron que sus privilegios estaban amenazados por la nunca aceptada igualdad, inventaron teor\u00edas de auto victimizaci\u00f3n, como la teor\u00eda del \u201cexterminio blanco\u201d, articulada en el siglo XIX para justificar el colonialismo y la opresi\u00f3n de pueblos no cauc\u00e1sicos (Pearson, 1893) y ahora ha renacido como una novedad como la \u201cTeor\u00eda del reemplazo\u201d que criminaliza a los inmigrantes de pa\u00edses no europeos como \u201cpeligrosos invasores\u201d (Camus, 2010).<\/p>\n\n\n\n<p>No por casualidad, Adolf Hitler se inspir\u00f3 en el por entonces institucionalizado racismo de la extrema derecha estadounidense que adoctrin\u00f3 a millones de personas a sentirse superior por su color de piel y a otros millones a aceptar su inferioridad por la misma raz\u00f3n (Grant, 1916).<\/p>\n\n\n\n<p>No por casualidad, Hitler condecor\u00f3 a los grandes hombres de negocios de Estados Unidos y prohibi\u00f3 que en la educaci\u00f3n p\u00fablica se ense\u00f1e \u201ccosas de izquierdistas\u201d. Antes de perseguir y matar jud\u00edos, en 1933 cerr\u00f3 la c\u00e9lebre escuela Bauhaus por estar lleno de \u201cantialemanes\u201d y ser un \u201crefugio de izquierdistas\u201d que quer\u00edan cuestionar y cambiar la historia.<\/p>\n\n\n\n<p>En Florida y en todo el pa\u00eds, los sistemas de educaci\u00f3n deber\u00edan empezar por una materia llamada \u201cHipocres\u00eda patri\u00f3tica\u201d para desarrollar en algo la capacidad intelectual de enfrentar la realidad hist\u00f3rica sin edulcorantes y sin las fantas\u00edas de Hollywood, de Disney World y del Ku Klux Klan.<\/p>\n\n\n\n<p>No somos responsable de los cr\u00edmenes de nuestros antepasados, pero somos responsables de adoptarlos como propios al negarlos o justificarlos. Somos responsables de los cr\u00edmenes y de las injusticias que se cometen hoy gracias al negacionismo de la realidad que, no sin fanatismo, llamamos patriotismo. Un negacionismo criminal y racista, ya que, otra vez, niega justicia y el b\u00e1sico derecho a la verdad de las v\u00edctimas para no incomodar la sensibilidad de los dem\u00e1s, el grupo dominante desde hace m\u00e1s de dos siglos, el que insiste en la estrategia de la autocomplacencia y la auto victimizaci\u00f3n como forma de calmar sus frustraciones y su odio fundacional. Peor aun cuando ese derecho a la verdad se ha cercenado por leyes y una cultura llena de tab\u00faes, todo en nombre de una democracia que les estorba y usan, como a los demagogos de la antigua Atenas la usaron para demonizar y luego ejecutar a S\u00f3crates por andar cuestionando demasiado. Todo de forma legal, est\u00e1 de m\u00e1s decir, hasta que las leyes son escritas &nbsp;por otros.<\/p>\n\n\n\n<p>\u00bfQu\u00e9 mayor adoctrinaci\u00f3n que el negacionismo o la prohibici\u00f3n de revisar la historia? \u00bfQu\u00e9 m\u00e1s adoctrinaci\u00f3n que imponer el silencio c\u00f3mplice o una \u201chistoria patri\u00f3tica\u201d en las escuelas, recargada de mitos creados\u00a0<em>post factum<\/em>\u00a0y sin sustento documental?<\/p>\n\n\n\n<figure class=\"wp-block-embed-youtube wp-block-embed is-type-video is-provider-youtube wp-embed-aspect-16-9 wp-has-aspect-ratio\"><div class=\"wp-block-embed__wrapper\">\n<iframe loading=\"lazy\" title=\"Psicopatriotismo.\" width=\"640\" height=\"360\" src=\"https:\/\/www.youtube.com\/embed\/6namuA4rpMo?feature=oembed\" frameborder=\"0\" allow=\"accelerometer; autoplay; clipboard-write; encrypted-media; gyroscope; picture-in-picture\" allowfullscreen><\/iframe>\n<\/div><\/figure>\n","protected":false},"excerpt":{"rendered":"<p>Jorge Majfud Fuente: Rebeli\u00f3n Por una ley de 1994 (Holocaust Education Bill), en las escuelas p\u00fablicas de Florida hay una materia llamada \u201cHolocausto\u201d, por la cual se estudian las atrocidades racistas ocurridas en Europa contra el pueblo jud\u00edo. En 2020, el gobernador Ron DeSantis promulg\u00f3 otra ley que exige que todas las escuelas primarias y [&hellip;]<\/p>\n","protected":false},"author":1,"featured_media":7414,"comment_status":"open","ping_status":"open","sticky":false,"template":"","format":"standard","meta":{"footnotes":""},"categories":[5,3],"tags":[],"_links":{"self":[{"href":"http:\/\/www.movimientocaamanista.com\/index.php?rest_route=\/wp\/v2\/posts\/7413"}],"collection":[{"href":"http:\/\/www.movimientocaamanista.com\/index.php?rest_route=\/wp\/v2\/posts"}],"about":[{"href":"http:\/\/www.movimientocaamanista.com\/index.php?rest_route=\/wp\/v2\/types\/post"}],"author":[{"embeddable":true,"href":"http:\/\/www.movimientocaamanista.com\/index.php?rest_route=\/wp\/v2\/users\/1"}],"replies":[{"embeddable":true,"href":"http:\/\/www.movimientocaamanista.com\/index.php?rest_route=%2Fwp%2Fv2%2Fcomments&post=7413"}],"version-history":[{"count":2,"href":"http:\/\/www.movimientocaamanista.com\/index.php?rest_route=\/wp\/v2\/posts\/7413\/revisions"}],"predecessor-version":[{"id":7416,"href":"http:\/\/www.movimientocaamanista.com\/index.php?rest_route=\/wp\/v2\/posts\/7413\/revisions\/7416"}],"wp:featuredmedia":[{"embeddable":true,"href":"http:\/\/www.movimientocaamanista.com\/index.php?rest_route=\/wp\/v2\/media\/7414"}],"wp:attachment":[{"href":"http:\/\/www.movimientocaamanista.com\/index.php?rest_route=%2Fwp%2Fv2%2Fmedia&parent=7413"}],"wp:term":[{"taxonomy":"category","embeddable":true,"href":"http:\/\/www.movimientocaamanista.com\/index.php?rest_route=%2Fwp%2Fv2%2Fcategories&post=7413"},{"taxonomy":"post_tag","embeddable":true,"href":"http:\/\/www.movimientocaamanista.com\/index.php?rest_route=%2Fwp%2Fv2%2Ftags&post=7413"}],"curies":[{"name":"wp","href":"https:\/\/api.w.org\/{rel}","templated":true}]}}