{"id":7439,"date":"2022-09-09T11:23:02","date_gmt":"2022-09-09T11:23:02","guid":{"rendered":"http:\/\/www.movimientocaamanista.com\/?p=7439"},"modified":"2022-09-09T11:23:04","modified_gmt":"2022-09-09T11:23:04","slug":"el-pueblo-se-moviliza-y-presiona-a-petro","status":"publish","type":"post","link":"http:\/\/www.movimientocaamanista.com\/?p=7439","title":{"rendered":"El pueblo se moviliza y \u201cpresiona\u201d a Petro"},"content":{"rendered":"\n<p>Fernando Dorado<\/p>\n\n\n\n<p>Fuente: <a href=\"https:\/\/rebelion.org\/el-pueblo-se-moviliza-y-presiona-a-petro\/\">Rebeli\u00f3n<\/a><\/p>\n\n\n\n<p>Durante estas tres (3) primeras semanas del gobierno de Gustavo Petro se ha presentado una oleada de movilizaciones y protestas locales.<\/p>\n\n\n\n<p>Los ind\u00edgenas en Cauca (Nasas y Misak) se movilizaron por tierras y para hacer cumplir acuerdos con el gobierno anterior. En el Valle y en Risaralda ind\u00edgenas Ember\u00e1 bloquearon la carretera a Buenaventura y Quibd\u00f3, respectivamente. Comunidades vecinas de Choach\u00ed, Ubat\u00e9, El Guavio, Santa Mar\u00eda y otros municipios de Cundinamarca y Boyac\u00e1 lo hacen por el abandono de las carreteras terciarias. En Antioquia tambi\u00e9n protestan mineros artesanales y otros sectores. Igualmente, las comunidades vecinas del Canal del Dique en Atl\u00e1ntico y Bol\u00edvar presionan para incidir en las condiciones del contrato multimillonario que se va a adjudicar.<\/p>\n\n\n\n<p>Pareciera que algunos gobiernos locales y regionales no reaccionan para resolver dichos problemas acumulados en el tiempo y utilizan tal fen\u00f3meno para presionar al gobierno nacional.<\/p>\n\n\n\n<p>Es clave la reacci\u00f3n del gobierno. Petro ha llamado a fortalecer la organizaci\u00f3n popular; y la ministra de Agricultura convoca a respetar la Constituci\u00f3n y a utilizar la legalidad, y no \u201cinvadir tierras\u201d.<\/p>\n\n\n\n<p>En otros pa\u00edses vecinos algunos gobiernos progresistas y de izquierda han cometido graves errores en esa materia. No han sabido combinar la lucha \u201cpor arriba\u201d y la fuerza \u201cdesde abajo\u201d.<\/p>\n\n\n\n<p>\u2013 El presidente Evo en Bolivia reprimi\u00f3 al pueblo por defender el TIPNIS<a href=\"https:\/\/rebelion.org\/el-pueblo-se-moviliza-y-presiona-a-petro\/#_ftn1\">[1]<\/a>&nbsp;y por la protesta contra la subida del precio de la gasolina (\u201cgasolinazo\u201d).&nbsp;<\/p>\n\n\n\n<p>\u2013 En Ecuador el presidente Correa se enfrent\u00f3 con los pueblos ind\u00edgenas y apres\u00f3 injustamente a l\u00edderes por oponerse al extractivismo depredador (miner\u00eda y exploraci\u00f3n petrolera).<\/p>\n\n\n\n<p>\u2013 Dilma Rousseff en Brasil reprimi\u00f3 las protestas juveniles y la oposici\u00f3n a la forma como se manejaron diversos temas relacionados con la realizaci\u00f3n de los Juegos Ol\u00edmpicos y el Mundial de F\u00fatbol.<\/p>\n\n\n\n<p>Muchos m\u00e1s gobiernos progresistas y de izquierda no han sabido manejar este problema.<\/p>\n\n\n\n<p>Es claro que las \u201cderechas\u201d pueden utilizar la movilizaci\u00f3n popular para desestabilizar a un gobierno que inicia su administraci\u00f3n dado que las necesidades apremian y la gente tiene expectativas muy altas y, a veces, desproporcionadas.<\/p>\n\n\n\n<p>Frente a esa situaci\u00f3n es donde un gobierno de cambio debe demostrar su naturaleza democr\u00e1tica y su mirada de mediano y largo plazo.<\/p>\n\n\n\n<p>\u201c<a href=\"https:\/\/viva.org.co\/cajavirtual\/svc0792\/articulo06.html\">Ir despacio, sin afanes y sin aventuras<\/a>\u201d no significa desmovilizar al pueblo.<\/p>\n\n\n\n<p>Al contrario, hay que fortalecer la organizaci\u00f3n y la movilizaci\u00f3n popular, y orientarla para que se concentre en los aspectos que sirven a un verdadero cambio: transformaci\u00f3n del aparato productivo, paz integral o \u201ctotal\u201d y democracia a todo nivel.<\/p>\n\n\n\n<p>Los gobiernos del cambio no deben reprimir al pueblo. No obstante, todos debemos comprender que todav\u00eda no se ha accedido al \u201cPoder\u201d y que las fuerzas populares solo han llegado a trav\u00e9s de Petro y Francia a ocupar \u201cuna parte\u201d del gobierno. Se requiere acumular mucha m\u00e1s fuerza organizada, consciente y transformadora.<\/p>\n\n\n\n<p>En el caso del Norte del Cauca la presi\u00f3n que desarrollan los Nasas sobre las tierras dedicadas al cultivo de la ca\u00f1a de az\u00facar est\u00e1 obligando a las comunidades negras -que fueron quienes \u201cdomesticaron\u201d ese territorio- a identificar sus intereses frente a la pretensi\u00f3n ind\u00edgena y al poder de los ingenios azucareros.<\/p>\n\n\n\n<p>Muchos temas y conceptos se conjugan en ese conflicto. Propiedad y funci\u00f3n de la tierra, producci\u00f3n y medio ambiente, interculturalidad y ancestralidad, reconstrucci\u00f3n hist\u00f3rica y memoria colectiva, etc. El programa pol\u00edtico del Pacto Hist\u00f3rico cuenta con las herramientas para contribuir a juntar voluntades y a unificar diversos sectores sociales para avanzar por nuevos caminos.<\/p>\n\n\n\n<p>Di\u00e1logo y m\u00e1s democracia es la f\u00f3rmula.&nbsp;&nbsp;<\/p>\n\n\n\n<hr class=\"wp-block-separator\"\/>\n\n\n\n<p><a href=\"https:\/\/rebelion.org\/el-pueblo-se-moviliza-y-presiona-a-petro\/#_ftnref1\">[1]<\/a>&nbsp;TIPNIS: Territorio Ind\u00edgena y Parque Nacional Isiboro S\u00e9cure.<br><\/p>\n","protected":false},"excerpt":{"rendered":"<p>Fernando Dorado Fuente: Rebeli\u00f3n Durante estas tres (3) primeras semanas del gobierno de Gustavo Petro se ha presentado una oleada de movilizaciones y protestas locales. Los ind\u00edgenas en Cauca (Nasas y Misak) se movilizaron por tierras y para hacer cumplir acuerdos con el gobierno anterior. En el Valle y en Risaralda ind\u00edgenas Ember\u00e1 bloquearon la [&hellip;]<\/p>\n","protected":false},"author":1,"featured_media":6187,"comment_status":"open","ping_status":"open","sticky":false,"template":"","format":"standard","meta":{"footnotes":""},"categories":[5,3],"tags":[],"_links":{"self":[{"href":"http:\/\/www.movimientocaamanista.com\/index.php?rest_route=\/wp\/v2\/posts\/7439"}],"collection":[{"href":"http:\/\/www.movimientocaamanista.com\/index.php?rest_route=\/wp\/v2\/posts"}],"about":[{"href":"http:\/\/www.movimientocaamanista.com\/index.php?rest_route=\/wp\/v2\/types\/post"}],"author":[{"embeddable":true,"href":"http:\/\/www.movimientocaamanista.com\/index.php?rest_route=\/wp\/v2\/users\/1"}],"replies":[{"embeddable":true,"href":"http:\/\/www.movimientocaamanista.com\/index.php?rest_route=%2Fwp%2Fv2%2Fcomments&post=7439"}],"version-history":[{"count":1,"href":"http:\/\/www.movimientocaamanista.com\/index.php?rest_route=\/wp\/v2\/posts\/7439\/revisions"}],"predecessor-version":[{"id":7440,"href":"http:\/\/www.movimientocaamanista.com\/index.php?rest_route=\/wp\/v2\/posts\/7439\/revisions\/7440"}],"wp:featuredmedia":[{"embeddable":true,"href":"http:\/\/www.movimientocaamanista.com\/index.php?rest_route=\/wp\/v2\/media\/6187"}],"wp:attachment":[{"href":"http:\/\/www.movimientocaamanista.com\/index.php?rest_route=%2Fwp%2Fv2%2Fmedia&parent=7439"}],"wp:term":[{"taxonomy":"category","embeddable":true,"href":"http:\/\/www.movimientocaamanista.com\/index.php?rest_route=%2Fwp%2Fv2%2Fcategories&post=7439"},{"taxonomy":"post_tag","embeddable":true,"href":"http:\/\/www.movimientocaamanista.com\/index.php?rest_route=%2Fwp%2Fv2%2Ftags&post=7439"}],"curies":[{"name":"wp","href":"https:\/\/api.w.org\/{rel}","templated":true}]}}