{"id":7445,"date":"2022-09-13T11:02:12","date_gmt":"2022-09-13T11:02:12","guid":{"rendered":"http:\/\/www.movimientocaamanista.com\/?p=7445"},"modified":"2022-09-13T11:02:13","modified_gmt":"2022-09-13T11:02:13","slug":"alto-falcondo","status":"publish","type":"post","link":"http:\/\/www.movimientocaamanista.com\/?p=7445","title":{"rendered":"\u00a1ALTO! FALCONDO"},"content":{"rendered":"\n<p>Narciso Isa Conde<\/p>\n\n\n\n<p>FALCONDO est\u00e1 empe\u00f1ada en encubrir sus culpas pasadas y sus malas andanzas  presentes a base de pura mercadolog\u00eda. Est\u00e1 copiando de Barrick Gold y aprendiendo de Abinader, y al parecer ha recurrido a ciertos gur\u00faes del enga\u00f1o tipo Mauricio De Vengoechea.<\/p>\n\n\n\n<p>En una costosa campa\u00f1a de imagen FALCONDO ahora nos habla de su miner\u00eda \u201camigable\u201d, \u201cmoderna\u201d, \u201csustentable\u201d y \u201cbondadosa\u201d\u2026mientras silencia lo que est\u00e1 a la vista: su enorme chimenea humeante, sus escorias venenosas a la orilla del Yuna, sus lluvias de polvo contaminante y la humareda que vuelve gris el cielo azul\u2026<\/p>\n\n\n\n<p>Prefiere que no le hablen de todo lo relacionado con el sobre-calentamiento de la zona, la depredaci\u00f3n persistente, la gran cantidad de personas y  plantas enfermas, los pasivos ambientales ascendentes a m\u00e1s de 2,500 millones de pesos y sus enormes deudas con las Alcald\u00edas de la regi\u00f3n.<\/p>\n\n\n\n<p>Sus ejecutivos y publicistas procuran no referirse a lo poco que deja y lo mucho que se lleva ese emporio del n\u00edquel y del cobalto, mientras lo maquillan y  perfuman para tratar de entrar sin resistencia a las entra\u00f1as de Loma Miranda; \u00fanico pulm\u00f3n que le queda a la Regi\u00f3n Norte, principal fuente de agua del Cibao Central y el Nordeste del pa\u00eds, y extraordinario tesoro de la biodiversidad de nuestra hermosa Quisqueya. Olvidan que ya hubo quienes intentaron hacer lo mismo en Los Haitises, segundo reservorio de la Naci\u00f3n, y no pudieron.<\/p>\n\n\n\n<p>Destruir Loma Miranda  ser\u00eda el primer costo nacional de esa perversa aventura minera, que m\u00e1s que explotar las reducidas reservas de n\u00edquel del lugar, persigue entrarle con ganas a otros yacimientos de minerales estrat\u00e9gicos y controlar importantes reservas de agua, presentes en \u00e1reas m\u00e1s elevadas de la principal cordillera del pa\u00eds.<\/p>\n\n\n\n<p>FALCONDO presiona para lograr su entrada destructiva al Potos\u00ed de la Cordillera Central, amenazada por m\u00e1s de 200 concesiones de exploraci\u00f3n mineras ubicadas \u2013y no por casualidad-en las proximidades de sus fuentes de agua.<\/p>\n\n\n\n<p>Con ese prop\u00f3sito, y con su consabida prepotencia, sus  ejecutivos han visitado 5 veces al Obispo de la Vega, sin medir su condici\u00f3n de sucesor de Monse\u00f1or Camilo y pasando por alto que Miranda y quienes la defendemos somos realmente indoblegables.<\/p>\n\n\n\n<p>La voz de alerta en esta oportunidad fue dada por el Grupo Sacerdotal Heder C\u00e1mara, componente esencial del Campamento Loma Miranda-Parque Nacional, quienes ante un gran abanico de movimientos sociales, organizaciones defensoras del patrimonio nacional y comunidades aleda\u00f1as, se comprometieron a dar la vida para  cerrarle el paso a las malas andanzas de FALCONDO! \u00a1No pasar\u00e1n!  Esperen iniciativas trascendentes.<\/p>\n","protected":false},"excerpt":{"rendered":"<p>Narciso Isa Conde FALCONDO est\u00e1 empe\u00f1ada en encubrir sus culpas pasadas y sus malas andanzas presentes a base de pura mercadolog\u00eda. Est\u00e1 copiando de Barrick Gold y aprendiendo de Abinader, y al parecer ha recurrido a ciertos gur\u00faes del enga\u00f1o tipo Mauricio De Vengoechea. En una costosa campa\u00f1a de imagen FALCONDO ahora nos habla de [&hellip;]<\/p>\n","protected":false},"author":1,"featured_media":4174,"comment_status":"open","ping_status":"open","sticky":false,"template":"","format":"standard","meta":{"footnotes":""},"categories":[5,16],"tags":[],"_links":{"self":[{"href":"http:\/\/www.movimientocaamanista.com\/index.php?rest_route=\/wp\/v2\/posts\/7445"}],"collection":[{"href":"http:\/\/www.movimientocaamanista.com\/index.php?rest_route=\/wp\/v2\/posts"}],"about":[{"href":"http:\/\/www.movimientocaamanista.com\/index.php?rest_route=\/wp\/v2\/types\/post"}],"author":[{"embeddable":true,"href":"http:\/\/www.movimientocaamanista.com\/index.php?rest_route=\/wp\/v2\/users\/1"}],"replies":[{"embeddable":true,"href":"http:\/\/www.movimientocaamanista.com\/index.php?rest_route=%2Fwp%2Fv2%2Fcomments&post=7445"}],"version-history":[{"count":1,"href":"http:\/\/www.movimientocaamanista.com\/index.php?rest_route=\/wp\/v2\/posts\/7445\/revisions"}],"predecessor-version":[{"id":7446,"href":"http:\/\/www.movimientocaamanista.com\/index.php?rest_route=\/wp\/v2\/posts\/7445\/revisions\/7446"}],"wp:featuredmedia":[{"embeddable":true,"href":"http:\/\/www.movimientocaamanista.com\/index.php?rest_route=\/wp\/v2\/media\/4174"}],"wp:attachment":[{"href":"http:\/\/www.movimientocaamanista.com\/index.php?rest_route=%2Fwp%2Fv2%2Fmedia&parent=7445"}],"wp:term":[{"taxonomy":"category","embeddable":true,"href":"http:\/\/www.movimientocaamanista.com\/index.php?rest_route=%2Fwp%2Fv2%2Fcategories&post=7445"},{"taxonomy":"post_tag","embeddable":true,"href":"http:\/\/www.movimientocaamanista.com\/index.php?rest_route=%2Fwp%2Fv2%2Ftags&post=7445"}],"curies":[{"name":"wp","href":"https:\/\/api.w.org\/{rel}","templated":true}]}}