{"id":7502,"date":"2022-09-19T10:48:47","date_gmt":"2022-09-19T10:48:47","guid":{"rendered":"http:\/\/www.movimientocaamanista.com\/?p=7502"},"modified":"2022-09-19T10:48:48","modified_gmt":"2022-09-19T10:48:48","slug":"barrick-y-su-cola","status":"publish","type":"post","link":"http:\/\/www.movimientocaamanista.com\/?p=7502","title":{"rendered":"BARRICK Y SU COLA"},"content":{"rendered":"\n<p>Narciso Isa Conde<\/p>\n\n\n\n<p>La cola de Barrick  es larga  y es justo pis\u00e1rsela.<\/p>\n\n\n\n<p>A falta de valor para nacionalizarla, antes de hacerle cualquier otra concesi\u00f3n, los gobiernos de turno  debieron y deber\u00edan modificar sustancialmente el contrato-estafa que le garantiza cargar los pasivos ambientales, las compensaciones a los propietarios de terrenos de la reserva fiscal, la toma de agua gratis de la Presa de Hatillo, la impunidad de  delitos ambientales y las ventajas financieras concedidas.<\/p>\n\n\n\n<p>La presa de cola h\u00fameda del LLagal es un dep\u00f3sito de veneno de larga duraci\u00f3n y altos riesgos, a\u00fan despu\u00e9s de concluida la vida \u00fatil de la mina. Un grave peligro para la sanidad de las aguas subterr\u00e1neas, con vocaci\u00f3n de cat\u00e1strofe ecol\u00f3gica en caso de accidentes estructurales o geol\u00f3gicos;  nada extra\u00f1os en ese tipo de presas, de acuerdo a la experiencia mundial. Urge, pues la prohibici\u00f3n de  la construcci\u00f3n de cualquier otra presa similar en ese y otros peores como el de Gold Quest en SJM.<\/p>\n\n\n\n<p>En tales circunstancias hemos luchado contra la expansi\u00f3n de la explotaci\u00f3n minera a beneficio de la Barrick y contra su propuesta de otra presa de cola; pero el reciente decreto 270-22, asumido por el Poder Ejecutivo-Abinader y los Ministerios de Energ\u00eda y Mina y de Medio Ambiente y Recursos Naturales -Almonte y Ceara respectivamente- ampl\u00eda concesi\u00f3n de la Reserva Fiscal de Montenegro en 3, 113 hect\u00e1reas mineras, totalizando unas 7,995.<\/p>\n\n\n\n<p>Se dice que no es para explotaci\u00f3n de minerales, sino solo para  lo relacionado con el proyecto de presa de cola h\u00fameda; esto est\u00e1 muy mal aun sea solo un proyecto sujeto, como todos, a presentaci\u00f3n de los estudios de impacto ambiental y de factibilidad en un plazo de 36 meses, lo que no es nuevo como condicionante. <\/p>\n\n\n\n<p>En este caso lo diferente apunta para peor, porque al  conceder nuevas \u00e1reas de expansi\u00f3n por decreto gubernamental que ampl\u00eda la reserva fiscal, se cargan sobre el Estado \u2013y no sobre la corporaci\u00f3n transnacional- los costos de compensaciones materiales al valor de la tierra y a la reubicaci\u00f3n  de los viejos propietarios; consolidando y potenciando la estafa a  fondos que los contribuyentes aportan al erario.<\/p>\n\n\n\n<p>Otra diferencia es la flagrante violaci\u00f3n por el actual gobierno de procedimientos que deber\u00edan ser inviolables, en tanto se se\u00f1ala de entrada que \u201cel proyecto es de alt\u00edsimo inter\u00e9s para el Estado dominicano\u201d; lo que luce un respaldo anticipado inusual. El decreto es legalmente innecesario, confuso, complaciente y con pinta tramposa.<\/p>\n","protected":false},"excerpt":{"rendered":"<p>Narciso Isa Conde La cola de Barrick es larga y es justo pis\u00e1rsela. A falta de valor para nacionalizarla, antes de hacerle cualquier otra concesi\u00f3n, los gobiernos de turno debieron y deber\u00edan modificar sustancialmente el contrato-estafa que le garantiza cargar los pasivos ambientales, las compensaciones a los propietarios de terrenos de la reserva fiscal, la [&hellip;]<\/p>\n","protected":false},"author":1,"featured_media":7503,"comment_status":"open","ping_status":"open","sticky":false,"template":"","format":"standard","meta":{"footnotes":""},"categories":[5,16],"tags":[],"_links":{"self":[{"href":"http:\/\/www.movimientocaamanista.com\/index.php?rest_route=\/wp\/v2\/posts\/7502"}],"collection":[{"href":"http:\/\/www.movimientocaamanista.com\/index.php?rest_route=\/wp\/v2\/posts"}],"about":[{"href":"http:\/\/www.movimientocaamanista.com\/index.php?rest_route=\/wp\/v2\/types\/post"}],"author":[{"embeddable":true,"href":"http:\/\/www.movimientocaamanista.com\/index.php?rest_route=\/wp\/v2\/users\/1"}],"replies":[{"embeddable":true,"href":"http:\/\/www.movimientocaamanista.com\/index.php?rest_route=%2Fwp%2Fv2%2Fcomments&post=7502"}],"version-history":[{"count":1,"href":"http:\/\/www.movimientocaamanista.com\/index.php?rest_route=\/wp\/v2\/posts\/7502\/revisions"}],"predecessor-version":[{"id":7504,"href":"http:\/\/www.movimientocaamanista.com\/index.php?rest_route=\/wp\/v2\/posts\/7502\/revisions\/7504"}],"wp:featuredmedia":[{"embeddable":true,"href":"http:\/\/www.movimientocaamanista.com\/index.php?rest_route=\/wp\/v2\/media\/7503"}],"wp:attachment":[{"href":"http:\/\/www.movimientocaamanista.com\/index.php?rest_route=%2Fwp%2Fv2%2Fmedia&parent=7502"}],"wp:term":[{"taxonomy":"category","embeddable":true,"href":"http:\/\/www.movimientocaamanista.com\/index.php?rest_route=%2Fwp%2Fv2%2Fcategories&post=7502"},{"taxonomy":"post_tag","embeddable":true,"href":"http:\/\/www.movimientocaamanista.com\/index.php?rest_route=%2Fwp%2Fv2%2Ftags&post=7502"}],"curies":[{"name":"wp","href":"https:\/\/api.w.org\/{rel}","templated":true}]}}