{"id":7529,"date":"2022-09-24T00:06:14","date_gmt":"2022-09-24T00:06:14","guid":{"rendered":"http:\/\/www.movimientocaamanista.com\/?p=7529"},"modified":"2022-09-24T00:06:14","modified_gmt":"2022-09-24T00:06:14","slug":"recordando-a-amin-abel-y-ridiendole-el-tributo-merecido","status":"publish","type":"post","link":"http:\/\/www.movimientocaamanista.com\/?p=7529","title":{"rendered":"RECORDANDO A AM\u00cdN ABEL Y RIDI\u00c9NDOLE EL TRIBUTO MERECIDO"},"content":{"rendered":"\n<p>En el 52 aniversario de su asesinato recordamos su estirpe como ser humano y luchador por la libertad y el socialismo, recordamos su hero\u00edsmo\u2026  su liderazgo estudiantil, destacado papel en lucha universitaria y popular contra el Golpe de Estado del 63, su participaci\u00f3n  en insurrecci\u00f3n de abril 1965,  su militancia en FRAGUA, la FED, el IJ4 y el MPD. Sus audaces combates contra el r\u00e9gimen de Balaguer.<\/p>\n\n\n\n<p>Recordamos su valent\u00eda, su moral, su talento, su  sobresaliente dedicaci\u00f3n al estudio, su humildad, su sensibilidad humana y social.<\/p>\n\n\n\n<p>Recordamos con dolor y rabia la villan\u00eda de su asesinato. Am\u00edn ten\u00eda el temple del acero y la ternura del clavel. Estudi\u00f3 y luch\u00f3 para servir a su pueblo.<\/p>\n\n\n\n<p>Por eso exhortamos a las nuevas generaciones a conocer su vida, su lucha, su condici\u00f3n humana, su ejemplo como profesional brillante y militante de las mejores causas.<\/p>\n\n\n\n<p>Sus  ideas  y sus acciones  deben perdurar en la memoria colectiva para contribuir a contrarrestar y derrotar los antivalores predominantes en esta sociedad capitalista decadente y degradante.<\/p>\n\n\n\n<p>Rind\u00e1mosle honores a su trascendencia este s\u00e1bado 24 de septiembre a las 9:30 a.m. en el Cementerio de la M\u00e1ximo G\u00f3mez, en el acto convocado por nuestros\/sa camaradas del MPD.<\/p>\n\n\n\n<p style=\"text-align:center\">COORDINACI\u00d3N CENTRAL DEL MOVIMIENTO CAAMA\u00d1ISTA-MC<\/p>\n","protected":false},"excerpt":{"rendered":"<p>En el 52 aniversario de su asesinato recordamos su estirpe como ser humano y luchador por la libertad y el socialismo, recordamos su hero\u00edsmo\u2026 su liderazgo estudiantil, destacado papel en lucha universitaria y popular contra el Golpe de Estado del 63, su participaci\u00f3n en insurrecci\u00f3n de abril 1965, su militancia en FRAGUA, la FED, el [&hellip;]<\/p>\n","protected":false},"author":1,"featured_media":228,"comment_status":"open","ping_status":"open","sticky":false,"template":"","format":"standard","meta":{"footnotes":""},"categories":[24,5,16],"tags":[],"_links":{"self":[{"href":"http:\/\/www.movimientocaamanista.com\/index.php?rest_route=\/wp\/v2\/posts\/7529"}],"collection":[{"href":"http:\/\/www.movimientocaamanista.com\/index.php?rest_route=\/wp\/v2\/posts"}],"about":[{"href":"http:\/\/www.movimientocaamanista.com\/index.php?rest_route=\/wp\/v2\/types\/post"}],"author":[{"embeddable":true,"href":"http:\/\/www.movimientocaamanista.com\/index.php?rest_route=\/wp\/v2\/users\/1"}],"replies":[{"embeddable":true,"href":"http:\/\/www.movimientocaamanista.com\/index.php?rest_route=%2Fwp%2Fv2%2Fcomments&post=7529"}],"version-history":[{"count":1,"href":"http:\/\/www.movimientocaamanista.com\/index.php?rest_route=\/wp\/v2\/posts\/7529\/revisions"}],"predecessor-version":[{"id":7530,"href":"http:\/\/www.movimientocaamanista.com\/index.php?rest_route=\/wp\/v2\/posts\/7529\/revisions\/7530"}],"wp:featuredmedia":[{"embeddable":true,"href":"http:\/\/www.movimientocaamanista.com\/index.php?rest_route=\/wp\/v2\/media\/228"}],"wp:attachment":[{"href":"http:\/\/www.movimientocaamanista.com\/index.php?rest_route=%2Fwp%2Fv2%2Fmedia&parent=7529"}],"wp:term":[{"taxonomy":"category","embeddable":true,"href":"http:\/\/www.movimientocaamanista.com\/index.php?rest_route=%2Fwp%2Fv2%2Fcategories&post=7529"},{"taxonomy":"post_tag","embeddable":true,"href":"http:\/\/www.movimientocaamanista.com\/index.php?rest_route=%2Fwp%2Fv2%2Ftags&post=7529"}],"curies":[{"name":"wp","href":"https:\/\/api.w.org\/{rel}","templated":true}]}}