{"id":753,"date":"2019-11-19T15:27:06","date_gmt":"2019-11-19T15:27:06","guid":{"rendered":"http:\/\/www.movimientocaamanista.com\/?p=753"},"modified":"2019-11-19T15:27:07","modified_gmt":"2019-11-19T15:27:07","slug":"el-misterioso-chile-de-vargas-llosa","status":"publish","type":"post","link":"http:\/\/www.movimientocaamanista.com\/?p=753","title":{"rendered":"El misterioso Chile de Vargas Llosa"},"content":{"rendered":"\n<p><a href=\"http:\/\/atilioboron.com.ar\/el-misterioso-chile-de-vargas-llosa\/\">Atilio A. Boron <\/a><\/p>\n\n\n\n<p>El tr\u00e1gico golpe de estado en Bolivia me apart\u00f3 moment\u00e1neamente\n del cuidadoso seguimiento que ven\u00eda haciendo de la heroica lucha del \npueblo chileno por darse una constituci\u00f3n democr\u00e1tica y decididamente \npos-pinochetista y por construir una sociedad justa e igualitaria. \nProsegu\u00ed pese a ello consultando las fuentes y conversando y chateando \ncon muchas compa\u00f1eros y compa\u00f1eros de Chile, pero la masacre en curso en\n Bolivia y la escandalosa defecci\u00f3n de una parte significativa de la \nintelectualidad \u201cprogre\u201d de ese pa\u00eds y de Latinoam\u00e9rica -que con su \nsilencio o con su expl\u00edcitas declaraciones respald\u00f3 el golpe de estado \nde los lacayos del imperio- absorbieron gran parte de mi tiempo y de mis\n energ\u00edas. Hoy, pr\u00f3ximo a cumplirse un mes del inicio de las grandes \nmovilizaciones populares que abrieron para siempre \u201clas grandes \nalamedas\u201d con las que so\u00f1ara Salvador Allende retomo ese escrito a medio\n terminar y que tiene por objeto examinar la perplejidad de la derecha, \nen la pluma de su vocero mayor, Mario Vargas Llosa, ante el furioso \ndespertar del pueblo chileno. Y, de paso, hacer p\u00fablica las\n dudas que me genera el \u201cacuerdo\u201d logrado, a puertas cerradas entre el \ngobierno y la partidocracia, para poner fin a las protestas populares, \nrestablecer la \u201cpaz social\u201d (es decir, desmovilizar a la poblaci\u00f3n) y \navanzar hacia la creaci\u00f3n de una nueva constituci\u00f3n.<\/p>\n\n\n\n<p>En relaci\u00f3n al estallido social \nchileno hay que comenzar se\u00f1alando su car\u00e1cter realmente excepcional \n(por lo inesperado y arrollador) y ante el cual un maestro consumado en \nel manejo del lenguaje como el novelista peruano se qued\u00f3 sin palabras, \nestupefacto, at\u00f3nito. A la hora de caracterizar lo ocurrido s\u00f3lo atina a\n confesar que est\u00e1 en presencia de un hecho misterioso, enigm\u00e1tico, \nsorprendente. Es comprensible: la s\u00fabita toma de conciencia y la \nextraordinaria movilizaci\u00f3n de chilenas y chilenos fue un ca\u00f1onazo \npol\u00edtico mortal que destruy\u00f3 los vistosos artificios propagand\u00edsticos \ndel \u201cmodelo chileno\u201d y del cual Vargas Llosa fue su principal y m\u00e1s \neficaz apologista durante d\u00e9cadas.&nbsp; Pero ahora no encuentra palabras \npara explicar lo que para \u00e9l es un \u201cenigma sorprendente\u201d. No deber\u00eda \nllamarnos la atenci\u00f3n tama\u00f1a perplejidad cuando se observa el \nrudimentario instrumental te\u00f3rico y metodol\u00f3gico del que dispone y que \ns\u00f3lo le permite acceder a una comprensi\u00f3n muy superficial de los \nprocesos hist\u00f3ricos. A diferencia de los notables recursos con que \ncuenta para sus ficciones, a la hora de internarse en el an\u00e1lisis de la \nrealidad sus herramientas conceptuales son un revoltijo de los clich\u00e9s \nm\u00e1s convencionales del pensamiento burgu\u00e9s, forjados y difundidos \nmasivamente desde la segunda posguerra hasta nuestros d\u00edas. Un \npensamiento conservador y colonial, fervorosamente capitalista, \nrabiosamente anticomunista y cr\u00edtico de cualquier proceso social que se \naparte de la defensa irrestricta del orden social burgu\u00e9s o que insin\u00fae \nuna cr\u00edtica a la sociedad norteamericana, sus instituciones, valores y \npol\u00edticas. V\u00edctima de esta obtusa cosmovisi\u00f3n el capitalismo es \nconcebido como el remate virtuoso de la naturaleza esencialmente ego\u00edsta\n y adquisitiva del ser humano, y por lo tanto someterlo a discusi\u00f3n es \ntan f\u00fatil como insensato ser\u00eda tratar de persuadir a un pez de que \ndemasiada agua podr\u00eda ser lesiva para su salud. El imperialismo es una \npalabra prohibida y su existencia negada aprior\u00edsticamente: lo que hay \nes un mundo globalizado en el cual, al decir de Henry Kissinger, \n\u201cHonduras depende de las computadoras de Estados Unidos tanto como \u00e9ste \nde las bananas hondure\u00f1as\u201d.&nbsp; Huelgan los comentarios sobre este c\u00e9lebre \naforismo del criminal de guerra. Y de la lucha de clases y su papel como\n fuerza motriz de la historia no se puede ni hablar, como tampoco se \nadmitir\u00eda considerar la naturaleza clasista del estado. \u00bfC\u00f3mo comprender\n la realidad sin contar con estas categor\u00edas te\u00f3ricas?<\/p>\n\n\n\n<p>&nbsp;&nbsp;&nbsp; V\u00edctima\n de estas insanables limitaciones la lectura que el novelista peruano \nhace de la insurrecci\u00f3n popular chilena -que ya se prolonga por cuatro \nsemanas \u2013 ten\u00eda que resultar lo que fue: una torpe simplificaci\u00f3n en \ndonde un pueblo, y no s\u00f3lo las capas medias como \u00e9l dice, se rebela y \nenfrenta un feroz aparato represivo que al momento de escribir estas \nl\u00edneas hab\u00eda ya ocasionado veintitr\u00e9s muertos. Seg\u00fan el Instituto \nNacional de Derechos Humanos de ese pa\u00eds al d\u00eda de hoy, 17 de \nNoviembre,&nbsp; los detenidos por los Carabineros ascienden a 6.362 (759 de \nlos cuales son ni\u00f1os o adolescentes), 2.381 heridos de los cuales 866 \nfueron alcanzados por disparos de perdigones y 407 por arma de fuego no \nidentificada. Se estima que unas 250 personas perdieron un ojo durante \nlos incidentes.  Agr\u00e9guese a lo \nanterior decenas de desaparecidos, de hombres y mujeres violados por las\n \u201cfuerzas de seguridad\u201d y el ensa\u00f1amiento con que los represores les \ndisparaban perdigones y bombas de gases lacrim\u00f3genos a la cara&nbsp; y todo \nesto, supuestamente, \u2026 \u00a1porque el \u201cr\u00e9gimen\u201d de Sebasti\u00e1n Pi\u00f1era hab\u00eda \ndecretado un aumento de 30 pesos (unos 5 centavos de d\u00f3lares) en la \ntarifa del metro de Santiago! Revuelta absolutamente desproporcionada \nante la nimiedad del factor precipitante y a\u00fan m\u00e1s incomprensible en la \nmedida en que Vargas Llosa imagina a Chile como un pa\u00eds \u201ccasi\u201d \ndesarrollado, con&nbsp; un elevado ingreso per c\u00e1pita, una poblaci\u00f3n que \ndisfruta del pleno empleo y que ha sido bendecida por la afluencia de \ninversiones extranjeras. Todo este c\u00famulo de bondades se tradujo, seg\u00fan \nel novelista, en un \u201cdesarrollo extraordinario\u00bb\u201dy un r\u00e1pido crecimiento \ndel nivel de vida general de la poblaci\u00f3n. \u00bfC\u00f3mo explicar pues este \nestallido social?&nbsp;<\/p>\n\n\n\n<p>&nbsp;&nbsp;&nbsp; Se\n trata de un \u201checho misterioso\u201d, nos dice, que nada tiene que ver con \notros acontecimientos que signaron una \u201ccatastr\u00f3fica quincena\u201d en la \ncual se produjo la&nbsp; derrota de Mauricio Macri y el retorno de Cristina \nen la pol\u00edtica argentina, el \u201cfraude escandaloso en las elecciones \nbolivianas que permitir\u00e1n al demagogo&nbsp;Evo Morales&nbsp;eternizarse en el \npoder\u201d (otra calumnia imperdonable)&nbsp; y, poco antes, las \u201cagitaciones \nrevolucionarias de los ind\u00edgenas en Ecuador.\u201d S\u00ed se emparenta, en \ncambio, con la protesta de los \u201cchalecos amarillos\u201d en Francia: una \nreacci\u00f3n de una sociedad inclusiva pero cuyo Estado no logra impedir el \naumento de la desigualdad econ\u00f3mica y social. Por eso plantea, \nerr\u00f3neamente, que lo de Chile es \u201cuna movilizaci\u00f3n de clases medias\u201d \najena a las rebeliones latinoamericanas protagonizadas por quienes \u201cse \nsienten excluidos del sistema\u201d (\u00bfno lo est\u00e1n, acaso, con independencia \nde que&nbsp; adoctrinados por la ideolog\u00eda dominante no caigan en cuenta de \nello?). En Chile, contin\u00faa el novelista, \u201cnadie est\u00e1 excluido del \nsistema, aunque, desde luego, la disparidad entre los que tienen y los \nque apenas comienzan a tener algo sea grande. Pero esta distancia se ha \nreducido mucho en los \u00faltimos a\u00f1os.\u201d<\/p>\n\n\n\n<p>&nbsp;&nbsp;&nbsp; Es\n obvio que la afirmaci\u00f3n anterior s\u00f3lo es concebible en alguien que no \ntiene la m\u00e1s p\u00e1lida idea de lo que realmente ha venido ocurriendo en \nChile desde el derrocamiento de Salvador Allende hasta nuestros d\u00edas. \nDecir que en ese pa\u00eds \u201cnadie est\u00e1 excluido del sistema\u201d revela o bien un\n notable desconocimiento de los datos m\u00e1s elementales disponibles en \ninfinidad de estudios y publicaciones que retratan con elocuencia los \nalcances de la exclusi\u00f3n econ\u00f3mica y social y del gran aumento de la \ndesigualdad experimentado por Chile; o bien un empecinamiento ideol\u00f3gico\n que le impide tomar contacto con el mundo real. Excluidos son los \nmillones que no tienen acceso a la salud y la educaci\u00f3n p\u00fablicas, o a la\n seguridad social porque estos antiguos derechos se convirtieron en \ncostosas mercanc\u00edas gracias a las pol\u00edticas inauguradas por la dictadura\n del General Pinochet y profundizadas -\u00a1s\u00ed, profundizadas!- por \ngobiernos como los de la Concertaci\u00f3n o de la Nueva Mayor\u00eda que el autor\n de <strong><em>La Casa Verde<\/em><\/strong> \nconsidera a \u201cde izquierda\u201d.&nbsp; Asegura y se equivoca al decir que \u201cen 29 \na\u00f1os de democracia la derecha apenas ha gobernado cinco a\u00f1os y la \nizquierda -es decir, la Concertaci\u00f3n-, 24.\u201d Es incre\u00edble la fuerza que \ntiene la ideolog\u00eda para ofuscar la mente de un intelecto privilegiado \ncomo el de nuestro autor y llevarlo a creer que una serie de gobiernos \nque, repito, mantuvieron y profundizaron las pol\u00edticas de Pinochet, \npuedan ser caracterizados como \u201cde izquierda\u201d. As\u00ed como no percibe los \nalcances de la exclusi\u00f3n econ\u00f3mica y social existente en Chile y \nevidente para todos sus habitantes, que por eso salieron en masivas \nmanifestaciones de protesta d\u00eda tras d\u00eda, tampoco cae en la cuenta que \ngobiernos que privatizaron todo -desde el agua en sus fuentes de origen \nhasta el litoral chileno pasando por la salud, la educaci\u00f3n, la \nseguridad social y el transporte- y que convirtieron al mercado en el \n\u00e1rbitro inapelable de la distribuci\u00f3n de la riqueza y que hicieron de su\n sometimiento a los dictados de la Casa Blanca la estrella polar de su \npol\u00edtica exterior s\u00f3lo pueden ser caracterizados como de izquierda por \nun aficionado. Gobiernos que privatizaron buena parte de la producci\u00f3n \ndel cobre, que estaba en su totalidad en manos del Estado durante el \ngobierno de Salvador Allende y en la actualidad apenas resta el 31 por \nciento; que convirtieron a Chile en uno de los ocho pa\u00edses m\u00e1s \ndesiguales del mundo, compartiendo ese poco honorable lugar con Rwanda; \nque produjeron un fenomenal endeudamiento de los hogares chilenos \nobligados a pagar por servicios que antes eran parte constitutiva del \ncontrato social en su condici\u00f3n de ciudadanos. \u201cLa mayor\u00eda de quienes \napoyan la protesta son familias trabajadoras para las cuales la vida se \nha vuelto cada vez m\u00e1s cara\u201d \u2013observa un calificado analista de la \nrealidad chilena-&nbsp; \u201cy que deben soportar vivir en barrios inseguros, \ntrasladarse horas en condiciones de ganado para llegar al trabajo, usar \ncr\u00e9ditos de consumo para llegar a fin de mes y hacerse cargo de abuelos \ncon jubilaciones miserables.\u201d \nFrente a este demoledor diagn\u00f3stico el consejo del novelista es tan \nrotundo como absurdo: redoblar la medicina, aunque est\u00e9 matando al \npaciente. Por eso dice que lo peor ser\u00eda \u201cdar marcha atr\u00e1s -como piden \nalgunos enloquecidos que quisieran que Chile retrocediera hasta volverse\n una segunda Venezuela- en sus pol\u00edticas econ\u00f3micas, sino completar \nestas y enriquecerlas con reformas en la educaci\u00f3n p\u00fablica, la salud y \nlas pensiones.\u201d \u00bfY esto como se lograr\u00eda? \u00bfApelando a la sensibilidad, \nal altruismo de quienes han saqueado al pa\u00eds y su gente durante medio \nsiglo, s\u00fabitamente convertidos en buenas almas democr\u00e1ticas deseosas de \nestablecer la justicia social en la sociedad que ha ca\u00eddo bajo sus \ngarras? \u00bfPodr\u00e1n los lamentos y exhortaciones de Vargas Llosa obrar el \nmilagro de ablandar el coraz\u00f3n de quienes conforman el 1 por ciento m\u00e1s \nrico del pa\u00eds, que se apropia del 26 por ciento del ingreso nacional? La\n complaciente partidocracia que ha regenteado&nbsp; y coparticipado de este \nsaqueo, \u00bfabrazar\u00e1 ahora la causa de una real democratizaci\u00f3n de la vida \nchilena abriendo el paso a una Asamblea Constituyente que siente las \nbases de un r\u00e9gimen pol\u00edtico genuinamente post-pinochetista? \u00bfY qu\u00e9 \ndecir de los medios hegem\u00f3nicos, que han venido destilando un veneno \nparalizante y embotador de las conciencias durante d\u00e9cadas? \u00bfSe \nconvertir\u00e1n todos ellos en fervientes dem\u00f3cratas, ansiosos por fundar un\n orden basado en la recuperaci\u00f3n de los derechos ciudadanos y en la \ndesmercantilizaci\u00f3n de la salud, la educaci\u00f3n y la seguridad social, por\n mencionar tan s\u00f3lo lo m\u00e1s elemental?<\/p>\n\n\n\n<p>&nbsp;&nbsp;&nbsp; Las\n respuestas son obvias. Pero es preciso tener en cuenta que la gran \nmovilizaci\u00f3n popular est\u00e1 lejos de haber triunfado por completo. Los \nreflejos conservadores de una partidocracia que hace d\u00e9cadas usufruct\u00faa \ndel poder a su antojo y de un gobierno y una institucionalidad estatal \ndise\u00f1ados para frustrar el protagonismo ciudadano si bien se vieron \nsuperados por la crisis fueron capaces en los \u00faltimos d\u00edas de perge\u00f1ar \nuna respuesta tramposa que en apariencia recoge el clamor de la calle \npero que, en su esencia, contiene un Caballo de Troya que amenaza con \nfrustrar las heroicas jornadas de lucha y hacer que tanta muerte, dolor y\n vejaciones puedan haber sido en vano. En primer lugar, porque se \nposterga&nbsp; hasta Abril del pr\u00f3ximo a\u00f1o una elemental\u00edsima consulta \npopular con dos papeletas (\u00bfquiere usted una nueva constituci\u00f3n? \u00bfQu\u00e9 \ntipo de \u00f3rgano debiera redactar la nueva Constituci\u00f3n: Convenci\u00f3n Mixta \nConstitucional o Convenci\u00f3n Constitucional?) que podr\u00eda realizarse en \npocas semanas si existiera la voluntad pol\u00edtica de recoger el mensaje de\n las multitudinarias y heter\u00f3clitas protestas. Ante esto varios \ncomentarios: primero, n\u00f3tese que la expresi\u00f3n \u201cAsamblea Constituyente\u201d \nes eliminada de la comunicaci\u00f3n oficial, y esto no por casualidad. La \nexpresi\u00f3n siempre fue considerada peligros\u00edsima por la dirigencia \npol\u00edtica chilena desde hace m\u00e1s de un siglo, y lo actuado por el \ngobierno de Pi\u00f1era y sus compinches se inscribe en esa misma tradici\u00f3n. \nSegundo,&nbsp; que tampoco es casual que se proponga una f\u00f3rmula \u201cmixta\u201d en \ndonde la \u201cAsamblea Constituyente\u201d podr\u00eda estar compuesta por partes \niguales por representantes del voto popular y por los personeros de la \ncorrupta partidocracia gobernante, causante de la crisis, con lo cual \ntoda tentativa de cambio profundo ser\u00eda abortada de inmediato; tercero, \nque para una tan elemental consulta ciudadana deba esperarse nada menos \nque \u00a1cinco meses!, haciendo posible que en el intertanto el oficialismo y\n sus aliados puedan poner en pr\u00e1ctica toda clase de tramoyas tendientes a\n burlar la voluntad popular.&nbsp;&nbsp;<\/p>\n\n\n\n<p>Es en raz\u00f3n de lo anterior as\u00ed como \ndel hecho de que este arreglo pomposamente bautizado como \u201cAcuerdo por \nla Paz Social y la Nueva Constituci\u00f3n\u201d haya sido plasmado de espaldas al\n pueblo que el mismo haya sido&nbsp; enf\u00e1ticamente rechazado por la Unidad \nSocial, entidad que agrupa a m\u00e1s de 200 organizaciones de base que \nestuvieron en las calles y plazas y cuya voz, previsiblemente, no fue \nescuchada por el gobierno y los partidos c\u00f3mplices de su accionar. Es \npreciso reconocer, no obstante, que hubo unos pocos partidos o l\u00edneas \ndentro de las fuerzas de izquierda (el partido Comunista, algunas \nfracciones del&nbsp; Partido Socialista y del Frente Amplio) que se oponen a \nese arreglo y que, por eso mismo, gozan de un reconocimiento social que \nlas otras tiendas pol\u00edticas no tienen. En el documento que fundamenta su\n rechazo categ\u00f3rico a aquel engendro \u201cgatopardista\u201d, donde algo cambia \npara que todo siga igual, la Unidad Social denuncia el \u201cqu\u00f3rum elevado \nque perpet\u00faa el veto de las minor\u00edas; la discriminaci\u00f3n de menores de 18\n a\u00f1os, protagonistas notables de las luchas; no se contempla mecanismo \nalguno de participaci\u00f3n plurinacional y de paridad de g\u00e9nero y, por \n\u00faltimo, establece un mecanismo de representaci\u00f3n y elecci\u00f3n que es \nfuncional a los partidos pol\u00edticos, que han sido responsables de la \nactual crisis pol\u00edtico y social\u201d. Por ello no sorprende el llamado de \nese enorme conglomerado de movimientos sociales a proseguir la lucha con\n huelgas y jornadas de protesta para hacer realidad las consignas que \nmovilizaron durante semanas a millones de chilenas y chilenos. Sin duda \nque se ha abierto una ventana de oportunidad, que ser\u00eda imprudente \ndespreciar. Es cierto que lo viejo no termina de morir, aunque su muerte\n ser\u00e1 inevitable m\u00e1s pronto que tarde. El tan afamado \u201cmodelo chileno\u201d, \nalabado por todo el pensamiento neoliberal y sus agentes (FMI, Banco \nMundial, los grandes medios de comunicaci\u00f3n, una abrumadora mayor\u00eda de \nla colonizada academia, etc\u00e9tera) como la \u00fanica v\u00eda correcta para salir \ndel desarrollo y la dictadura yace en ruinas y no habr\u00e1 poder humano \ncapaz de resucitarlo. Resta por ver qu\u00e9 es lo que la creatividad, la \nconciencia, la capacidad de organizaci\u00f3n y de lucha de las grandes \nmayor\u00edas nacionales ser\u00e1n capaces de inventar para dejar definitivamente\n atr\u00e1s una oscura p\u00e1gina de la historia chilena.&nbsp;&nbsp;<\/p>\n","protected":false},"excerpt":{"rendered":"<p>Atilio A. Boron El tr\u00e1gico golpe de estado en Bolivia me apart\u00f3 moment\u00e1neamente del cuidadoso seguimiento que ven\u00eda haciendo de la heroica lucha del pueblo chileno por darse una constituci\u00f3n democr\u00e1tica y decididamente pos-pinochetista y por construir una sociedad justa e igualitaria. Prosegu\u00ed pese a ello consultando las fuentes y conversando y chateando con muchas [&hellip;]<\/p>\n","protected":false},"author":1,"featured_media":754,"comment_status":"open","ping_status":"open","sticky":false,"template":"","format":"standard","meta":{"footnotes":""},"categories":[5,3],"tags":[],"_links":{"self":[{"href":"http:\/\/www.movimientocaamanista.com\/index.php?rest_route=\/wp\/v2\/posts\/753"}],"collection":[{"href":"http:\/\/www.movimientocaamanista.com\/index.php?rest_route=\/wp\/v2\/posts"}],"about":[{"href":"http:\/\/www.movimientocaamanista.com\/index.php?rest_route=\/wp\/v2\/types\/post"}],"author":[{"embeddable":true,"href":"http:\/\/www.movimientocaamanista.com\/index.php?rest_route=\/wp\/v2\/users\/1"}],"replies":[{"embeddable":true,"href":"http:\/\/www.movimientocaamanista.com\/index.php?rest_route=%2Fwp%2Fv2%2Fcomments&post=753"}],"version-history":[{"count":1,"href":"http:\/\/www.movimientocaamanista.com\/index.php?rest_route=\/wp\/v2\/posts\/753\/revisions"}],"predecessor-version":[{"id":755,"href":"http:\/\/www.movimientocaamanista.com\/index.php?rest_route=\/wp\/v2\/posts\/753\/revisions\/755"}],"wp:featuredmedia":[{"embeddable":true,"href":"http:\/\/www.movimientocaamanista.com\/index.php?rest_route=\/wp\/v2\/media\/754"}],"wp:attachment":[{"href":"http:\/\/www.movimientocaamanista.com\/index.php?rest_route=%2Fwp%2Fv2%2Fmedia&parent=753"}],"wp:term":[{"taxonomy":"category","embeddable":true,"href":"http:\/\/www.movimientocaamanista.com\/index.php?rest_route=%2Fwp%2Fv2%2Fcategories&post=753"},{"taxonomy":"post_tag","embeddable":true,"href":"http:\/\/www.movimientocaamanista.com\/index.php?rest_route=%2Fwp%2Fv2%2Ftags&post=753"}],"curies":[{"name":"wp","href":"https:\/\/api.w.org\/{rel}","templated":true}]}}