{"id":761,"date":"2019-11-20T00:37:41","date_gmt":"2019-11-20T00:37:41","guid":{"rendered":"http:\/\/www.movimientocaamanista.com\/?p=761"},"modified":"2019-11-20T00:37:42","modified_gmt":"2019-11-20T00:37:42","slug":"el-engendro-neoliberal-y-los-progresismos","status":"publish","type":"post","link":"http:\/\/www.movimientocaamanista.com\/?p=761","title":{"rendered":"EL ENGENDRO NEOLIBERAL Y LOS PROGRESISMOS"},"content":{"rendered":"\n<p>Narciso Isa Conde<\/p>\n\n\n\n<figure class=\"wp-block-image is-resized\"><img loading=\"lazy\" decoding=\"async\" src=\"http:\/\/www.movimientocaamanista.com\/wp-content\/uploads\/2019\/11\/Diablo.jpg\" alt=\"\" class=\"wp-image-762\" width=\"454\" height=\"484\" srcset=\"http:\/\/www.movimientocaamanista.com\/wp-content\/uploads\/2019\/11\/Diablo.jpg 300w, http:\/\/www.movimientocaamanista.com\/wp-content\/uploads\/2019\/11\/Diablo-281x300.jpg 281w\" sizes=\"(max-width: 454px) 100vw, 454px\" \/><\/figure>\n\n\n\n<p><strong>\u201cSolo esconden sus garras destructivas cuando la\nderecha que gobierna y la oposici\u00f3n que quiere serlo, como engendros de su\nestrategia, asumen ambas el modelo re-colonizador y corrupto que le conviene<\/strong>\u201d<strong><\/strong><\/p>\n\n\n\n<p>La clase dominante-gobernante que se\nha conformado durante tres d\u00e9cadas de restructuraci\u00f3n neoliberal del\ncapitalismo, bajo el mando de lo que se ha engendrado como poder transnacional\nen el centro estadounidense del sistema mundial, repele violentamente cualquier\nproyecto de gobierno que implique&nbsp; algo\nde soberan\u00eda, redistribuci\u00f3n de ingresos y reformas; es decir, algo&nbsp; -y peor si es mucho- de lo que se ha\ndenominado como opci\u00f3n \u201cprogresista\u201d, \u201creformista\u201d o \u201creformadora\u201d.<\/p>\n\n\n\n<p>Las formulas que no quedan dentro su\nabsoluto control son tan satanizadas y violentadas como las revoluciones\nradicales.<\/p>\n\n\n\n<p>El imperialismo occidental de estos\ntiempos, incluidos sus poderes subalternos en el mundo dependiente, no tiene un\nmodelo alterno a los intereses, ideolog\u00eda, cultura y mafias pol\u00edticas,\nempresariales, eclesiales y militares que han generado un brutal proceso de\nconcentraci\u00f3n de riquezas y poder de decisi\u00f3n mediante la privatizaci\u00f3n de todo\nlo p\u00fablico y social, y a trav\u00e9s de la recolonizaci\u00f3n basada en los anti-valores\nde la supremac\u00eda blanca, el discurso \u00fanico y la depredaci\u00f3n de la madre tierra\na nombre del progreso y la civilizaci\u00f3n.<\/p>\n\n\n\n<p>El engendro creado implica convertir\ntodo en mercanc\u00eda, privatizar el Estado y la pol\u00edtica, entronizar la\ncorruptela, negar soberan\u00eda, estimular todo tipo de racismo y xenofobia,\npervertir pol\u00edticamente las religiones, manipular a su favor los fanatismos y\nfundamentalismos, imponer el imperio de la mentira a niveles nunca antes\nsimilares y apelar a su acumulado bestial al interior de los cuerpos castrenses\ny la delincuencia.<\/p>\n\n\n\n<ul><li><strong>VIOLENCIA Y\nM\u00c1S VIOLENCIA \/ GOLPE TRAS GOLPE<\/strong>.<\/li><\/ul>\n\n\n\n<p>No hay t\u00e9rmino medio.<\/p>\n\n\n\n<p>Cuando pierden el control del\ngobierno, act\u00faan violentamente con ese arsenal perverso como oposici\u00f3n: caso Venezuela\nbolivariana.<\/p>\n\n\n\n<p>Cuando logran desestabilizar lo que\nno controlan, operan con una sa\u00f1a bestial desde su nuevo ejercicio\ngubernamental: caso Bolivia post derrocamiento de Gobierno Evo.<\/p>\n\n\n\n<p>Cuando la indignaci\u00f3n popular amenaza\nla estabilidad de su dominio, vuelcan todas sus alima\u00f1as y todos sus odios\ncontra el pueblo movilizado: como pasa ahora en Chile por decidirse su pueblo a\najustar cuentas contra su vetusto y nefasto neoliberalismo y como pasa tambi\u00e9n\nen el caso de la rebeld\u00eda anticolonial del pueblo haitiano.<\/p>\n\n\n\n<p>Solo esconden sus garras destructivas\ncuando la derecha que gobierna y la oposici\u00f3n que quiere serlo, como engendros\nde su estrategia, asumen ambas el modelo re-colonizador y corrupto que les\nconviene: como pasa &nbsp;ahora en nuestra\nRep\u00fablica Dominicana y otros pa\u00edses del \u00e1rea.<\/p>\n\n\n\n<p>&nbsp;<strong>As\u00ed, un\ncambio moderado (con menos capacidad de defensa), que deja en pie al gran\ncapital y sus instrumentos pol\u00edticos, ideol\u00f3gicos y culturales, paga\npr\u00e1cticamente similares represalias imperialistas que un cambio que implique\ntransformaciones m\u00e1s radicales en el plano pol\u00edtico, econ\u00f3mico, social y\ncultural.<\/strong><\/p>\n\n\n\n<ul><li><strong>REFLEXI\u00d3N\nOBLIGATORIA.<\/strong><\/li><\/ul>\n\n\n\n<p>Y esto, a la luz de las respectivas\ncrisis recurrentes de gobernabilidad, tanto de las opciones de centro-izquierda\ncomo de derecha y ultraderecha\u2026 a la luz de la alta inestabilidad de las olas y\ncontra-olas de cambios pol\u00edticos y reformas, obliga a reflexionar sobre la\nnecesidad y el modo de pasar a una fase de nuevas transformaciones&nbsp; estructurales, capaces de arrancar de ra\u00edz el\npoder del capitalismo dependiente, neoliberal y &nbsp;gangsterizado, que gravita determinantemente\ncontra los procesos cambios, ya sea ejerciendo gobierno o actuando desde la\noposici\u00f3n anti-gubernamental.<\/p>\n\n\n\n<p>&nbsp;En esa direcci\u00f3n hay que decir que esta \u00e9poca,\nm\u00e1s que la de ayer, no permite que los procesos transformadores acepten\ntranquilamente el monopolio de las armas al servicio de las derechas\ncontra-reformistas y contra-revolucionarias y de su poder econ\u00f3mico-social. <\/p>\n\n\n\n<p>Esa relaci\u00f3n amerita ya ser\nsustancialmente cambiada.<\/p>\n\n\n\n<p>Igual hay que redefinir arbitrajes y\nalianzas, tanto en lo nacional, como en lo internacional. <\/p>\n\n\n\n<p>De una vez por todas hay que\ndescartar y enterrar a la OEA y otras instancias parecidas para ese tipo de roles\ny entender que en este tipo de pelea debe haber vencidos y vencedores, porque\nlas reconciliaciones no pasan de ser ilusiones fr\u00e1giles y pasajeras.<\/p>\n\n\n\n<p>Los reveses son \u00fatiles cuando se\nemplea lo acumulado para transformarlos en nuevas victorias de mayor\nprofundidad, a plena conciencia que la decadente dominaci\u00f3n de EEUU y aliados\nno tiene formulas para imponerse, sin que la indignaci\u00f3n convertida en fuerza\ntransformadora deje de crecer; realidad&nbsp;\nque por s\u00ed sola no basta, pero ayuda mucho a todo lo dem\u00e1s. <\/p>\n\n\n\n<p>La oportunidad no est\u00e1 cerrada para\nlas nuevas revoluciones populares de orientaci\u00f3n socialista.<\/p>\n","protected":false},"excerpt":{"rendered":"<p>Narciso Isa Conde \u201cSolo esconden sus garras destructivas cuando la derecha que gobierna y la oposici\u00f3n que quiere serlo, como engendros de su estrategia, asumen ambas el modelo re-colonizador y corrupto que le conviene\u201d La clase dominante-gobernante que se ha conformado durante tres d\u00e9cadas de restructuraci\u00f3n neoliberal del capitalismo, bajo el mando de lo que [&hellip;]<\/p>\n","protected":false},"author":1,"featured_media":762,"comment_status":"open","ping_status":"open","sticky":false,"template":"","format":"standard","meta":{"footnotes":""},"categories":[5,3],"tags":[],"_links":{"self":[{"href":"http:\/\/www.movimientocaamanista.com\/index.php?rest_route=\/wp\/v2\/posts\/761"}],"collection":[{"href":"http:\/\/www.movimientocaamanista.com\/index.php?rest_route=\/wp\/v2\/posts"}],"about":[{"href":"http:\/\/www.movimientocaamanista.com\/index.php?rest_route=\/wp\/v2\/types\/post"}],"author":[{"embeddable":true,"href":"http:\/\/www.movimientocaamanista.com\/index.php?rest_route=\/wp\/v2\/users\/1"}],"replies":[{"embeddable":true,"href":"http:\/\/www.movimientocaamanista.com\/index.php?rest_route=%2Fwp%2Fv2%2Fcomments&post=761"}],"version-history":[{"count":1,"href":"http:\/\/www.movimientocaamanista.com\/index.php?rest_route=\/wp\/v2\/posts\/761\/revisions"}],"predecessor-version":[{"id":764,"href":"http:\/\/www.movimientocaamanista.com\/index.php?rest_route=\/wp\/v2\/posts\/761\/revisions\/764"}],"wp:featuredmedia":[{"embeddable":true,"href":"http:\/\/www.movimientocaamanista.com\/index.php?rest_route=\/wp\/v2\/media\/762"}],"wp:attachment":[{"href":"http:\/\/www.movimientocaamanista.com\/index.php?rest_route=%2Fwp%2Fv2%2Fmedia&parent=761"}],"wp:term":[{"taxonomy":"category","embeddable":true,"href":"http:\/\/www.movimientocaamanista.com\/index.php?rest_route=%2Fwp%2Fv2%2Fcategories&post=761"},{"taxonomy":"post_tag","embeddable":true,"href":"http:\/\/www.movimientocaamanista.com\/index.php?rest_route=%2Fwp%2Fv2%2Ftags&post=761"}],"curies":[{"name":"wp","href":"https:\/\/api.w.org\/{rel}","templated":true}]}}