{"id":7623,"date":"2022-10-06T11:03:51","date_gmt":"2022-10-06T11:03:51","guid":{"rendered":"http:\/\/www.movimientocaamanista.com\/?p=7623"},"modified":"2022-10-06T11:03:52","modified_gmt":"2022-10-06T11:03:52","slug":"quien-es-giorgia-meloni-la-mujer-que-ha-llevado-a-la-ultraderecha-al-triunfo-en-italia","status":"publish","type":"post","link":"http:\/\/www.movimientocaamanista.com\/?p=7623","title":{"rendered":"Qui\u00e9n es Giorgia Meloni, la mujer que ha llevado a la ultraderecha al triunfo en Italia"},"content":{"rendered":"\n<p>Mariangela Paone<\/p>\n\n\n\n<p>Fuente: <a href=\"https:\/\/rebelion.org\/quien-es-giorgia-meloni-la-mujer-que-ha-llevado-a-la-ultraderecha-al-triunfo-en-italia\/\">Rebeli\u00f3n<\/a><\/p>\n\n\n\n<p>A sus 45 a\u00f1os, la l\u00edder de Hermanos de Italia se prepara para ser primera ministra tras tres d\u00e9cadas de vida pol\u00edtica y una militancia que empez\u00f3 tocando a las puertas del partido fundado por los nost\u00e1lgicos de Mussolini.<\/p>\n\n\n\n<p>\u00bfQui\u00e9n es Giorgia Meloni? \u00bfQui\u00e9n es la mujer&nbsp;<a href=\"https:\/\/www.eldiario.es\/internacional\/ultraderecha-giorgia-meloni-gana-elecciones-italia-sondeos-pie-urna_1_9568267.html\">que se prepara para liderar el futuro Gobierno de Italia<\/a>? La pregunta resuena en Italia y en el extranjero desde hace semanas, desde que, tras la ca\u00edda del Gobierno de Draghi, su partido, Hermanos de Italia, se afianzaba como la ganadora de las elecciones. \u00bfQui\u00e9n es Giorgia Meloni? \u00bfLa mujer del discurso incendiario en el mitin de Marbella de Vox o la l\u00edder de una derecha europea y atlantista que se ha presentado a las entrevistas en televisi\u00f3n? \u00bfEs la secretaria de un partido que considera a los nost\u00e1lgicos del fascismo los \u201ctontos \u00fatiles de la izquierda\u201d, como dijo en alguna ocasi\u00f3n, o la que se desga\u00f1ita gritando en un mitin que sue\u00f1a \u201ccon una naci\u00f3n en la que las personas que han tenido que bajar la cabeza durante muchos a\u00f1os, fingiendo que la pensaban de otra manera para que no les echaran, puedan decir lo que piensan y no perder su trabajo por esto\u201d? \u00bfEs la \u201cmujer m\u00e1s peligrosa de Europa\u201d, como dec\u00eda la \u00faltima portada del semanal alem\u00e1n&nbsp;<em>Stern<\/em>, o la pol\u00edtica que promete mantener la unidad europea sobre las sanciones a Putin, el apoyo a Ucrania y el v\u00ednculo con la OTAN?<\/p>\n\n\n\n<p>La&nbsp;<a href=\"https:\/\/www.eldiario.es\/internacional\/guia-elecciones-encumbrar-ultraderecha-giorgia-meloni-italia_1_9312000.html\">campa\u00f1a electoral corta y al mismo tiempo largu\u00edsima<\/a>&nbsp;ha sido para Meloni un juego de equilibro para no decepcionar a la militancia, pero tambi\u00e9n para evitar tropiezos cuando el viento soplaba a favor. Han sido semanas para vender una imagen de moderaci\u00f3n que convenciera dentro y, sobre todo, fuera de Italia. Una labor que Meloni empez\u00f3 en realidad hace mucho tiempo, mucho antes de que se produjera la ca\u00edda del Gobierno de Draghi y el adelanto electoral que la ha llevado al triunfo. Hace un poco m\u00e1s de un a\u00f1o, esta mujer que ahora tiene 45 a\u00f1os public\u00f3 su propia biograf\u00eda para contar \u201cen primera persona qui\u00e9n soy, qu\u00e9 es lo que creo y c\u00f3mo he llegado hasta aqu\u00ed\u201d. Una biograf\u00eda y un manifiesto pol\u00edtico donde est\u00e1n, casi palabra por palabra, las frases repetidas en decenas de m\u00edtines y entrevistas. El libro se titula&nbsp;<em>Io sono Giorgia<\/em>, aquel \u201cyo soy Giorgia\u201d con el que arrancaba la frase \u201cyo soy Giorgia, soy una mujer, soy una madre, soy cristiana\u201d que Meloni grit\u00f3 en un mitin de 2019 y al que dos disyoqueis pusieron m\u00fasica con el intento de mofarse de ella, convirti\u00e9ndola en cambio en un \u00e9xito bailado en las discotecas de toda Italia.<\/p>\n\n\n\n<p>El efecto bumer\u00e1n anunciaba el nacimiento de Giorgia, la&nbsp;<em>influencer<\/em>, la l\u00edder que habla de s\u00ed misma en el libro, tuteando a los lectores con preguntas y comentarios directos sembrados a lo largo del texto, como si se tratara de un di\u00e1logo o del mon\u00f3logo de un actor que habla a su p\u00fablico en el teatro. No son detalles menores, porque en la forma en la que est\u00e1 construida esta biograf\u00eda hay muchas claves del \u00e9xito del \u2018fen\u00f3meno Meloni\u2019, aunque sea un fen\u00f3meno cultivado en 30 a\u00f1os de actividad pol\u00edtica. \u201cDicen que damos miedo. \u00bfA qui\u00e9n le damos miedo? \u00bfOs doy miedo?\u201d, dijo el pasado jueves en el cierre de la campa\u00f1a electoral en Roma, el primero donde ella era la l\u00edder y los gregarios de la coalici\u00f3n, el papel que le hab\u00eda tocado hasta ahora, eran otros.<\/p>\n\n\n\n<h3 class=\"wp-block-heading\">Tres d\u00e9cadas de militancia<\/h3>\n\n\n\n<p>Un largo recorrido que empez\u00f3 en 1992,&nbsp;<a href=\"https:\/\/www.eldiario.es\/internacional\/barrio-izquierdas-crio-giorgia-meloni-no-ganar-no-ponemos-mano-fuego_1_9553447.html\">cuando una quincea\u00f1era Meloni<\/a>&nbsp;toc\u00f3 a la puerta de la secci\u00f3n juvenil del Movimento Sociale Italiano, el partido fundado tras la II Guerra Mundial por los que hab\u00edan sido hasta el final secuaces de Mussolini. Aquel local, en el n\u00famero 8 de v\u00eda Guendalina Borghese, es ahora una sede de Hermanos de Italia, en la Garbatella \u2014en Roma, donde naci\u00f3 en 1977\u2014 el barrio de izquierdas donde Giorgia Meloni se crio. \u201cAll\u00ed encontr\u00e9 a mi segunda familia. Ciertamente m\u00e1s numerosa que la de origen\u201d, cuenta en el libro, que arranca con el recuerdo de las llamas que envolvieron su casa que ella y su hermana incendiaron por accidente mientras jugaban.<\/p>\n\n\n\n<p>Cap\u00edtulo tras cap\u00edtulo, los detalles m\u00e1s \u00edntimos de su vida se entrelazan con la defensa del ideario de su partido. Y as\u00ed, el abandono sufrido por parte de su padre que, cuando ella era a\u00fan una ni\u00f1a, se subi\u00f3 a un barco rumbo a Canarias y nunca volvi\u00f3, se convierte en una de las razones que la empuja a rechazar la adopci\u00f3n para las parejas homosexuales o las personas solas. O el relato de la decisi\u00f3n de su madre de no abortar, como se hab\u00eda planteado cuando se qued\u00f3 embarazada de ella, abre la explicaci\u00f3n sobre su visi\u00f3n de la actual ley de aborto en Italia. Meloni ha repetido en m\u00e1s de una ocasi\u00f3n que no quiere modificar esa norma sino aplicar la parte que habla de \u201cprevenci\u00f3n\u201d. Pero obvia la realidad de un pa\u00eds donde el derecho a abortar se ve comprometido porque dos ginec\u00f3logos de cada tres se declara objetor de conciencia y en regiones como Las Marcas, gobernada precisamente por Hermanos de Italia, se ha restringido el plazo para la suministraci\u00f3n de la p\u00edldora abortiva RU-486.<\/p>\n\n\n\n<p>A los veranos pasados en Canarias, obligada junto a la hermana a compartir unas semanas con su progenitor, atribuye su familiaridad con el espa\u00f1ol, el idioma en el que se expres\u00f3 durante el discurso del mitin de Vox en Marbella del pasado junio al que todos se han referido en estos meses para desmontar su imagen de moderaci\u00f3n. En espa\u00f1ol, ingl\u00e9s y franc\u00e9s, habl\u00f3 en un v\u00eddeo al comienzo de la campa\u00f1a para decir que el fascismo era cosa del pasado y que estaba \u201clista\u201d para gobernar, \u201cle guste o no a la izquierda\u201d. \u201cPronti\u201d, listos, ha sido el lema de la campa\u00f1a. Ella se viene preparando toda la vida y no lo niega. Dice que sonr\u00ede cuando oye decir \u201cla Meloni es una que estudia\u201d. Quien la recuerda en sus a\u00f1os juveniles, cuando lideraba las protestas contra la reforma educativa promovida por el gobierno democristiano de le \u00e9poca, disput\u00e1ndole a la izquierda el monopolio de la contestaci\u00f3n, habla de ella como de una chica decidida y lista.<\/p>\n\n\n\n<h3 class=\"wp-block-heading\">\u201cDios, patria y familia\u201d<\/h3>\n\n\n\n<p>Cuando Meloni entr\u00f3 en el partido, la secci\u00f3n juvenil del MSI se llamaba Frente de la Juventud, luego pas\u00f3 a denominarse Acci\u00f3n J\u00f3venes, cuando Gianfranco Fini a mediados de los noventa transform\u00f3 el partido en Alianza Nacional, llamando al fascismo \u201cmal absoluto\u201d y entrando as\u00ed en el primer Gobierno de Silvio Berlusconi. La herencia del pasado, sin embargo, a\u00fan quedaba. En agosto&nbsp;<a rel=\"noreferrer noopener\" href=\"https:\/\/www.youtube.com\/watch?v=3QFUV59jDaY\" target=\"_blank\">un sitio franc\u00e9s recuper\u00f3 y public\u00f3 el v\u00eddeo de una Meloni<\/a>, por aquel entonces de 19 a\u00f1os, que dec\u00eda que Mussolini hab\u00eda sido \u201cun buen pol\u00edtico\u201d, y que no hab\u00eda habido otros como \u00e9l en los \u00faltimos 50 a\u00f1os. El s\u00edmbolo del Frente de la Juventud era una mano que sujetaba una antorcha con el tricolor de la bandera italiana y con, peque\u00f1as modificaciones, es pr\u00e1cticamente el mismo de la secci\u00f3n juvenil de Hermanos de Italia, en cuyo logotipo sigue apareciendo la misma llama verde, blanca y roja que hab\u00eda en el s\u00edmbolo del MSI. As\u00ed como \u201cDios, patria y familia\u201d sigue siendo un eslogan que la l\u00edder de Hermanos de Italia defiende y reivindica.<\/p>\n\n\n\n<p>\u201cLos nost\u00e1lgicos del fascismo son los tontos \u00fatiles de la izquierda\u201d, reitera sin embargo Meloni. Lo hizo en una entrevista al&nbsp;<em>Corriere della Sera<\/em>&nbsp;hace un a\u00f1o cuando una investigaci\u00f3n period\u00edstica sac\u00f3 a la luz las relaciones de un destacado miembros del partido con grupos radicales neofascistas. Y lo ha vuelto a repetir, con otras palabras, en una campa\u00f1a electoral donde un candidato de su partido ha sido expulsado en Sicilia por celebrar a Hitler en las redes sociales y otro destacado miembro de la formaci\u00f3n, hermano del dirigente Ignacio La Russa, hizo el saludo romano en el funeral de un militante y se justific\u00f3 diciendo que era la voluntad del difunto.<\/p>\n\n\n\n<h3 class=\"wp-block-heading\">Ministra de la Juventud<\/h3>\n\n\n\n<p>Meloni se convirti\u00f3 en la l\u00edder de la secci\u00f3n juvenil de Alianza nacional en 2004. Dos a\u00f1os despu\u00e9s, cuando ten\u00eda 29 a\u00f1os, era ya vicepresidenta de la C\u00e1mara. En 2008, cuando AN se hab\u00eda ya fundido con Forza Italia y Berlusconi gan\u00f3 la elecciones con el Pueblo de la Libertad, ella entr\u00f3 como ministra de la Juventud en un Gobierno necesitado de caras nuevas. No era una cartera muy importante, pero le dio visibilidad. Y ella sigui\u00f3 estudiando. Fueron los a\u00f1os de la Gran Recesi\u00f3n, de la prima de riesgo desbocada y de una experiencia de Gobierno que acaba con Berlusconi fuera y un Ejecutivo t\u00e9cnico liderado por el excomisario europeo Mario Monti. Es all\u00ed cuando Meloni decidi\u00f3 que hab\u00eda que emprender un nuevo camino o, seg\u00fan se mire, retomar el viejo.<\/p>\n\n\n\n<p>Junto a otros compa\u00f1eros, funda una nueva formaci\u00f3n cuyo nombre son las primeras tres palabras del himno nacional: Hermanos de Italia. En las \u00faltimas elecciones generales, en 2018, super\u00f3 por poco el 4 por ciento. Luego llegaron las europeas de 2019, con un 6,4 por ciento. Un a\u00f1o despu\u00e9s estaba ya presidiendo el grupo de los Conservadores y Reformistas Europeos, al que tambi\u00e9n pertenecen Vox, el polaco Ley y Justicia, los conservadores brit\u00e1nicos o el partido extremista sueco Dem\u00f3cratas Suecos. Estos son sus aliados internacionales, entre los que Vox tiene un lugar especial, el \u201cpartido hermano gemelo\u201d de Fdi, lo que define Meloni, quien en una entrevista a EFE dijo que desea que su triunfo en Italia abra el camino para sus aliados en Espa\u00f1a. A esta red de relaciones internacionales hay que a\u00f1adir el h\u00fangaro Victor Orban, que en 2019 fue el invitado especial de Atreju, la manifestaci\u00f3n pol\u00edtica del partido que se celebra cada a\u00f1o y por la que han pasado pol\u00edticos de todos los colores. \u201cEn tantos a\u00f1os fue el momento m\u00e1s emocionante\u201d, dijo Meloni.<\/p>\n\n\n\n<p>Atreju es el personaje de&nbsp;<em>La Historia interminable<\/em>&nbsp;-el libro de Michael Ende, que inspir\u00f3 la pel\u00edcula con el mismo t\u00edtulo- que luchaba contra la Nada que prosperaba porque \u201cla gente hab\u00eda renunciado a esperar y olvidad sus propios sue\u00f1os\u201d. Es una de las muchas referencias al mundo&nbsp;<em>fantasy<\/em>. Meloni menciona a menudo a Tolkien as\u00ed como a escritores como Gilbert Keith Chesterton con su famosa frase \u201cllegar\u00e1 el d\u00eda en el que tendremos que desenvainar las espadas para demostrar que en verano la hierba es verde\u201d. Pero tambi\u00e9n cita a canciones de artistas identificados con la izquierda italiana como Francesco Guccini o Francesco de Gregori. Hay quien la ha criticado por haber sembrado su biograf\u00eda de citas que parecen sacadas a beneficios de Instagram, y que quedar\u00edan bien en las redes sociales de cualquiera. Pero, entre una cita de Victor Hugo y una de Pasolini, en las p\u00e1ginas donde se habla de inmigraci\u00f3n y de bloqueo naval en el Mediterr\u00e1neo, la cr\u00edtica a la globalizaci\u00f3n y al multiculturalismo desliza hacia las teor\u00edas de sustituci\u00f3n \u00e9tnica tan populares en la extrema derecha en este y en el otro lado del Atl\u00e1ntico.<\/p>\n\n\n\n<h3 class=\"wp-block-heading\">\u201cEnemigos \u00fatiles\u201d<\/h3>\n\n\n\n<p>Meloni habla de su adolescencia de chica obesa, que sufri\u00f3 acoso por eso y que de ello sac\u00f3 partido. \u201cMe puse a r\u00e9gimen y perd\u00ed 10 kilos en tres meses\u201d, escribe. \u201cAprend\u00ed que los enemigos son \u00fatiles\u201d. Rodeadas en el partido por un grupo de fieles que atraves\u00f3 junto a ella la historia de la derecha posfascista \u2014como su mano derecha Francesco Lollobrigida que es tambi\u00e9n el marido de su hermana\u2014 ha ido construyendo el \u00e9xito del partido del que es \u201cel\u201d presidente. As\u00ed, declinado al masculino, es como aparece en las notas de las formaci\u00f3n: el presidente y no la presidente. Meloni siempre ha dicho que \u201cno es feminista\u201d y que no le gustan las&nbsp;<em>cuotas rosas<\/em>&nbsp;porque \u201clas mujeres no son un panda en v\u00eda de extinci\u00f3n\u201d<\/p>\n\n\n\n<p>Ahora, se prepara para ser la primera mujer en sentarse en Palazzo Chigi, donde ha llegado manteni\u00e9ndose en la oposici\u00f3n durante los \u00faltimos cuatro a\u00f1os, en los que ha visto c\u00f3mo se desinflaba el fen\u00f3meno Salvini y c\u00f3mo su partido crec\u00eda. Muchos la han votado para \u201cprobar otra cosa m\u00e1s, tras haberlo visto todo\u201d. La campa\u00f1a electoral ha acabado, las urnas han llevado a ella y a su partido el triunfo que esperaban y \u201cel d\u00eda despu\u00e9s\u201d ser\u00e1 el momento de ver qui\u00e9n es realmente Giorgia Meloni. \u201cSi consiguiera limar estos defectos \u2014escribe en su biograf\u00eda, refiri\u00e9ndose tambi\u00e9n al tono de sus intervenciones en los m\u00edtines\u2014 seguramente mi imagen se beneficiar\u00eda. Pero, \u00bfser\u00eda verdaderamente yo? En el fondo, creo que un personaje p\u00fablico no pueda mentir. En el largo plazo no puedes esconder quien eres, para bien y para mal. Y tampoco es justo hacerlo. La gente tiene que creer en ti por lo que realmente eres, no lo que finjas ser. Y de todas formas, el bluf, antes o despu\u00e9s, siempre acaba descubri\u00e9ndose. He visto a muchos pol\u00edticos \u201dconstruidos\u201c, que tienen una cara y un alma en p\u00fablico y luego se deforman en cuanto se apagan los focos. Nunca han durado\u201d.&nbsp;<\/p>\n","protected":false},"excerpt":{"rendered":"<p>Mariangela Paone Fuente: Rebeli\u00f3n A sus 45 a\u00f1os, la l\u00edder de Hermanos de Italia se prepara para ser primera ministra tras tres d\u00e9cadas de vida pol\u00edtica y una militancia que empez\u00f3 tocando a las puertas del partido fundado por los nost\u00e1lgicos de Mussolini. \u00bfQui\u00e9n es Giorgia Meloni? \u00bfQui\u00e9n es la mujer&nbsp;que se prepara para liderar [&hellip;]<\/p>\n","protected":false},"author":1,"featured_media":7624,"comment_status":"open","ping_status":"open","sticky":false,"template":"","format":"standard","meta":{"footnotes":""},"categories":[5,3],"tags":[],"_links":{"self":[{"href":"http:\/\/www.movimientocaamanista.com\/index.php?rest_route=\/wp\/v2\/posts\/7623"}],"collection":[{"href":"http:\/\/www.movimientocaamanista.com\/index.php?rest_route=\/wp\/v2\/posts"}],"about":[{"href":"http:\/\/www.movimientocaamanista.com\/index.php?rest_route=\/wp\/v2\/types\/post"}],"author":[{"embeddable":true,"href":"http:\/\/www.movimientocaamanista.com\/index.php?rest_route=\/wp\/v2\/users\/1"}],"replies":[{"embeddable":true,"href":"http:\/\/www.movimientocaamanista.com\/index.php?rest_route=%2Fwp%2Fv2%2Fcomments&post=7623"}],"version-history":[{"count":1,"href":"http:\/\/www.movimientocaamanista.com\/index.php?rest_route=\/wp\/v2\/posts\/7623\/revisions"}],"predecessor-version":[{"id":7625,"href":"http:\/\/www.movimientocaamanista.com\/index.php?rest_route=\/wp\/v2\/posts\/7623\/revisions\/7625"}],"wp:featuredmedia":[{"embeddable":true,"href":"http:\/\/www.movimientocaamanista.com\/index.php?rest_route=\/wp\/v2\/media\/7624"}],"wp:attachment":[{"href":"http:\/\/www.movimientocaamanista.com\/index.php?rest_route=%2Fwp%2Fv2%2Fmedia&parent=7623"}],"wp:term":[{"taxonomy":"category","embeddable":true,"href":"http:\/\/www.movimientocaamanista.com\/index.php?rest_route=%2Fwp%2Fv2%2Fcategories&post=7623"},{"taxonomy":"post_tag","embeddable":true,"href":"http:\/\/www.movimientocaamanista.com\/index.php?rest_route=%2Fwp%2Fv2%2Ftags&post=7623"}],"curies":[{"name":"wp","href":"https:\/\/api.w.org\/{rel}","templated":true}]}}