{"id":7858,"date":"2022-11-15T11:04:42","date_gmt":"2022-11-15T11:04:42","guid":{"rendered":"http:\/\/www.movimientocaamanista.com\/?p=7858"},"modified":"2022-12-09T02:30:43","modified_gmt":"2022-12-09T02:30:43","slug":"un-decreto-neo-fascista","status":"publish","type":"post","link":"http:\/\/www.movimientocaamanista.com\/?p=7858","title":{"rendered":"UN DECRETO  NEO-FASCISTA"},"content":{"rendered":"\n<p>En un contexto viciado por la xenofobia y el racismo anti-haitiano, en el marco de show escenificado entre Abinader y el Comisionado de la ONU, el poder Ejecutivo a emitido el decreto  668-22 que se refiere a posesi\u00f3n ilegal de  propiedades p\u00fablicas y privadas por \u201cextranjeros\u201d.<\/p>\n\n\n\n<p>Es un decreto ma\u00f1oso, tramposo, canalla, trujillista\u2026<\/p>\n\n\n\n<p>Habr\u00eda que ser muy tonto para no entender lo que en ese Decreto significan las palabras extranjeros, invasiones, ocupaciones\u2026, obviamente referidas a la relaci\u00f3n entre poblaci\u00f3n negra,  inmigrantes haitianos indocumentados y territorio, solares, parcelas, negocitos, viviendas, barriadas en bateyes y ciudades\u2026<\/p>\n\n\n\n<p>No hay que ser un genio para darse cuenta que el mismo apunta contra los\/as inmigrantes haitianos y sus descendientes establecidos en el pa\u00eds. <br> Ese decreto no est\u00e1 destinado a  perseguir, expropiar apresar y deportar a los Vicini, Fanjul, Busto, Cisneros, Consorcios Transnacionales depredadores y dem\u00e1s  grandes usurpadores de terrenos y riquezas de esta Naci\u00f3n.<\/p>\n\n\n\n<p>Implica m\u00e1s bien despojar de bienes a  los inmigrantes y a la poblaci\u00f3n negra radicada aqu\u00ed para debilitar los v\u00ednculos de las familias con el territorio y facilitar expulsi\u00f3n y no retorno, con tendencia a la llamada \u201climpieza \u00e9tnica\u201d y a las crueles represiones.<\/p>\n\n\n\n<p>La UNIDAD POLICIAL ESPECIALIZADA no es para detectar y apresar elites sociales  extranjeras, o mafias de otras nacionalidades; f\u00e1cilmente localizables.<\/p>\n\n\n\n<p>Es para criminalizar la migraci\u00f3n haitiana y reforzar las recetas neofascistas en el tema migratorio.<\/p>\n\n\n\n<p>Procede, pues, una fuerte condena al r\u00e9gimen que preside Abinader y al sistema tradicional de partido comprometido con el racismo anti-haitiano,  una intensa resistencia por los derechos de los migrantes haitianos y su descendencia, y un despliegue de solidaridad mundial con los reclamos de soberan\u00eda y democracia del pueblo haitiano.<\/p>\n\n\n\n<p><br>                Por la Coordinaci\u00f3n Central: Narciso Isa Conde <\/p>\n","protected":false},"excerpt":{"rendered":"<p>En un contexto viciado por la xenofobia y el racismo anti-haitiano, en el marco de show escenificado entre Abinader y el Comisionado de la ONU, el poder Ejecutivo a emitido el decreto 668-22 que se refiere a posesi\u00f3n ilegal de propiedades p\u00fablicas y privadas por \u201cextranjeros\u201d. Es un decreto ma\u00f1oso, tramposo, canalla, trujillista\u2026 Habr\u00eda que [&hellip;]<\/p>\n","protected":false},"author":1,"featured_media":228,"comment_status":"open","ping_status":"open","sticky":false,"template":"","format":"standard","meta":{"footnotes":""},"categories":[24,5,16],"tags":[],"_links":{"self":[{"href":"http:\/\/www.movimientocaamanista.com\/index.php?rest_route=\/wp\/v2\/posts\/7858"}],"collection":[{"href":"http:\/\/www.movimientocaamanista.com\/index.php?rest_route=\/wp\/v2\/posts"}],"about":[{"href":"http:\/\/www.movimientocaamanista.com\/index.php?rest_route=\/wp\/v2\/types\/post"}],"author":[{"embeddable":true,"href":"http:\/\/www.movimientocaamanista.com\/index.php?rest_route=\/wp\/v2\/users\/1"}],"replies":[{"embeddable":true,"href":"http:\/\/www.movimientocaamanista.com\/index.php?rest_route=%2Fwp%2Fv2%2Fcomments&post=7858"}],"version-history":[{"count":1,"href":"http:\/\/www.movimientocaamanista.com\/index.php?rest_route=\/wp\/v2\/posts\/7858\/revisions"}],"predecessor-version":[{"id":7859,"href":"http:\/\/www.movimientocaamanista.com\/index.php?rest_route=\/wp\/v2\/posts\/7858\/revisions\/7859"}],"wp:featuredmedia":[{"embeddable":true,"href":"http:\/\/www.movimientocaamanista.com\/index.php?rest_route=\/wp\/v2\/media\/228"}],"wp:attachment":[{"href":"http:\/\/www.movimientocaamanista.com\/index.php?rest_route=%2Fwp%2Fv2%2Fmedia&parent=7858"}],"wp:term":[{"taxonomy":"category","embeddable":true,"href":"http:\/\/www.movimientocaamanista.com\/index.php?rest_route=%2Fwp%2Fv2%2Fcategories&post=7858"},{"taxonomy":"post_tag","embeddable":true,"href":"http:\/\/www.movimientocaamanista.com\/index.php?rest_route=%2Fwp%2Fv2%2Ftags&post=7858"}],"curies":[{"name":"wp","href":"https:\/\/api.w.org\/{rel}","templated":true}]}}